{"id":516476,"date":"2025-11-06T18:17:14","date_gmt":"2025-11-06T18:17:14","guid":{"rendered":"https:\/\/www.europesays.com\/fr\/516476\/"},"modified":"2025-11-06T18:17:14","modified_gmt":"2025-11-06T18:17:14","slug":"pourquoi-le-festival-de-musique-antifa-fest-a-t-il-ete-retire-du-pass-culture","status":"publish","type":"post","link":"https:\/\/www.europesays.com\/fr\/516476\/","title":{"rendered":"Pourquoi le festival de musique Antifa Fest a-t-il \u00e9t\u00e9 retir\u00e9 du Pass Culture\u00a0?"},"content":{"rendered":"<p> \u00abLe rendez-vous incontournable des cultures <a href=\"https:\/\/www.20minutes.fr\/dossier\/antifa\" class=\"c-link c-link--is-underlined\" target=\"_blank\" rel=\"noopener\">antifa<\/a>scistes est de retour pour deux soir\u00e9es de f\u00eate, de musique et de r\u00e9sistance\u00a0!\u00a0\u00bb, est-il \u00e9crit sur le site de la Rayonne, \u00e0 <a href=\"https:\/\/www.20minutes.fr\/dossier\/villeurbanne\" class=\"c-link c-link--is-underlined\" target=\"_blank\" rel=\"noopener\">Villeurbanne<\/a>, pr\u00e8s de <a href=\"https:\/\/www.20minutes.fr\/lyon\/\" class=\"c-link c-link--is-underlined\" target=\"_blank\" rel=\"noopener\">Lyon<\/a>, qui accueille l\u2019\u00e9v\u00e9nement le mois prochain. Comme &#8211; presque &#8211; chaque ann\u00e9e, le festival, \u00ab\u00a0n\u00e9 en\u00a02013 face \u00e0 la mont\u00e9e de l\u2019extr\u00eame droite lyonnaise et aux agressions fascistes\u00a0\u00bb, am\u00e8ne avec lui <a href=\"https:\/\/www.20minutes.fr\/societe\/3117179-20210906-villeurbanne-wauquiez-veut-supprimer-subventions-cco-apres-video-festival-antifa-insultant-police\" class=\"c-link c-link--is-underlined\" target=\"_blank\" rel=\"noopener\">son lot de pol\u00e9miques.<\/a><\/p>\n<blockquote class=\"twitter-tweet\" align=\"center\" data-lang=\"fr_FR\">\n<p lang=\"fr\" dir=\"ltr\">\ud83d\udd34 Un concert Antifa et anti-police financ\u00e9 par le Pass culture! <\/p>\n<p>Rappelez-vous, en janvier 2025, je r\u00e9v\u00e9lais qu\u2019avec le pass culture (300M\u20ac d\u2019argent public), on pouvait se rendre \u00e0 la f\u00eate de l\u2019Huma ou \u00e0 un concert anti-Bollor\u00e9, mais pas au Puy du fou.<\/p>\n<p>Mais il y a encore\u2026 <a href=\"https:\/\/t.co\/jdksyUGWUF\">pic.twitter.com\/jdksyUGWUF<\/a><\/p>\n<p>\u2014 Anne Sicard (@AnneSicard1) <a href=\"https:\/\/twitter.com\/AnneSicard1\/status\/1985241603078774858?ref_src=twsrc%5Etfw\" target=\"_blank\" rel=\"noopener\">November 3, 2025<\/a><\/p><\/blockquote>\n<p class=\"mb-xxl@xs color-ultramarine font-weight-semi-bold@xs font-source-serif-pro heading-s@xs\">L\u2019acc\u00e8s \u00e0 ce contenu a \u00e9t\u00e9 bloqu\u00e9 afin de respecter votre choix de consentement<\/p>\n<p class=\"mb-m@xs text-l@xs\">En cliquant sur\u00ab J\u2019accepte \u00bb, vous acceptez le d\u00e9p\u00f4t de cookies par des services externes et aurez ainsi acc\u00e8s aux contenus de nos partenaires.<\/p>\n<p class=\"mb-xl@xs text-s@xs\">Plus d\u2019informations sur la page<a href=\"https:\/\/www.20minutes.fr\/gestion-cookies\" class=\"mx-xxs@xs color-ultramarine\" target=\"_blank\" rel=\"noopener\">Politique de gestion des cookies<\/a><\/p>\n<p>J\u2019accepte<\/p>\n<p>\u00ab\u00a0Un concert Antifa et anti-police financ\u00e9 par le Pass culture\u00a0!\u00a0\u00bb, a ainsi publi\u00e9 lundi, sur ses r\u00e9seaux, Anne Sicard, \u00e9lue d\u2019extr\u00eame droite du Val-d\u2019Oise. Elle a alors demand\u00e9 \u00e0 la ministre de la Culture, Rachida Dati, de \u00ab\u00a0retirer ce concert de la honte de la programmation du Pass Culture\u00a0\u00bb. La d\u00e9put\u00e9e et candidate RN aux \u00e9lections m\u00e9tropolitaines \u00e0 Lyon<a href=\"https:\/\/x.com\/Tiffany_Joncour\/status\/1984980805249356032\" rel=\"nofollow\" target=\"_blank\" class=\"c-link c-link--is-underlined\"> Tiffany Joncour <\/a>a rench\u00e9ri dans une nouvelle publication\u00a0: \u00ab\u00a0Le Pass Culture, financ\u00e9 par nos imp\u00f4ts, permet d\u2019acc\u00e9der \u00e0\u2026 l\u2019Antifa Fest \u00e0 Lyon\u00a0! Voil\u00e0 donc ce que le gouvernement consid\u00e8re comme \u00a0\u00bbculture\u00a0\u00bb\u00a0?\u00a0\u00bb.<\/p>\n<p>\u00ab\u00a0Aucun incident\u00a0\u00bb en douze ans d\u2019organisation<\/p>\n<p>Le candidat aux municipales &#8211; soutenu par le Rassemblement national &#8211;<a href=\"https:\/\/x.com\/a_dupalais\/status\/1985413662098489509\" rel=\"nofollow\" target=\"_blank\" class=\"c-link c-link--is-underlined\">Alexandre Dupalais<\/a> avait, quant \u00e0 lui, demand\u00e9 \u00e0 la pr\u00e9fecture du Rh\u00f4ne \u00ab\u00a0l\u2019interdiction rapide de ce festival anti-France\u00a0\u00bb.<\/p>\n<p class=\"mb-xxl@xs color-ultramarine font-weight-semi-bold@xs font-source-serif-pro heading-s@xs\">L\u2019acc\u00e8s \u00e0 ce contenu a \u00e9t\u00e9 bloqu\u00e9 afin de respecter votre choix de consentement<\/p>\n<p class=\"mb-m@xs text-l@xs\">En cliquant sur\u00ab J\u2019accepte \u00bb, vous acceptez le d\u00e9p\u00f4t de cookies par des services externes et aurez ainsi acc\u00e8s aux contenus de nos partenaires.<\/p>\n<p class=\"mb-xl@xs text-s@xs\">Plus d\u2019informations sur la page<a href=\"https:\/\/www.20minutes.fr\/gestion-cookies\" class=\"mx-xxs@xs color-ultramarine\" target=\"_blank\" rel=\"noopener\">Politique de gestion des cookies<\/a><\/p>\n<p>J\u2019accepte<\/p>\n<p>Deux jours apr\u00e8s, le Lyon Antifafest a indiqu\u00e9 sur ses r\u00e9seaux que l\u2019acc\u00e8s au Pass Culture n\u2019\u00e9tait plus disponible, \u00ab\u00a0sans avoir \u00e9t\u00e9 pr\u00e9venu\u00a0\u00bb. L\u2019organisation, invit\u00e9e sur le plateau de <a href=\"https:\/\/www.bfmtv.com\/lyon\/replay-emissions\/bonsoir-lyon\/video-le-lyon-antifa-fest-exclu-du-pass-culture-on-ne-sait-pas-d-ou-ca-vient-ni-pourquoi_VN-202511050886.html\" rel=\"nofollow noopener\" target=\"_blank\" class=\"c-link c-link--is-underlined\">BFM<\/a>TV, a rappel\u00e9 qu\u2019il n\u2019y avait pourtant \u00ab\u00a0jamais eu aucun incident, aucun probl\u00e8me au sein et en marge de l\u2019\u00e9v\u00e9nement\u00a0\u00bb.<\/p>\n<p>\u00ab\u00a0Dire qu\u2019on est anti-France parce que sur notre affiche, on est contre toutes les formes de discriminations, on n\u2019a effectivement pas les m\u00eames valeurs de la France, r\u00e9pond-elle. Et ce n\u2019est pas un festival anti-policiers mais contre les violences polici\u00e8res.\u00a0\u00bb<\/p>\n<p>Contact\u00e9e par 20 Minutes, la pr\u00e9fecture du Rh\u00f4ne a confirm\u00e9 qu\u2019elle avait \u00ab\u00a0sollicit\u00e9 le retrait de ce festival du Pass Culture\u00a0\u00bb. \u00ab\u00a0Cela a \u00e9t\u00e9 fait par le minist\u00e8re de la Culture\u00a0\u00bb, indique-t-elle. De son c\u00f4t\u00e9, l\u2019application Pass Culture pr\u00e9cise que les services de l\u2019Etat ont \u00ab\u00a0signal\u00e9 cette offre comme susceptible de pr\u00e9senter un risque de troubles \u00e0 l\u2019ordre public\u00a0\u00bb. \u00ab\u00a0La SAS pass Culture a suspendu, en lien avec le minist\u00e8re de la Culture, sa disponibilit\u00e9 \u00e0 la r\u00e9servation dans l\u2019attente d\u2019une \u00e9valuation\u00a0: d\u2019une part, de la conformit\u00e9 de l\u2019offre au cadre r\u00e9glementaire et juridique du pass Culture\u00a0; d\u2019autre part, en lien avec la Pr\u00e9fecture, du risque de troubles \u00e0 l\u2019ordre public\u00a0\u00bb, d\u00e9taille-t-elle.<\/p>\n<p>\u00ab\u00a0Peur\u00a0\u00bb de voir une interdiction tomber<\/p>\n<p>Sur le plateau de BFMTV, le repr\u00e9sentant du festival a \u00e9galement partag\u00e9 sa peur, \u00ab\u00a0comme chaque ann\u00e9e malheureusement, qu\u2019une interdiction tombe\u00a0\u00bb alors que le Lyon Antifafest est \u00ab\u00a0simplement une association culturelle avec des valeurs de gauche\u00a0\u00bb. Les services de la pr\u00e9fecture ont indiqu\u00e9 \u00ab\u00a0\u00e9valuer les risques de troubles \u00e0 l\u2019ordre public et que toutes les options sont ouvertes.\u00a0\u00bb<\/p>\n<p>Pour le Lyon Antifafest, le plus grave avec cette d\u00e9cision, c\u2019est \u00ab\u00a0le message envoy\u00e9\u00a0\u00bb. En plus de \u00ab\u00a0priver une jeunesse aux revenus pr\u00e9caires d\u2019un acc\u00e8s facilit\u00e9 \u00e0 un \u00e9v\u00e9nement culturel et populaire\u00a0\u00bb, cette mesure montre qu\u2019une \u00ab\u00a0coalition des extr\u00eames droites parvient \u00e0 d\u00e9cider ce qui est culturel ou non\u00a0\u00bb, \u00e9crit-il dans un communiqu\u00e9. \u00ab\u00a0Le pouvoir en place a c\u00e9d\u00e9 en moins de 24 heures aux exigences de l\u2019extr\u00eame droite\u00a0\u00bb, ajoute-t-il, s\u2019inqui\u00e9tant de voir le gouvernement imposer dans le futur \u00ab\u00a0ce que la jeunesse doit voir, lire ou comprendre\u00a0\u00bb.<\/p>\n<p>Sur ses r\u00e9seaux, le festival a demand\u00e9 \u00ab\u00a0le r\u00e9tablissement de l\u2019acc\u00e8s au Pass Culture\u00a0\u00bb. Il conclut en donnant \u00ab\u00a0rendez-vous les 11, 12 et 13\u00a0d\u00e9cembre 2025\u00a0\u00bb pour la 12e \u00e9dition de l\u2019\u00e9v\u00e9nement avec, au programme, les artistes Moscow Death Brigade, Po\u00e9sie Z\u00e9ro et Goulamas\u2019k, COSTA, La Gale, L\u2019Allemand et Da Uzi. La place est \u00e0 28,60 euros sur <a href=\"https:\/\/www.instagram.com\/p\/DQr7Z4igkri\/\" rel=\"nofollow noopener\" target=\"_blank\" class=\"c-link c-link--is-underlined\">Shotgun<\/a>. Sans acc\u00e8s au Pass culture les ann\u00e9es pr\u00e9c\u00e9dentes, le festival a souvent affich\u00e9 complet.<\/p>\n<p><script async src=\"https:\/\/platform.twitter.com\/widgets.js\" charset=\"utf-8\"><\/script><script async src=\"\/\/www.instagram.com\/embed.js\"><\/script><\/p>\n","protected":false},"excerpt":{"rendered":"\u00abLe rendez-vous incontournable des cultures antifascistes est de retour pour deux soir\u00e9es de f\u00eate, de musique et de&hellip;\n","protected":false},"author":2,"featured_media":516477,"comment_status":"","ping_status":"","sticky":false,"template":"","format":"standard","meta":{"footnotes":""},"categories":[1889],"tags":[1111,11,20427,2430,1697,251,58,1777,674,849,1011,27,4074,2428,873,12,25,2429,2431],"class_list":{"0":"post-516476","1":"post","2":"type-post","3":"status-publish","4":"format-standard","5":"has-post-thumbnail","7":"category-lyon","8":"tag-actu","9":"tag-actualites","10":"tag-antifa","11":"tag-auvergne-rhone-alpes","12":"tag-concert","13":"tag-culture","14":"tag-divertissement","15":"tag-eu","16":"tag-europe","17":"tag-festival","18":"tag-fr","19":"tag-france","20":"tag-jeunes","21":"tag-lyon","22":"tag-musique","23":"tag-news","24":"tag-republique-francaise","25":"tag-rhone","26":"tag-rhone-alpes"},"share_on_mastodon":{"url":"https:\/\/pubeurope.com\/@fr\/115504129183964222","error":""},"_links":{"self":[{"href":"https:\/\/www.europesays.com\/fr\/wp-json\/wp\/v2\/posts\/516476","targetHints":{"allow":["GET"]}}],"collection":[{"href":"https:\/\/www.europesays.com\/fr\/wp-json\/wp\/v2\/posts"}],"about":[{"href":"https:\/\/www.europesays.com\/fr\/wp-json\/wp\/v2\/types\/post"}],"author":[{"embeddable":true,"href":"https:\/\/www.europesays.com\/fr\/wp-json\/wp\/v2\/users\/2"}],"replies":[{"embeddable":true,"href":"https:\/\/www.europesays.com\/fr\/wp-json\/wp\/v2\/comments?post=516476"}],"version-history":[{"count":0,"href":"https:\/\/www.europesays.com\/fr\/wp-json\/wp\/v2\/posts\/516476\/revisions"}],"wp:featuredmedia":[{"embeddable":true,"href":"https:\/\/www.europesays.com\/fr\/wp-json\/wp\/v2\/media\/516477"}],"wp:attachment":[{"href":"https:\/\/www.europesays.com\/fr\/wp-json\/wp\/v2\/media?parent=516476"}],"wp:term":[{"taxonomy":"category","embeddable":true,"href":"https:\/\/www.europesays.com\/fr\/wp-json\/wp\/v2\/categories?post=516476"},{"taxonomy":"post_tag","embeddable":true,"href":"https:\/\/www.europesays.com\/fr\/wp-json\/wp\/v2\/tags?post=516476"}],"curies":[{"name":"wp","href":"https:\/\/api.w.org\/{rel}","templated":true}]}}