{"id":516480,"date":"2025-11-06T18:20:13","date_gmt":"2025-11-06T18:20:13","guid":{"rendered":"https:\/\/www.europesays.com\/fr\/516480\/"},"modified":"2025-11-06T18:20:13","modified_gmt":"2025-11-06T18:20:13","slug":"paris-a-cause-de-nicolas-sarkozy-les-agents-de-la-prison-de-la-sante-sont-inondes-de-lettres-damour","status":"publish","type":"post","link":"https:\/\/www.europesays.com\/fr\/516480\/","title":{"rendered":"Paris. \u00c0 cause de Nicolas Sarkozy, les agents de la prison de la Sant\u00e9 sont inond\u00e9s de lettres d&rsquo;amour"},"content":{"rendered":"<p>            Par<br \/>\n        <strong><br \/>\n            <a href=\"https:\/\/actu.fr\/auteur\/thomas-rideau\" title=\"Consulter tous les articles de Thomas Rideau\" target=\"_blank\" rel=\"noopener\">Thomas Rideau<\/a><br \/>\n        <\/strong><\/p>\n<p>        Publi\u00e9 le<\/p>\n<p>            6 nov. 2025 \u00e0 18h57        <\/p>\n<p>Nicolas Sarkozy est toujours bien pr\u00e9sent <strong>dans le c\u0153ur de certains Fran\u00e7ais<\/strong>. Depuis son incarc\u00e9ration \u00e0 la prison de la <a href=\"https:\/\/actu.fr\/tag\/prison-de-la-sante\" target=\"_blank\" rel=\"noopener\">Sant\u00e9 (Paris)<\/a> le 21 octobre 2025, dans le cadre de l\u2019affaire des <a href=\"https:\/\/actu.fr\/societe\/financement-libyen-prison-amendes-les-peines-requises-contre-nicolas-sarkozy-et-11-autres-prevenus_63207318.html\" target=\"_blank\" rel=\"noopener\">financements libyens<\/a>, l\u2019ancien pr\u00e9sident de la R\u00e9publique est le destinataire de (tr\u00e8s) nombreuses <strong>lettres<\/strong> de soutien, comme le r\u00e9v\u00e8le <a href=\"https:\/\/www.europe1.fr\/politique\/info-europe-1-jdnews-des-milliers-de-lettres-de-soutien-envoyees-a-nicolas-sarkozy-a-la-prison-de-la-sante-870086\" target=\"_blank\" rel=\"noopener\">Europe 1<\/a>.<\/p>\n<p>\u00ab\u2009Profond\u00e9ment touch\u00e9\u2009\u00bb<\/p>\n<p class=\" wall-content\">Des tonnes de papier avec des mots d\u2019encouragement. Pr\u00e8s de <strong>1\u2009000 lettres par jour<\/strong> arrivent directement \u00e0 la prison et sont r\u00e9ceptionn\u00e9es par les agents de la Sant\u00e9 avant d\u2019\u00eatre renvoy\u00e9es au secr\u00e9tariat de <a href=\"https:\/\/actu.fr\/tag\/nicolas-sarkozy\" target=\"_blank\" rel=\"noopener\">Nicolas Sarkozy<\/a>. Parmi ces mots, on retrouve aussi des cadeaux, signalent nos confr\u00e8res. Notamment des chapelets et des bibles, mais aussi des livres ou des friandises.<\/p>\n<p class=\" wall-content\">L\u2019ancien pr\u00e9sident a fait savoir qu\u2019il \u00e9tait<strong> \u00ab\u2009profond\u00e9ment touch\u00e9\u2009\u00bb<\/strong> par autant de gestes d\u2019attention. Et a m\u00eame fait une promesse\u2009: aucune lettre ne restera sans r\u00e9ponse. D\u2019autant plus que l\u2019ancien pr\u00e9sident va peut-\u00eatre <a href=\"https:\/\/actu.fr\/politique\/sa-demande-de-liberte-examinee-tres-bientot-nicolas-sarkozy-beneficie-t-il-d-un-passe-droit-de-la-justice_63379338.html\" target=\"_blank\" rel=\"noopener\">bient\u00f4t quitter<\/a> les murs de la Sant\u00e9.<\/p>\n<p class=\" wall-content\">\n<p class=\" wall-content\">Personnalisez votre actualit\u00e9 en ajoutant vos villes et m\u00e9dias en favori avec <a href=\"https:\/\/moncompte.actu.fr\" title=\"D\u00e9couvez Mon Actu\" rel=\"nofollow noopener\" data-trk=\"{&quot;cta&quot;:{&quot;action&quot;:&quot;https:\\\/\\\/moncompte.actu.fr&quot;,&quot;category&quot;:&quot;mon compte&quot;,&quot;from&quot;:&quot;article footer&quot;,&quot;name&quot;:&quot;Mon actu&quot;,&quot;type&quot;:&quot;cta&quot;}}\" target=\"_blank\">Mon Actu<\/a>.<\/p>\n","protected":false},"excerpt":{"rendered":"Par Thomas Rideau Publi\u00e9 le 6 nov. 2025 \u00e0 18h57 Nicolas Sarkozy est toujours bien pr\u00e9sent dans le&hellip;\n","protected":false},"author":2,"featured_media":516481,"comment_status":"","ping_status":"","sticky":false,"template":"","format":"standard","meta":{"footnotes":""},"categories":[1888],"tags":[1111,1928,11,1927,1777,674,1011,27,1757,303,12,1926,3091,626,1925,45344,25],"class_list":{"0":"post-516480","1":"post","2":"type-post","3":"status-publish","4":"format-standard","5":"has-post-thumbnail","7":"category-paris","8":"tag-actu","9":"tag-actu-paris","10":"tag-actualites","11":"tag-actualites-paris","12":"tag-eu","13":"tag-europe","14":"tag-fr","15":"tag-france","16":"tag-insolite","17":"tag-justice","18":"tag-news","19":"tag-news-paris","20":"tag-nicolas-sarkozy","21":"tag-paris","22":"tag-paris-news","23":"tag-prison-de-la-sante","24":"tag-republique-francaise"},"share_on_mastodon":{"url":"https:\/\/pubeurope.com\/@fr\/115504141047235084","error":""},"_links":{"self":[{"href":"https:\/\/www.europesays.com\/fr\/wp-json\/wp\/v2\/posts\/516480","targetHints":{"allow":["GET"]}}],"collection":[{"href":"https:\/\/www.europesays.com\/fr\/wp-json\/wp\/v2\/posts"}],"about":[{"href":"https:\/\/www.europesays.com\/fr\/wp-json\/wp\/v2\/types\/post"}],"author":[{"embeddable":true,"href":"https:\/\/www.europesays.com\/fr\/wp-json\/wp\/v2\/users\/2"}],"replies":[{"embeddable":true,"href":"https:\/\/www.europesays.com\/fr\/wp-json\/wp\/v2\/comments?post=516480"}],"version-history":[{"count":0,"href":"https:\/\/www.europesays.com\/fr\/wp-json\/wp\/v2\/posts\/516480\/revisions"}],"wp:featuredmedia":[{"embeddable":true,"href":"https:\/\/www.europesays.com\/fr\/wp-json\/wp\/v2\/media\/516481"}],"wp:attachment":[{"href":"https:\/\/www.europesays.com\/fr\/wp-json\/wp\/v2\/media?parent=516480"}],"wp:term":[{"taxonomy":"category","embeddable":true,"href":"https:\/\/www.europesays.com\/fr\/wp-json\/wp\/v2\/categories?post=516480"},{"taxonomy":"post_tag","embeddable":true,"href":"https:\/\/www.europesays.com\/fr\/wp-json\/wp\/v2\/tags?post=516480"}],"curies":[{"name":"wp","href":"https:\/\/api.w.org\/{rel}","templated":true}]}}