{"id":516496,"date":"2025-11-06T18:28:12","date_gmt":"2025-11-06T18:28:12","guid":{"rendered":"https:\/\/www.europesays.com\/fr\/516496\/"},"modified":"2025-11-06T18:28:12","modified_gmt":"2025-11-06T18:28:12","slug":"quand-il-ny-pas-dinteret-pour-le-dialogue-%f0%9f%94%b4-info-libertaire","status":"publish","type":"post","link":"https:\/\/www.europesays.com\/fr\/516496\/","title":{"rendered":"Quand il n\u2019y pas d\u2019int\u00e9r\u00eat pour le dialogue \u2013 \ud83d\udd34 Info Libertaire"},"content":{"rendered":"<p><\/p>\n<p><a href=\"https:\/\/abc-belarus.org\/en\/2025\/10\/28\/when-there-is-no-interest-in-dialogue-abc-belarus-once-again-excluded-from-the-book-fair-in-berlin\/\" target=\"_blank\" rel=\"noopener\">Anarchist Black Cross Belarus<\/a> \/ mardi 28 octobre 2025<\/p>\n<p><strong>Quand il n\u2019y pas d\u2019int\u00e9r\u00eat pour le dialogue \u2013 L\u2019ABC B\u00e9larus exclue une fois de plus de la foire du livre de Berlin<\/strong><\/p>\n<p><a href=\"https:\/\/attaque.noblogs.org\/files\/2025\/11\/dialogue.png\" target=\"_blank\" rel=\"noopener\">Il y a un an et demi, nous avons publi\u00e9 un long texte intitul\u00e9 \u00ab <a href=\"https:\/\/attaque.noblogs.org\/post\/2024\/05\/13\/belarus-quand-lideologie-fait-obstacle-a-la-solidarite\/\" target=\"_blank\" rel=\"noopener\">Quand l\u2019id\u00e9ologie fait obstacle \u00e0 la solidarit\u00e9<\/a> \u00bb, sur la mani\u00e8re dont certains groupes anarchistes de diff\u00e9rents pays d\u2019Europe occidentale manipulent les faits pour exclure les anarchistes d\u2019Europe de l\u2019Est des discussions sur la guerre en Ukraine.<\/p>\n<p><\/p>\n<p>Depuis lors, malheureusement, la situation a empir\u00e9 et la popularit\u00e9 des vieilles perspectives antimilitaristes et pacifistes n\u2019a fait que cro\u00eetre, au sein du mouvement anarchiste d\u2019Europe occidentale. Ce mois-ci, nous avons re\u00e7u un autre refus, de Berlin, concernant notre participation \u00e0 la foire du livre anarchiste, dont les organisateur.trices ont soulign\u00e9 qu\u2019elles\/ils n\u2019avaient aucun lien avec le groupe organisateur de l\u2019\u00e9dition de l\u2019ann\u00e9e derni\u00e8re.<br \/>Par souci de transparence\u00a0: nous \u00e9tions bien conscient.es de la forte probabilit\u00e9 d\u2019un refus, avant de soumettre notre candidature pour cette foire du livre. D\u2019un c\u00f4t\u00e9, nous avons \u00e9t\u00e9 agr\u00e9ablement surpris.ses que le refus ne soit pas arriv\u00e9 sous la forme d\u2019une seule phrase impolie, comme la derni\u00e8re fois, mais avec des arguments d\u00e9taill\u00e9s. Cependant, les arguments pr\u00e9sent\u00e9s dans la lettre nous ont encore plus d\u00e9concert\u00e9.es que les tentatives de nous accuser de soutenir la guerre, ce qui avaient fait les organisateur.trices de la foire du livre anarchiste de l\u2019ann\u00e9e derni\u00e8re.<\/p>\n<p><strong>\u00ab\u00a0Nous avons termin\u00e9 ici, nos pouvoirs s\u2019arr\u00eatent ici\u2026\u00a0\u00bb<\/strong><\/p>\n<p>Les organisateur.trices ont cit\u00e9 \u00ab le manque de confiance envers le collectif ABC [B\u00e9larus], en raison de nombreuses, pr\u00e9c\u00e9dentes violations d\u2019accords avec d\u2019autres collectifs \u00bb comme \u00e9tant la raison principale de leur refus, bien qu\u2019ils\/elles aient aussi mentionn\u00e9 le fait qu\u2019elles\/ils consid\u00e8rent \u00ab inacceptable de donner de la place \u00e0 des positions appelant \u00e0 rejoindre l\u2019arm\u00e9e de l\u2019\u00c9tat, lors d\u2019une foire anarchiste \u00bb.<\/p>\n<p>En particulier, les organisateur.trices ont mentionn\u00e9 deux cas pr\u00e9c\u00e9dents de violations d\u2019accords :<br \/>\u2013 lors d\u2019une pr\u00e9sentation \u00e0 Br\u00eame, nous aurions viol\u00e9 l\u2019accord avec les organisateur.trices de \u00ab\u00a0ne pas faire l\u2019\u00e9loge de la participation \u00e0 la guerre\/faire l\u2019apologie du service militaire\u00a0\u00bb [1]. De plus, nous l\u2019aurions fait non seulement verbalement, mais aussi en apportant une table de presse qui violait ces accords.<br \/>\u2013 Les m\u00eames mat\u00e9riaux ont \u00e9t\u00e9 mis sur notre table pendant une pr\u00e9sentation \u00e0 Berlin, m\u00eame s\u2019ils ne faisaient pas \u00ab partie du sujet de la pr\u00e9sentation \u00bb [1]. Nous avons aussi \u00e9t\u00e9 accus\u00e9.es d\u2019avoir commenc\u00e9 la pr\u00e9sentation avec trois heures de retard et un.e des membres de notre groupe a \u00e9t\u00e9 tout le temps au t\u00e9l\u00e9phone avec quelqu\u2019un.e.<\/p>\n<p>Nous avons pris ces commentaires tr\u00e8s au s\u00e9rieux et avons demand\u00e9 plus de d\u00e9tails, que le groupe organisateur n\u2019a pas \u00e9t\u00e9 en mesure de nous fournir. Dans une conversation priv\u00e9e avec l\u2019un.e des organisateur.trices de cet \u00e9v\u00e9nement, nous n\u2019avons pas non plus \u00e9t\u00e9 en mesure de clarifier les d\u00e9tails des accusations.<\/p>\n<p>Nous avons aussi contact\u00e9 les organisateur.trices de l\u2019\u00e9v\u00e9nement de Br\u00eame, qui ont confirm\u00e9 que nous n\u2019avions absolument aucun accord concernant la censure du contenu de la pr\u00e9sentation et qu\u2019elles\/ils n\u2019avaient aucune r\u00e9crimination \u00e0 notre encontre. Ils\/elles n\u2019ont pas non plus interdit de mettre certains documents sur la table. Nous avons contact\u00e9 une personne qui faisait partie du groupe organisateur [de la pr\u00e9sentation] de Berlin et on nous a dit aussi que les organisateur.trices n\u2019avaient aucune r\u00e9crimination concernant notre table de presse.<\/p>\n<p>Nous avons transmis toutes ces informations aux organisateur.trices de la foire du livre de Berlin. Quelques semaines plus tard, nous avons re\u00e7u une r\u00e9ponse dans laquelle leur position avait chang\u00e9. Maintenant, les anarchistes de Berlin n\u2019insistent plus sur la rupture d\u2019un accord, mais \u00e9crivent simplement que la diff\u00e9rence de nos points de vue sur la guerre en Ukraine est si profonde qu\u2019elles\/ils ne voient pas la possibilit\u00e9 d\u2019un dialogue constructif avec nous, \u00e0 la foire. De plus, dans leur nouvelle lettre, ils\/elles ont \u00e9crit que \u00ab\u00a0nous ne voyons aucun avantage, pour nous ou pour vous, dans une pr\u00e9sentation ou une table de presse o\u00f9 l\u2019adh\u00e9sion \u00e0 l\u2019arm\u00e9e de l\u2019\u00c9tat et le service dans l\u2019arm\u00e9e peuvent \u00eatre justifi\u00e9s \u00bb.<\/p>\n<p>L\u2019une des caract\u00e9ristiques importantes du r\u00e9gime bi\u00e9lorusse est l\u2019extr\u00eame formalisation de la r\u00e9pression. Il est tr\u00e8s rare que des d\u00e9tentions et des arrestations aient lieu en dehors du cadre des lois en vigueur. M\u00eame si des personnes sont condamn\u00e9es \u00e0 vingt ans pour des affaires compl\u00e8tement mont\u00e9es de toutes pi\u00e8ces, il y aura toujours un proc\u00e8s, une pr\u00e9sentation de preuves et des dizaines de jours d\u2019audiences \u00e0 huis clos. Souvent, la vie politique dans le pays est limit\u00e9e elle aussi par de telles proc\u00e9dures formelles. Vous n\u2019\u00eates pas emprisonn\u00e9.e parce que vous vous opposez au r\u00e9gime, mais pour des \u00ab actions qui violent l\u2019ordre public \u00bb.<\/p>\n<p>Jusqu\u2019en 2020, toute manifestation publique \u00e9tait interdite avec des motivations fallacieuses et personne signalait dans la lettre de refus les opinions politiques erron\u00e9es des organisateur.trices d\u2019une manifestation ou d\u2019un rassemblement. \u00c0 la place, le r\u00e9gime faisait r\u00e9f\u00e9rence \u00e0 la loi sur les \u00e9v\u00e9nements de masse, qui interdisait par exemple les rassemblements pr\u00e8s des stations de m\u00e9tro. En m\u00eame temps, le mur de la bureaucratie \u00e9tait imp\u00e9n\u00e9trable et toutes les tentatives de remettre en question les formules stupides des fonctionnaires se heurtaient \u00e0 des portes ferm\u00e9es.<\/p>\n<p>Dans une telle situation, nous nous sommes habitu\u00e9.es \u00e0 ce que l\u2019\u00c9tat utilise des raisons formelles et non politiques pour exclure ses opposants politiques. Ce \u00e0 quoi nous ne nous attendions pas \u00e9tait une r\u00e9p\u00e9tition de cette approche au sein du mouvement anarchiste. Mais c\u2019est exactement ce sur quoi nous sommes tomb\u00e9.es lorsque nous avons soumis notre candidature \u00e0 Berlin.<\/p>\n<p>Pourquoi ce moment nous a-t-il rappel\u00e9 le B\u00e9larus ? Tr\u00e8s probablement \u00e0 cause du sentiment d\u2019impuissance absolue dans la communication et de l\u2019absence de toute volont\u00e9 de clarifier la situation de la part de ceux\/celles que encore hier nous aurions pu consid\u00e9rer comme des compas. On dirait qu\u2019on travaille avec des bureaucrates qui ne s\u2019int\u00e9ressent pas aux faits r\u00e9els.<\/p>\n<p><strong>Le probl\u00e8me de la manipulation des faits pour exclure des groupes\/des personnes<\/strong><\/p>\n<p>Dans notre d\u00e9claration d\u2019il il y a un an et demi, nous avons d\u00e9j\u00e0 \u00e9crit que, dans la situation autour de la guerre en Ukraine, la r\u00e9alit\u00e9 objective est sacrifi\u00e9e au nom d\u2019un colosse antimilitariste aux pieds d\u2019argile. La pr\u00e9sentation \u00e0 Berlin nous a une fois de plus convaincu.es que, souvent, les faits sont simplement invent\u00e9s afin de discr\u00e9diter les opposant.es.<\/p>\n<p>Nous ne sommes donc pas dans une situation d\u2019\u00e9galit\u00e9, o\u00f9 nous pourrions d\u00e9battre de diff\u00e9rents opinions politiques sur la situation au B\u00e9larus, en Ukraine ou m\u00eame en Allemagne. \u00c0 la place, nous sommes contraint.es de nous justifier, en affirmant que nous n\u2019avons jamais viol\u00e9 aucun accord. Nous sommes oblig\u00e9.es d\u2019\u00e9crire un texte expliquant qu\u2019un.e militant.e de l\u2019ABC B\u00e9larus \u00e9tait en retard \u00e0 une pr\u00e9sentation \u00e0 Berlin \u00e0 cause de l\u2019infrastructure d\u00e9labr\u00e9e des transports, en Allemagne (que les Allemand.es eux\/elles-m\u00eames connaissent tr\u00e8s bien). Nous sommes contraint.es de justifier le fait qu\u2019un.e militant.e de notre \u00e9quipe a appris la mort d\u2019un.e camarade en Ukraine juste avant la pr\u00e9sentation et a d\u00fb organiser en urgence le transport de la famille de ce.tte camarade depuis l\u2019Allemagne vers son pays.<\/p>\n<p>La situation actuelle nous a rappel\u00e9 un essai de Dina Naeri, qui a quitt\u00e9 l\u2019Afghanistan lorsqu\u2019elle \u00e9tait enfant et a obtenu l\u2019asile aux \u00c9tats-Unis. Dans son texte, elle d\u00e9crit comment, pour \u00eatre accept\u00e9.es dans la soci\u00e9t\u00e9 occidentale, les r\u00e9fugi\u00e9.es doivent \u00eatre \u00e9ternellement reconnaissant.es pour le privil\u00e8ge d\u2019\u00eatre l\u00e0 o\u00f9 elles\/ils sont. De plus, les r\u00e9fugi\u00e9.es sont oblig\u00e9.es d\u2019exprimer constamment cette gratitude \u00e0 ceux\/celles qui les entourent et ne doivent en aucun cas entrer en conflit avec les locaux.les. Il n\u2019y a rien de pire qu\u2019un.e r\u00e9fugi\u00e9.e ingrat.e. De mani\u00e8re similaire, dans le milieu anarchiste, nous devons \u00eatre extr\u00eamement reconnaissant.es pour l\u2019opportunit\u00e9 de parler \u00e0 Berlin et faire tout notre possible pour montrer notre gratitude, d\u2019une mani\u00e8re ou d\u2019une autre, \u00e0 chacun.e des organisateur.trices de la pr\u00e9sentation. Et en aucun cas nous ne devons exprimer des opinions probl\u00e9matiques qui mettraient mal \u00e0 l\u2019aise les anarchistes occidentaux.ales\u2026<\/p>\n<p>La volont\u00e9 d\u2019exclure des organisations anarchistes d\u2019\u00e9v\u00e9nements publics sur la base de tels \u00ab faits \u00bb montre une partie du mouvement anarchiste de Berlin sous un jour moins que favorable. Pourquoi des incidents fabriqu\u00e9s de toutes pi\u00e8ces suffisent-ils, pour elles\/eux, pour exclure une organisation anarchiste d\u2019Europe de l\u2019Est qui est engag\u00e9e depuis seize ans dans du travail de solidarit\u00e9 ? Il est ironique que les anarchistes et les gauchistes occidentaux.ales prennent souvent la propagande russe pour argent comptant sans essayer de la comprendre en profondeur.<\/p>\n<p>En cons\u00e9quence, nous sommes contraint.es de passer du temps \u00e0 essayer de prouver notre innocence, en r\u00e9ponse \u00e0 des accusations fabriqu\u00e9es de toutes pi\u00e8ces. Notre t\u00e2che ne devrait pas \u00eatre d\u2019essayer de r\u00e9futer de telles d\u00e9clarations bas\u00e9es sur des faits non v\u00e9rifi\u00e9s. Le groupe organisateur aurait pu les v\u00e9rifier lui-m\u00eame, en \u00e9crivant quelques lettres, au lieu de filer ce travail \u00e0 notre collectif, qui a assez d\u2019autres t\u00e2ches dans le travail de solidarit\u00e9 anti-r\u00e9pression.<\/p>\n<p>En r\u00e9alit\u00e9, nous sommes exclu.es pr\u00e9cis\u00e9ment parce que des gens nous consid\u00e8rent comme des \u00ab militaristes \u00bb, qui soutiennent la machine militaire de l\u2019Ukraine et qui font l\u2019\u00e9loge de l\u2019arm\u00e9e de l\u2019\u00c9tat.<\/p>\n<p>Tel est le prix de la solidarit\u00e9 avec le peuple ukrainien dans sa lutte contre l\u2019invasion russe. Peu importe \u00e0 quel point nous sommes critiques de l\u2019\u00c9tat ukrainien et des Forces arm\u00e9es de l\u2019Ukraine. Peu importe combien d\u2019efforts nous avons d\u00e9ploy\u00e9s par le pass\u00e9 pour lutter contre le militarisme bi\u00e9lorusse. Une fois de plus, rien de tout cela n\u2019a d\u2019importance, parce que quelqu\u2019un.e a dit \u00e0 quelqu\u2019un.e d\u2019autre que l\u2019ABC B\u00e9larus soutient le gouvernement ukrainien.<\/p>\n<p>Souvent, nous ne pouvons m\u00eame pas r\u00e9pondre \u00e0 ces accusations, parce qu\u2019elles sont soulev\u00e9es \u00e0 huis clos et ceux\/celles qui crient le plus fort pour le boycott de l\u2019ABC [B\u00e9larus] restent silencieux.ses \u00e0 ce propos en public. Et ici nous pouvons noter la l\u00e2chet\u00e9 d\u2019une certaine partie du mouvement anarchiste allemand, qui utilise des mensonges et des incitations pour essayer d\u2019exclure des personnes qui ne partagent pas des opinions politiques.<\/p>\n<p><strong>Ce n\u2019est pas notre guerre ?<\/strong><\/p>\n<p>Au cours des derni\u00e8res ann\u00e9es de discussions en Europe occidentale, nous sommes convaincu.es qu\u2019une partie importante du mouvement anarchiste l\u00e0-bas croit profond\u00e9ment, sur la base d\u2019analyses politiques d\u00e9pass\u00e9es, que la guerre en Ukraine n\u2019est pas sa guerre. Nous voyons la mani\u00e8re dont ces personnes ont choisi de s\u2019asseoir confortablement dans les derniers rangs de l\u2019histoire et d\u2019attendre simplement de voir comment la situation en Europe de l\u2019Est va se d\u00e9velopper, sans leur participation. Dans le cas d\u2019une mont\u00e9e en puissance politique de l\u2019extr\u00eame droite dans nos pays, il leur sera toujours possible de dire\u00a0: \u00ab Eh bien, nous vous l\u2019avions dit \u00bb et, en cas de sc\u00e9narios alternatifs, de pr\u00e9tendre que c\u2019\u00e9tait le plan depuis le d\u00e9but.<\/p>\n<p>Et peut-\u00eatre que, quelque part, on peut sympathiser avec la position selon laquelle \u00ab\u00a0ce n\u2019est pas notre guerre\u00a0\u00bb. Apr\u00e8s tout, pour le\/la r\u00e9sident.e moyen.ne des empires occidentaux, cette guerre concerne des personnes qu\u2019elles\/ils n\u2019ont jamais vues. Des endroits o\u00f9 ils\/elles ne sont jamais all\u00e9.es et tr\u00e8s probablement n\u2019iront jamais. Contrairement \u00e0 toutes les d\u00e9clarations publiques, dans l\u2019esprit de nombreux.ses anarchistes et gauchistes du soi-disant Premier monde, la fronti\u00e8re de la civilisation se trouve encore quelque part en Europe de l\u2019Est et, selon votre degr\u00e9 d\u2019adh\u00e9sion aux analyses occidentales, elle peut commencer en Pologne, au B\u00e9larus ou en Ukraine. \u00ab Ce n\u2019est pas notre guerre \u00bb signifie que les Ukrainien.nes ne sont toujours pas vu.es comme une partie de ce mythique \u00ab nous \u00bb europ\u00e9en. \u00ab Ce n\u2019est pas notre guerre \u00bb signifie que nous devons essayer chaque jour de prouver que nous sommes dignes d\u2019\u00eatre \u00e9gaux.ales aux anarchistes d\u2019Allemagne ou d\u2019autres pays \u00ab d\u00e9velopp\u00e9s \u00bb. C\u2019est pr\u00e9cis\u00e9ment pourquoi les mythes sur l\u2019ABC [B\u00e9larus] comme \u00e9tant une organisation qui viole les accords, propage de la propagande de guerre et est incapable de dialoguer prennent si facilement racine dans l\u2019esprit de nombreux.ses militant.es occidentaux.les. Dans leur esprit, nous sommes toujours les m\u00eames barbares qui n\u2019ont pas appris la mani\u00e8re civilis\u00e9e d\u2019interagir politiquement, nous continuons \u00e0 enfreindre les r\u00e8gles au sein la communaut\u00e9 anarchiste et la seule issue est d\u2019exclure ces barbares et d\u2019assurer le triomphe de la pens\u00e9e occidentale, lors d\u2019\u00e9v\u00e9nements tels que la foire du livre anarchiste \u00e0 Berlin.<\/p>\n<p>Mais, heureusement, il y a assez de personnes dans le monde qui ont surmont\u00e9 la x\u00e9nophobie et l\u2019arrogance des empires. Des personnes qui d\u00e9ploient chaque jour un effort \u00e9norme pour soutenir le mouvement anarchiste au B\u00e9larus et dans la diaspora. Pendant ce temps, nous avons trouv\u00e9 un grand nombre de compas, en Occident, qui sont passionn\u00e9.es et qui sont engag\u00e9.es dans le travail de solidarit\u00e9 depuis de nombreuses ann\u00e9es. Et oui, nous croyons que souvent ces personnes ne re\u00e7oivent pas assez d\u2019attention, \u00e0 cause d\u2019anarchistes comme les organisateur.trices de la foire du livre de Berlin cit\u00e9e ci-dessus. \u00c0 la place d\u2019exemples positifs d\u2019organisation, de coop\u00e9ration et de victoires, nous sommes contraint.es, une fois de plus, de parler des \u00e9checs de cette m\u00eame solidarit\u00e9. De parler de la lutte pour l\u2019\u00e9galit\u00e9 au sein de la communaut\u00e9 anarchiste. De mensonges qui deviennent partie du mouvement et qui peuvent m\u00eame \u00eatre inscrits dans l\u2019histoire comme des faits.<\/p>\n<p>Malgr\u00e9 cela, nous tenons \u00e0 remercier les centaines de personnes qui ont organis\u00e9 nos \u00e9v\u00e9nements \u00e0 travers l\u2019Europe. Les milliers qui ont fait des dons pour soutenir les prisonnier.es anarchistes bi\u00e9lorusses. Les dizaines qui soutiennent l\u2019Anarchist Black Cross B\u00e9larus sur une base mensuelle. Vous \u00eates l\u2019une des raisons pour lesquelles nous croyons que la solidarit\u00e9 fonctionne et que, quelque part devant nous, une soci\u00e9t\u00e9 juste nous attend, si nous poussons un peu plus fort.<\/p>\n<p>[1] Citations issues d\u2019une lettre qui nous a \u00e9t\u00e9 envoy\u00e9e par les organisateur.s<\/p>\n<p>Vous pouvez envoyer une lettre de protestation ou condamner publiquement l\u2019approche de la foire du livre anarchiste de Berlin sur vos propres canaux. Au moment d\u2019\u00e9crire ces lignes, nous savons que la foire du livre a aussi refus\u00e9 que Solidarity Collectives, d\u2019Ukraine, participe.<\/p>\n<p><br clear=\"both\"\/><\/p>\n<p><\/p>\n<p>\t\t<strong>Source:<\/strong> <a href=\"https:\/\/attaque.noblogs.org\/post\/2025\/11\/06\/allemagne-quand-il-ny-pas-dinteret-pour-le-dialogue\/\" target=\"_blank\" rel=\"nofollow noopener\">Attaque.noblogs.org<\/a><br \/>\n\t\t<\/p>\n","protected":false},"excerpt":{"rendered":"Anarchist Black Cross Belarus \/ mardi 28 octobre 2025 Quand il n\u2019y pas d\u2019int\u00e9r\u00eat pour le dialogue \u2013&hellip;\n","protected":false},"author":2,"featured_media":516497,"comment_status":"","ping_status":"","sticky":false,"template":"","format":"standard","meta":{"footnotes":""},"categories":[1587],"tags":[11,672,1804,1805,1803,1777,674,1801,12,1802],"class_list":{"0":"post-516496","1":"post","2":"type-post","3":"status-publish","4":"format-standard","5":"has-post-thumbnail","7":"category-allemagne","8":"tag-actualites","9":"tag-allemagne","10":"tag-bundesrepublik-deutschland","11":"tag-de","12":"tag-deutschland","13":"tag-eu","14":"tag-europe","15":"tag-germany","16":"tag-news","17":"tag-republique-federale-dallemagne"},"share_on_mastodon":{"url":"https:\/\/pubeurope.com\/@fr\/115504172620724128","error":""},"_links":{"self":[{"href":"https:\/\/www.europesays.com\/fr\/wp-json\/wp\/v2\/posts\/516496","targetHints":{"allow":["GET"]}}],"collection":[{"href":"https:\/\/www.europesays.com\/fr\/wp-json\/wp\/v2\/posts"}],"about":[{"href":"https:\/\/www.europesays.com\/fr\/wp-json\/wp\/v2\/types\/post"}],"author":[{"embeddable":true,"href":"https:\/\/www.europesays.com\/fr\/wp-json\/wp\/v2\/users\/2"}],"replies":[{"embeddable":true,"href":"https:\/\/www.europesays.com\/fr\/wp-json\/wp\/v2\/comments?post=516496"}],"version-history":[{"count":0,"href":"https:\/\/www.europesays.com\/fr\/wp-json\/wp\/v2\/posts\/516496\/revisions"}],"wp:featuredmedia":[{"embeddable":true,"href":"https:\/\/www.europesays.com\/fr\/wp-json\/wp\/v2\/media\/516497"}],"wp:attachment":[{"href":"https:\/\/www.europesays.com\/fr\/wp-json\/wp\/v2\/media?parent=516496"}],"wp:term":[{"taxonomy":"category","embeddable":true,"href":"https:\/\/www.europesays.com\/fr\/wp-json\/wp\/v2\/categories?post=516496"},{"taxonomy":"post_tag","embeddable":true,"href":"https:\/\/www.europesays.com\/fr\/wp-json\/wp\/v2\/tags?post=516496"}],"curies":[{"name":"wp","href":"https:\/\/api.w.org\/{rel}","templated":true}]}}