{"id":516500,"date":"2025-11-06T18:30:16","date_gmt":"2025-11-06T18:30:16","guid":{"rendered":"https:\/\/www.europesays.com\/fr\/516500\/"},"modified":"2025-11-06T18:30:16","modified_gmt":"2025-11-06T18:30:16","slug":"lue-condamne-les-atrocites-commises-a-el-fasher-au-soudan-et-appelle-au-respect-du-droit-humanitaire","status":"publish","type":"post","link":"https:\/\/www.europesays.com\/fr\/516500\/","title":{"rendered":"L\u2019UE condamne les \u00ab atrocit\u00e9s \u00bb commises \u00e0 El-Fasher, au Soudan, et appelle au respect du droit humanitaire"},"content":{"rendered":"<p>AA \/ Bruxelles \/ Melike Pala<\/p>\n<p>La Commission europ\u00e9enne a vivement condamn\u00e9 jeudi les \u00ab atrocit\u00e9s \u00bb commises \u00e0 El-Fasher, au Soudan, par les Forces de soutien rapide (FSR), exhortant toutes les parties \u00e0 respecter le droit international humanitaire et les droits de l\u2019homme.<\/p>\n<p>Lors du point de presse de la mi-journ\u00e9e, le porte-parole de la Commission, Anouar El Anouni, a indiqu\u00e9 que l\u2019Union europ\u00e9enne avait pris note de la r\u00e9cente d\u00e9claration de la Cour p\u00e9nale internationale (CPI), qui a estim\u00e9 que les attaques \u00e0 El-Fasher pourraient constituer des crimes de guerre et des crimes contre l\u2019humanit\u00e9.<\/p>\n<p>\u00ab L\u2019Union europ\u00e9enne condamne fermement ces atrocit\u00e9s et toute attaque visant des civils ou des infrastructures civiles. Nous appelons toutes les parties \u00e0 honorer leurs obligations au regard du droit international humanitaire et du droit des droits de l\u2019homme, notamment en garantissant un acc\u00e8s humanitaire sans entrave \u00bb, a-t-il d\u00e9clar\u00e9.<\/p>\n<p>R\u00e9affirmant le soutien de l\u2019Union europ\u00e9enne aux m\u00e9canismes de justice internationale, El Anouni a rappel\u00e9 que l\u2019UE \u00ab soutient la CPI et les principes \u00e9nonc\u00e9s dans ses statuts \u00bb, tout en insistant sur le respect de l\u2019ind\u00e9pendance et de l\u2019impartialit\u00e9 de la Cour.<\/p>\n<p>Le bureau du procureur de la CPI s\u2019\u00e9tait dit, le 3 octobre, \u00ab profond\u00e9ment alarm\u00e9 \u00bb par les rapports faisant \u00e9tat de massacres, de viols et d\u2019autres exactions commises lors des op\u00e9rations des FSR \u00e0 El-Fasher, ville tomb\u00e9e sous leur contr\u00f4le le 26 octobre.<\/p>\n<p>Depuis le 15 avril 2023, l\u2019arm\u00e9e soudanaise et les FSR s\u2019affrontent dans une guerre que les m\u00e9diations r\u00e9gionales et internationales n\u2019ont pas r\u00e9ussi \u00e0 faire cesser. Le conflit a d\u00e9j\u00e0 fait des milliers de morts et provoqu\u00e9 le d\u00e9placement de millions de personnes.<\/p>\n<p>* traduit de l&rsquo;anglais par Ayse Betul Akcesme<\/p>\n<p>                            &#13;<br \/>\n                                <a href=\"https:\/\/www.aa.com.tr\/fr\/p\/abonnement\/1001\" target=\"_blank\" style=\"font-size:12px; color:#444; text-decoration:none;\" rel=\"noopener\">&#13;<br \/>\n                                    Seulement une partie des d\u00e9p\u00eaches, que l&rsquo;Agence Anadolu diffuse \u00e0 ses abonn\u00e9s via le Syst\u00e8me de Diffusion interne (HAS), est diffus\u00e9e sur le site de l&rsquo;AA, de mani\u00e8re r\u00e9sum\u00e9e. <b style=\"color:#1897F7\">Contactez-nous s&rsquo;il vous pla\u00eet pour vous abonner.<\/b>&#13;<br \/>\n                                <\/a>&#13;<\/p>\n","protected":false},"excerpt":{"rendered":"AA \/ Bruxelles \/ Melike Pala La Commission europ\u00e9enne a vivement condamn\u00e9 jeudi les \u00ab atrocit\u00e9s \u00bb commises&hellip;\n","protected":false},"author":2,"featured_media":516501,"comment_status":"","ping_status":"","sticky":false,"template":"","format":"standard","meta":{"footnotes":""},"categories":[1586],"tags":[11,1785,61613,1777,674,1779,1011,27,12,25,4535,1778,364],"class_list":{"0":"post-516500","1":"post","2":"type-post","3":"status-publish","4":"format-standard","5":"has-post-thumbnail","7":"category-europe","8":"tag-actualites","9":"tag-anadolu-ajansi","10":"tag-el-fasher","11":"tag-eu","12":"tag-europe","13":"tag-european-union","14":"tag-fr","15":"tag-france","16":"tag-news","17":"tag-republique-francaise","18":"tag-soudan","19":"tag-ue","20":"tag-union-europeenne"},"share_on_mastodon":{"url":"https:\/\/pubeurope.com\/@fr\/115504180386949126","error":""},"_links":{"self":[{"href":"https:\/\/www.europesays.com\/fr\/wp-json\/wp\/v2\/posts\/516500","targetHints":{"allow":["GET"]}}],"collection":[{"href":"https:\/\/www.europesays.com\/fr\/wp-json\/wp\/v2\/posts"}],"about":[{"href":"https:\/\/www.europesays.com\/fr\/wp-json\/wp\/v2\/types\/post"}],"author":[{"embeddable":true,"href":"https:\/\/www.europesays.com\/fr\/wp-json\/wp\/v2\/users\/2"}],"replies":[{"embeddable":true,"href":"https:\/\/www.europesays.com\/fr\/wp-json\/wp\/v2\/comments?post=516500"}],"version-history":[{"count":0,"href":"https:\/\/www.europesays.com\/fr\/wp-json\/wp\/v2\/posts\/516500\/revisions"}],"wp:featuredmedia":[{"embeddable":true,"href":"https:\/\/www.europesays.com\/fr\/wp-json\/wp\/v2\/media\/516501"}],"wp:attachment":[{"href":"https:\/\/www.europesays.com\/fr\/wp-json\/wp\/v2\/media?parent=516500"}],"wp:term":[{"taxonomy":"category","embeddable":true,"href":"https:\/\/www.europesays.com\/fr\/wp-json\/wp\/v2\/categories?post=516500"},{"taxonomy":"post_tag","embeddable":true,"href":"https:\/\/www.europesays.com\/fr\/wp-json\/wp\/v2\/tags?post=516500"}],"curies":[{"name":"wp","href":"https:\/\/api.w.org\/{rel}","templated":true}]}}