{"id":516505,"date":"2025-11-06T18:33:21","date_gmt":"2025-11-06T18:33:21","guid":{"rendered":"https:\/\/www.europesays.com\/fr\/516505\/"},"modified":"2025-11-06T18:33:21","modified_gmt":"2025-11-06T18:33:21","slug":"lunion-europeenne-ne-se-prend-plus-la-dette-avec-la-france-liberation","status":"publish","type":"post","link":"https:\/\/www.europesays.com\/fr\/516505\/","title":{"rendered":"L\u2019Union europ\u00e9enne ne se prend plus la dette avec\u00a0la France \u2013 Lib\u00e9ration"},"content":{"rendered":"<p class=\"sc-cPiKLX AiZTS text-element\">La d\u00e9magogie budg\u00e9taire de l\u2019Assembl\u00e9e nationale et la faiblesse du gouvernement, dont t\u00e9moigne <a href=\"https:\/\/www.liberation.fr\/economie\/social\/la-suspension-de-la-reforme-des-retraites-passe-lepreuve-de-la-commission-des-affaires-sociales-20251031_BPYPJU6BERANDBASCKAXR77E2A\/?redirected=1&amp;redirected=1\" target=\"_blank\" rel=\"noopener\" title=\"https:\/\/www.liberation.fr\/economie\/social\/la-suspension-de-la-reforme-des-retraites-passe-lepreuve-de-la-commission-des-affaires-sociales-20251031_BPYPJU6BERANDBASCKAXR77E2A\/?redirected=1&amp;redirected=1\">la \u00absuspension\u00bb de la r\u00e9forme des retraites<\/a>, laissent pantois les institutions europ\u00e9ennes ainsi que les partenaires de la France, habitu\u00e9s \u00e0 davantage de rigueur intellectuelle au pays de Descartes et surtout \u00e0 la stabilit\u00e9 institutionnelle de la Ve R\u00e9publique. Mais, contrairement \u00e0 ce que l\u2019on pourrait croire, cela ne les inqui\u00e8te pas outre mesure. La France ne figure pas en haut de l\u2019agenda. Pour l\u2019instant. Comme dans cette vieille blague, l\u2019Hexagone fait penser au type qui tombe du haut d\u2019un immeuble et qui \u00e0 chaque \u00e9tage l\u00e2che : \u00abJusqu\u2019ici, tout va bien.\u00bb Car un jour, le r\u00e9el le rattrapera, \u00abmais pas avant cinq ans\u00bb, estime, impavide, un diplomate blanchi sous le harnais.<\/p>\n<p class=\"sc-cPiKLX AiZTS text-element\">Il y a encore six ans, la grave d\u00e9gradation des comptes publics fran\u00e7ais (un d\u00e9ficit public de 5,4 % et une dette publique de 113 % du PIB attendus cette ann\u00e9e, loin des 3 % et des 60 % impos\u00e9s par <a href=\"https:\/\/www.liberation.fr\/international\/eu&lt;\/p&gt;&lt;\/div&gt;&lt;\/article&gt;&lt;\/div&gt;&lt;div data-fusion-lazy-id=\" f0f8vgvlad832fw=\"\" target=\"_blank\" rel=\"noopener\"><\/p>\n","protected":false},"excerpt":{"rendered":"La d\u00e9magogie budg\u00e9taire de l\u2019Assembl\u00e9e nationale et la faiblesse du gouvernement, dont t\u00e9moigne la \u00absuspension\u00bb de la r\u00e9forme&hellip;\n","protected":false},"author":2,"featured_media":516506,"comment_status":"","ping_status":"","sticky":false,"template":"","format":"standard","meta":{"footnotes":""},"categories":[4],"tags":[11,1011,27,12,11036,25,364],"class_list":{"0":"post-516505","1":"post","2":"type-post","3":"status-publish","4":"format-standard","5":"has-post-thumbnail","7":"category-france","8":"tag-actualites","9":"tag-fr","10":"tag-france","11":"tag-news","12":"tag-reforme-des-retraites","13":"tag-republique-francaise","14":"tag-union-europeenne"},"share_on_mastodon":{"url":"https:\/\/pubeurope.com\/@fr\/115504192109772689","error":""},"_links":{"self":[{"href":"https:\/\/www.europesays.com\/fr\/wp-json\/wp\/v2\/posts\/516505","targetHints":{"allow":["GET"]}}],"collection":[{"href":"https:\/\/www.europesays.com\/fr\/wp-json\/wp\/v2\/posts"}],"about":[{"href":"https:\/\/www.europesays.com\/fr\/wp-json\/wp\/v2\/types\/post"}],"author":[{"embeddable":true,"href":"https:\/\/www.europesays.com\/fr\/wp-json\/wp\/v2\/users\/2"}],"replies":[{"embeddable":true,"href":"https:\/\/www.europesays.com\/fr\/wp-json\/wp\/v2\/comments?post=516505"}],"version-history":[{"count":0,"href":"https:\/\/www.europesays.com\/fr\/wp-json\/wp\/v2\/posts\/516505\/revisions"}],"wp:featuredmedia":[{"embeddable":true,"href":"https:\/\/www.europesays.com\/fr\/wp-json\/wp\/v2\/media\/516506"}],"wp:attachment":[{"href":"https:\/\/www.europesays.com\/fr\/wp-json\/wp\/v2\/media?parent=516505"}],"wp:term":[{"taxonomy":"category","embeddable":true,"href":"https:\/\/www.europesays.com\/fr\/wp-json\/wp\/v2\/categories?post=516505"},{"taxonomy":"post_tag","embeddable":true,"href":"https:\/\/www.europesays.com\/fr\/wp-json\/wp\/v2\/tags?post=516505"}],"curies":[{"name":"wp","href":"https:\/\/api.w.org\/{rel}","templated":true}]}}