{"id":516509,"date":"2025-11-06T18:36:12","date_gmt":"2025-11-06T18:36:12","guid":{"rendered":"https:\/\/www.europesays.com\/fr\/516509\/"},"modified":"2025-11-06T18:36:12","modified_gmt":"2025-11-06T18:36:12","slug":"la-composition-probable-de-toulon-pour-affronter-la-rochelle","status":"publish","type":"post","link":"https:\/\/www.europesays.com\/fr\/516509\/","title":{"rendered":"La composition probable de Toulon pour affronter La Rochelle !"},"content":{"rendered":"<p>Ce samedi apr\u00e8s-midi, le Rugby Club Toulonnais affrontera le Stade Rochelais au Stade Mayol, \u00e0 l\u2019occasion de la 3\u00e8me journ\u00e9e en retard du Top 14.<\/p>\n<p>Ce jeudi, Midi Olympiqued\u00e9voile la composition probable du XV de la Rade pour cette rencontre.<\/p>\n<p>Devant, Daniel Brennan devrait d\u00e9buter au poste de pilier gauche tandis que Kyle Sinckler sera \u00e0 droite. Teddy Baubigny sera align\u00e9 au talon.<\/p>\n<p>En seconde ligne, David Ribbans\u00a0 devrait \u00eatre associ\u00e9 \u00e0 Brian Alainu\u2019Uese.<\/p>\n<p>Zach Mercer d\u00e9butera en troisi\u00e8me ligne avec Lewis Ludlam et Esteban Abadie.<\/p>\n<p>A la charni\u00e8re, on devrait retrouver Baptiste Serin et Mat\u00e9o Garcia<\/p>\n<p>Derri\u00e8re, Ga\u00ebl Dr\u00e9an rel\u00e2ch\u00e9 et Mathis Fert\u00e9 ou Oliver Cowie devraient \u00eatre align\u00e9s aux ailes tandis que J\u00e9r\u00e9my Sinzelle fera son retour accompagn\u00e9 de Mathieu Smaili ou Ma\u2019a Nonu.<\/p>\n<p>Enfin, si Melvyn Jaminet est op\u00e9rationnel il occupera le poste d\u2019arri\u00e8re, autrement Mathis Fert\u00e9 occupera ce r\u00f4le.<\/p>\n<p>Sur le banc des rempla\u00e7ants, on devrait retrouver Charles Ollivon, Dany Priso ou encore la derni\u00e8re recrue Giorgi Javakhia\/<\/p>\n<p><strong>Voici la composition probable du RCT :<\/strong><\/p>\n<p>15. Fert\u00e9 ou Jaminet<br \/>14. Dr\u00e9an<br \/>13. Nonu ou Smaili<br \/>12. Sinzelle<br \/>11. Fert\u00e9 ou Cowie<br \/>10. Garcia<br \/>9. Serin<br \/>8. Mercer<br \/>7. Abadie<br \/>6. Ludlam<br \/>5. Alainu\u2019uese<br \/>4. Ribbans (Cap.)<br \/>3. Sinckler<br \/>2. Baubigny<br \/>1. Brennan<\/p>\n<p><strong>Rempla\u00e7ants probables\u2005:<\/strong><\/p>\n<p>16. Damond<br \/>17. Ametlla<br \/>18. Javakhia<br \/>19. Ollivon<br \/>20. Jaminet ou Cowie<br \/>21. Le Bail<br \/>22. Smaili ou Nonu<br \/>23. Priso<\/p>\n","protected":false},"excerpt":{"rendered":"Ce samedi apr\u00e8s-midi, le Rugby Club Toulonnais affrontera le Stade Rochelais au Stade Mayol, \u00e0 l\u2019occasion de la&hellip;\n","protected":false},"author":2,"featured_media":240818,"comment_status":"","ping_status":"","sticky":false,"template":"","format":"standard","meta":{"footnotes":""},"categories":[1416],"tags":[1011,27,479,1468,60],"class_list":{"0":"post-516509","1":"post","2":"type-post","3":"status-publish","4":"format-standard","5":"has-post-thumbnail","7":"category-rugby","8":"tag-fr","9":"tag-france","10":"tag-rugby","11":"tag-rugby-football","12":"tag-sports"},"share_on_mastodon":{"url":"https:\/\/pubeurope.com\/@fr\/115504203977108898","error":""},"_links":{"self":[{"href":"https:\/\/www.europesays.com\/fr\/wp-json\/wp\/v2\/posts\/516509","targetHints":{"allow":["GET"]}}],"collection":[{"href":"https:\/\/www.europesays.com\/fr\/wp-json\/wp\/v2\/posts"}],"about":[{"href":"https:\/\/www.europesays.com\/fr\/wp-json\/wp\/v2\/types\/post"}],"author":[{"embeddable":true,"href":"https:\/\/www.europesays.com\/fr\/wp-json\/wp\/v2\/users\/2"}],"replies":[{"embeddable":true,"href":"https:\/\/www.europesays.com\/fr\/wp-json\/wp\/v2\/comments?post=516509"}],"version-history":[{"count":0,"href":"https:\/\/www.europesays.com\/fr\/wp-json\/wp\/v2\/posts\/516509\/revisions"}],"wp:featuredmedia":[{"embeddable":true,"href":"https:\/\/www.europesays.com\/fr\/wp-json\/wp\/v2\/media\/240818"}],"wp:attachment":[{"href":"https:\/\/www.europesays.com\/fr\/wp-json\/wp\/v2\/media?parent=516509"}],"wp:term":[{"taxonomy":"category","embeddable":true,"href":"https:\/\/www.europesays.com\/fr\/wp-json\/wp\/v2\/categories?post=516509"},{"taxonomy":"post_tag","embeddable":true,"href":"https:\/\/www.europesays.com\/fr\/wp-json\/wp\/v2\/tags?post=516509"}],"curies":[{"name":"wp","href":"https:\/\/api.w.org\/{rel}","templated":true}]}}