{"id":516510,"date":"2025-11-06T18:37:12","date_gmt":"2025-11-06T18:37:12","guid":{"rendered":"https:\/\/www.europesays.com\/fr\/516510\/"},"modified":"2025-11-06T18:37:12","modified_gmt":"2025-11-06T18:37:12","slug":"novak-djokovic-ecarte-nuno-borges-et-rejoint-les-demi-finales-de-latp-250-dathenes-lequipe","status":"publish","type":"post","link":"https:\/\/www.europesays.com\/fr\/516510\/","title":{"rendered":"Novak Djokovic \u00e9carte Nuno Borges et rejoint les demi-finales de l&#039;ATP 250 d&#039;Ath\u00e8nes &#8211; L&#039;\u00c9quipe"},"content":{"rendered":"<ol>\n<li><a href=\"https:\/\/news.google.com\/rss\/articles\/CBMizgFBVV95cUxNSjVleENYbDg5bERGRWtSMnprS2NZUEwxMzVURmtCWGRlOTY3cmNrNE4yTXl2X2dHMm9jMmJBY1llVWdZWVM5VlNTQW5SQU9RSTRudTlQdWhRMG1LZ2dWVUg5TnctcGpqOFNGRFdSOEhFUDlFaS1xdWxWcm1DM1N4OXVfMVhlNjNxem9jZ0xQQWtXUEdHaGlWdjZZWUdWb3dGY1VzZnpKWWZnZWd5bXlTamtybnZDYXZsUXdUSFlzakYxTUtmX0loa09HRHdaZw?oc=5\" target=\"_blank\" rel=\"nofollow noopener\">Novak Djokovic \u00e9carte Nuno Borges et rejoint les demi-finales de l&rsquo;ATP 250 d&rsquo;Ath\u00e8nes<\/a>&nbsp;&nbsp;L&rsquo;\u00c9quipe<\/li>\n<li><a href=\"https:\/\/news.google.com\/rss\/articles\/CBMiggJBVV95cUxPR20xbkt0SVdDenhUMVNLVWs0am9fMmdSYktId1ZXam53MV9Uby00OFFXMnFlWlcwaDQxTGlRU3VWbEFIUFVHckY5SzVLaUJHMUh6WU5XazFReXZnb2l2VDFINE9qQ2NUeWlESmoxVVg4eUZfTG9FZFhUMVlCS1ktYnd3X2RmV0xuSTlydW9kaWNrMUNhNmZhUm42aXhaNWp1Y3djcDE5U3JtVEdMemNqazlJMkNGelpjR3NCTDVkYm1jQzc0c2R1TktKdXEzS3RQQTdRNW1QcWxDWXRQZ252WlZUcERCOHhxQ0Zub0RoZ1BpS3NEaF9ZV1lYYVR0bWhtLUE?oc=5\" target=\"_blank\" rel=\"nofollow noopener\">ATP 250 d&rsquo;Ath\u00e8nes | Novak Djokovic qualifi\u00e9 pour les demi-finales apr\u00e8s sa victoire face \u00e0 Nuno Borges<\/a>&nbsp;&nbsp;Eurosport<\/li>\n<li><a href=\"https:\/\/news.google.com\/rss\/articles\/CBMipwFBVV95cUxPaVdSVkNTR0ZCd0lJS3VYa1prNm56REZaZG5pTkJZZE0ycEVyN0wwZl9hYXJmeEpNZnA2RFhSakU4S3MtMHlkakRYVEV2N20xZmxfQzJ2V3lhWnJndTBiVFdOVlpobWowVFAwaVpuLWgtanBwOVZ6VllyOW5jdVBFZ2xWVXVHUGZkWEtuNDdDNWdkajU3dThaSG5vY1ZjWDNBUEdwY3F1Y9IBpgFBVV95cUxQd25ZV2pyVlNSUEZPSV9YeE5RTGJvbDIxUkJrTmRjZ2JSSTlyZUJMeDRnRmVIOVNJa3pKaHBNaVU0cWN6M0JBWWtUc1NmSGUyOUFRQmhaMjhNclBnTnRaU2d1UTFPR2l6SVJYRFpUS0xaSTdTOEdnUDQzNzQzM2N2MmdXbGV2QXhYOWt5Y0lfRktCQUhNU0lUTVUzUWZuSmsxS1hvV2ZR?oc=5\" target=\"_blank\" rel=\"nofollow noopener\">ATP &#8211; Ath\u00e8nes : Quand Djokovic s&rsquo;agace : Sports &#8211; Orange<\/a>&nbsp;&nbsp;Sports &#8211; Orange<\/li>\n<li><a href=\"https:\/\/news.google.com\/rss\/articles\/CBMimgJBVV95cUxQTXFNNnQwemJyLTNSQWgxTTM0M0FIRmJQZGpFdHltRzJ6aG1lYTc5OWh5TVhzRlBnLUEyOHpWc1RJT2hHNXZrQXRVTzF3TUxxU0JGNEZScVFhMHo2RENkM1dwU0h6MjFIZEkwS1JfSVNJc0xZZjFNYW9STWoxRUhJZ1hzd0Q4Nlhia1p6eEVKT19RVGtJMDlIY2dFeWowYXBOMU5MLTVEZE13bFRJbnRvYTJlTzJzdTdZSlVoa0FHZUF0RDZFQ3oyckNQN3NpODNpbEJXbXpJS01CVjJNR3dxTXE1OVkxMlJxWXhIT0puaHg4SWdFTzlEZ2k1Y2NveUNsRnFzbGZSOWI3b3puOHdjTm5hX183QlBTOHc?oc=5\" target=\"_blank\" rel=\"nofollow noopener\">Nous sommes l\u00e0 pour de nombreuses ann\u00e9es \u00bb : de h\u00e9ros \u00e0 paria en Serbie, pourquoi Djokovic s\u2019est install\u00e9 en Gr\u00e8ce<\/a>&nbsp;&nbsp;Le Parisien<\/li>\n<li><a href=\"https:\/\/news.google.com\/rss\/articles\/CBMi6gFBVV95cUxOVE8tcTdWa0I2cURiXzB5Mjhfc1dhWE9GRzM4NTVuYlRpRm1VdFd0X1lWUTZLd0NYbk5rV01JN0RMVG0yQWEzS19hVkZlcmpmUlhOWXJ1ZGl6ZlBKM3hJZXJqUXV4SVZCOXBqUDdIMHFKNmZqdUlraG5BRENhLUJpQlcyUzdod1VoSXpuajM4WUF2WERVTkh3Z18tcW4xQ3JNU2Z3WW5hSmNkelZIbWNVNENjemRmODc3UGY0Vmx1eHB1UThxbDZRWTJjTzg0Y0hrcW5jSEdsSmxVaHllV1Z1WmpJdXI0TUlXdmc?oc=5\" target=\"_blank\" rel=\"nofollow noopener\">Comment Novak Djokovic est devenu la b\u00eate noire du pouvoir serbe, au point d&rsquo;aller s&rsquo;installer en Gr\u00e8ce<\/a>&nbsp;&nbsp;France Info<\/li>\n<\/ol>\n","protected":false},"excerpt":{"rendered":"Novak Djokovic \u00e9carte Nuno Borges et rejoint les demi-finales de l&rsquo;ATP 250 d&rsquo;Ath\u00e8nes&nbsp;&nbsp;L&rsquo;\u00c9quipe ATP 250 d&rsquo;Ath\u00e8nes | Novak&hellip;\n","protected":false},"author":2,"featured_media":516511,"comment_status":"","ping_status":"","sticky":false,"template":"","format":"standard","meta":{"footnotes":""},"categories":[1415],"tags":[1011,27,60,1467],"class_list":{"0":"post-516510","1":"post","2":"type-post","3":"status-publish","4":"format-standard","5":"has-post-thumbnail","7":"category-tennis","8":"tag-fr","9":"tag-france","10":"tag-sports","11":"tag-tennis"},"share_on_mastodon":{"url":"https:\/\/pubeurope.com\/@fr\/115504207854146850","error":""},"_links":{"self":[{"href":"https:\/\/www.europesays.com\/fr\/wp-json\/wp\/v2\/posts\/516510","targetHints":{"allow":["GET"]}}],"collection":[{"href":"https:\/\/www.europesays.com\/fr\/wp-json\/wp\/v2\/posts"}],"about":[{"href":"https:\/\/www.europesays.com\/fr\/wp-json\/wp\/v2\/types\/post"}],"author":[{"embeddable":true,"href":"https:\/\/www.europesays.com\/fr\/wp-json\/wp\/v2\/users\/2"}],"replies":[{"embeddable":true,"href":"https:\/\/www.europesays.com\/fr\/wp-json\/wp\/v2\/comments?post=516510"}],"version-history":[{"count":0,"href":"https:\/\/www.europesays.com\/fr\/wp-json\/wp\/v2\/posts\/516510\/revisions"}],"wp:featuredmedia":[{"embeddable":true,"href":"https:\/\/www.europesays.com\/fr\/wp-json\/wp\/v2\/media\/516511"}],"wp:attachment":[{"href":"https:\/\/www.europesays.com\/fr\/wp-json\/wp\/v2\/media?parent=516510"}],"wp:term":[{"taxonomy":"category","embeddable":true,"href":"https:\/\/www.europesays.com\/fr\/wp-json\/wp\/v2\/categories?post=516510"},{"taxonomy":"post_tag","embeddable":true,"href":"https:\/\/www.europesays.com\/fr\/wp-json\/wp\/v2\/tags?post=516510"}],"curies":[{"name":"wp","href":"https:\/\/api.w.org\/{rel}","templated":true}]}}