{"id":516512,"date":"2025-11-06T18:41:12","date_gmt":"2025-11-06T18:41:12","guid":{"rendered":"https:\/\/www.europesays.com\/fr\/516512\/"},"modified":"2025-11-06T18:41:12","modified_gmt":"2025-11-06T18:41:12","slug":"constance-marchand-change-de-club-actualite","status":"publish","type":"post","link":"https:\/\/www.europesays.com\/fr\/516512\/","title":{"rendered":"Constance Marchand change de club &#8211; Actualit\u00e9"},"content":{"rendered":"<p style=\"text-align: justify;\">Constance Marchand va quitter le club du Sprinteur Club F\u00e9minin pour rejoindre une autre \u00e9quipe de N2, le VCESQY Team Voussert. Elle est accompagn\u00e9e dans sa mutation par Z\u00e9lie Diebolt. Le club des Yvelines a d\u00e9j\u00e0 annonc\u00e9 ces derniers jours le recrutement de trois autres cyclistes, Ana\u00efs Hebinger qui vient du Watt Cycling Club, Rachelle Robin (US Maule) et Victoria Rigo, une triathl\u00e8te.<\/p>\n<p>Constance Marchand, 24 ans, a gagn\u00e9 cette ann\u00e9e la Montoirienne Ladies. Elle s&rsquo;est aussi class\u00e9e 2e du Grand Prix de Cours-la-Ville et 4e du Grand Prix d&rsquo;Ouverture d&rsquo;Albi \u00e0 Carlus et de la Classic F\u00e9minine Vienne Nouvelle-Aquitaine en Coupe de France N2. Active sur piste, elle compte un titre de Championne de France de la course aux points.<\/p>\n<p>Z\u00e9lie Diebolt, 18 ans, a obtenu la 5e place du Championnat de France de relais mixte avec le comit\u00e9 Hauts-de-France, la 11e du scratch du Championnat des Hauts-de-France et la 15e des Boucles de l&rsquo;Oise F\u00e9minines.\u00a0<\/p>\n<p>Rachelle Robin, 25 ans, est la Championne nationale de la FSGT. Elle a conquis son titre \u00e0 Esserts-Blay (Savoie). Elle a disput\u00e9 Paris-Bourges en fin de saison avec l&rsquo;\u00e9quipe du comit\u00e9 Ile-de-France.<\/p>\n<p>Ana\u00efs Hebinger, 28 ans, courait avec une licence Access 2 cette ann\u00e9e. Elle s&rsquo;est class\u00e9e 8e du Championnat d&rsquo;Ile-de-France et prendra une licence Open en 2026.<\/p>\n<p>Victoria Rigo, 21 ans, vient donc du triathlon.<br \/>Retrouvez toutes les mutations de l&rsquo;intersaison <a href=\"https:\/\/www.directvelo.com\/mutations\/2026#women-women_dn1\" target=\"_blank\" rel=\"noopener\"><strong>en cliquant ici<\/strong><\/a>.<\/p>\n","protected":false},"excerpt":{"rendered":"Constance Marchand va quitter le club du Sprinteur Club F\u00e9minin pour rejoindre une autre \u00e9quipe de N2, le&hellip;\n","protected":false},"author":2,"featured_media":516513,"comment_status":"","ping_status":"","sticky":false,"template":"","format":"standard","meta":{"footnotes":""},"categories":[1411],"tags":[834,828,836,829,837,827,83,826,824,823,1154,207,814,817,815,816,822,821,832,211,839,1011,27,820,818,819,835,831,830,833,838,60,212,208,825],"class_list":{"0":"post-516512","1":"post","2":"type-post","3":"status-publish","4":"format-standard","5":"has-post-thumbnail","7":"category-cyclisme","8":"tag-attaque","9":"tag-belgique","10":"tag-braquet","11":"tag-bretagne","12":"tag-chute","13":"tag-competition","14":"tag-coupe-de-france","15":"tag-coureur","16":"tag-course-cyclisme","17":"tag-course-cycliste","18":"tag-cycling","19":"tag-cyclisme","20":"tag-direct","21":"tag-direct-velo","22":"tag-directvelo","23":"tag-directvelo-com","24":"tag-epreuve","25":"tag-epreuve-cycliste","26":"tag-federation-francaise-de-cyclisme","27":"tag-ffc","28":"tag-flandres","29":"tag-fr","30":"tag-france","31":"tag-live","32":"tag-live-course","33":"tag-live-epreuve","34":"tag-peloton","35":"tag-radio-peloton","36":"tag-radio-tour","37":"tag-ravitaillement","38":"tag-relance","39":"tag-sports","40":"tag-uci","41":"tag-velo","42":"tag-velos"},"share_on_mastodon":{"url":"https:\/\/pubeurope.com\/@fr\/115504223767770816","error":""},"_links":{"self":[{"href":"https:\/\/www.europesays.com\/fr\/wp-json\/wp\/v2\/posts\/516512","targetHints":{"allow":["GET"]}}],"collection":[{"href":"https:\/\/www.europesays.com\/fr\/wp-json\/wp\/v2\/posts"}],"about":[{"href":"https:\/\/www.europesays.com\/fr\/wp-json\/wp\/v2\/types\/post"}],"author":[{"embeddable":true,"href":"https:\/\/www.europesays.com\/fr\/wp-json\/wp\/v2\/users\/2"}],"replies":[{"embeddable":true,"href":"https:\/\/www.europesays.com\/fr\/wp-json\/wp\/v2\/comments?post=516512"}],"version-history":[{"count":0,"href":"https:\/\/www.europesays.com\/fr\/wp-json\/wp\/v2\/posts\/516512\/revisions"}],"wp:featuredmedia":[{"embeddable":true,"href":"https:\/\/www.europesays.com\/fr\/wp-json\/wp\/v2\/media\/516513"}],"wp:attachment":[{"href":"https:\/\/www.europesays.com\/fr\/wp-json\/wp\/v2\/media?parent=516512"}],"wp:term":[{"taxonomy":"category","embeddable":true,"href":"https:\/\/www.europesays.com\/fr\/wp-json\/wp\/v2\/categories?post=516512"},{"taxonomy":"post_tag","embeddable":true,"href":"https:\/\/www.europesays.com\/fr\/wp-json\/wp\/v2\/tags?post=516512"}],"curies":[{"name":"wp","href":"https:\/\/api.w.org\/{rel}","templated":true}]}}