{"id":516514,"date":"2025-11-06T18:42:12","date_gmt":"2025-11-06T18:42:12","guid":{"rendered":"https:\/\/www.europesays.com\/fr\/516514\/"},"modified":"2025-11-06T18:42:12","modified_gmt":"2025-11-06T18:42:12","slug":"psg-un-mercato-xxl-se-profile-cet-hiver-feu-vert-pour-eric-garcia-fc-barcelone","status":"publish","type":"post","link":"https:\/\/www.europesays.com\/fr\/516514\/","title":{"rendered":"PSG : un mercato XXL se profile cet hiver, feu vert pour Eric Garcia (FC Barcelone) !"},"content":{"rendered":"<p><strong>Avec les blessures qui s\u2019accumulent au PSG, le club de la capitale a pris la d\u00e9cision de frapper fort cet hiver pour le mercato. Et le nom d\u2019Eric Garcia (FC Barcelone) r\u00e9sonne de plus en plus\u2026<\/strong><\/p>\n<p>Le PSG a perdu gros mardi. Pas seulement 3 points <a href=\"https:\/\/www.butfootballclub.fr\/626343-le-psg-tombe-face-au-bayern-munich-les-notes-des-parisiens\/\" rel=\"noreferrer noopener\" target=\"_blank\">lors de sa d\u00e9faite face au Bayern Munich<\/a> en Ligue des Champions, <a href=\"https:\/\/www.butfootballclub.fr\/626506-psg-apres-dembele-et-hakimi-nouvelle-tuile-avec-nuno-mendes\/\" rel=\"noreferrer noopener\" target=\"_blank\">mais \u00e9galement des hommes forts de son effectif<\/a>. En effet, en plus de D\u00e9sir\u00e9 Dou\u00e9 : Achraf Hakimi, Ousmane Demb\u00e9l\u00e9 et Nuno Mendes se sont \u00e9galement bless\u00e9s. Beaucoup de mauvaises nouvelles pour Luis Enrique, qui se dit peut-\u00eatre que son groupe n\u2019a pas \u00e9t\u00e9 assez \u00e9toff\u00e9 lors du mercato estival. Et cela pourrait avoir un impact direct sur le march\u00e9 de cet hiver. <\/p>\n<p>Trois joueurs cibl\u00e9s<\/p>\n<p>En effet, selon <a href=\"https:\/\/www.footmercato.net\/a2156518190723505884-le-psg-reflechit-a-recruter-3-joueurs-en-janvier\" rel=\"noreferrer noopener\" target=\"_blank\">Foot Mercato<\/a>, le PSG \u00ab\u00a0souhaite bondir sur les opportunit\u00e9s au cours du mercato hivernal\u00a0\u00bb. Au total, un d\u00e9fenseur polyvalent, un milieu de terrain exp\u00e9riment\u00e9 et un attaquant capable de jouer sur les ailes sont cibl\u00e9s selon nos confr\u00e8res. \u00c0 noter que, ces derni\u00e8res heures, <a href=\"https:\/\/www.butfootballclub.fr\/ligue-1\/psg\/mercato-le-psg-tente-un-gros-coup-au-barca-pour-remplacer-hakimi\/\" rel=\"noreferrer noopener\" target=\"_blank\">le nom d\u2019Eric Garc\u00eda du FC Barcelone a \u00e9t\u00e9 cit\u00e9<\/a>. Un petit d\u00e9saveu concernant le mercato estival, o\u00f9 le club de la capitale n\u2019avait recrut\u00e9 que Lucas Chevalier, Renato Marin et Illya Zabarnyi. Paris se pr\u00e9pare donc \u00e0 un hiver qui s\u2019annonce tr\u00e8s chaud !<\/p>\n","protected":false},"excerpt":{"rendered":"Avec les blessures qui s\u2019accumulent au PSG, le club de la capitale a pris la d\u00e9cision de frapper&hellip;\n","protected":false},"author":2,"featured_media":516515,"comment_status":"","ping_status":"","sticky":false,"template":"","format":"standard","meta":{"footnotes":""},"categories":[1410],"tags":[11,448,63,1011,27,66,3388,12,60,10662],"class_list":{"0":"post-516514","1":"post","2":"type-post","3":"status-publish","4":"format-standard","5":"has-post-thumbnail","7":"category-football","8":"tag-actualites","9":"tag-champions-league","10":"tag-football","11":"tag-fr","12":"tag-france","13":"tag-ligue-1","14":"tag-matchs","15":"tag-news","16":"tag-sports","17":"tag-transferts"},"share_on_mastodon":{"url":"https:\/\/pubeurope.com\/@fr\/115504227667576457","error":""},"_links":{"self":[{"href":"https:\/\/www.europesays.com\/fr\/wp-json\/wp\/v2\/posts\/516514","targetHints":{"allow":["GET"]}}],"collection":[{"href":"https:\/\/www.europesays.com\/fr\/wp-json\/wp\/v2\/posts"}],"about":[{"href":"https:\/\/www.europesays.com\/fr\/wp-json\/wp\/v2\/types\/post"}],"author":[{"embeddable":true,"href":"https:\/\/www.europesays.com\/fr\/wp-json\/wp\/v2\/users\/2"}],"replies":[{"embeddable":true,"href":"https:\/\/www.europesays.com\/fr\/wp-json\/wp\/v2\/comments?post=516514"}],"version-history":[{"count":0,"href":"https:\/\/www.europesays.com\/fr\/wp-json\/wp\/v2\/posts\/516514\/revisions"}],"wp:featuredmedia":[{"embeddable":true,"href":"https:\/\/www.europesays.com\/fr\/wp-json\/wp\/v2\/media\/516515"}],"wp:attachment":[{"href":"https:\/\/www.europesays.com\/fr\/wp-json\/wp\/v2\/media?parent=516514"}],"wp:term":[{"taxonomy":"category","embeddable":true,"href":"https:\/\/www.europesays.com\/fr\/wp-json\/wp\/v2\/categories?post=516514"},{"taxonomy":"post_tag","embeddable":true,"href":"https:\/\/www.europesays.com\/fr\/wp-json\/wp\/v2\/tags?post=516514"}],"curies":[{"name":"wp","href":"https:\/\/api.w.org\/{rel}","templated":true}]}}