{"id":516518,"date":"2025-11-06T18:44:11","date_gmt":"2025-11-06T18:44:11","guid":{"rendered":"https:\/\/www.europesays.com\/fr\/516518\/"},"modified":"2025-11-06T18:44:11","modified_gmt":"2025-11-06T18:44:11","slug":"enfin-devoile-un-rapport-de-la-cour-des-comptes-reproche-au-musee-des-choix-budgetaires-au-detriment-de-la-securite-liberation","status":"publish","type":"post","link":"https:\/\/www.europesays.com\/fr\/516518\/","title":{"rendered":"enfin d\u00e9voil\u00e9, un rapport de la Cour des comptes reproche au mus\u00e9e des choix budg\u00e9taires au d\u00e9triment de la s\u00e9curit\u00e9 \u2013 Lib\u00e9ration"},"content":{"rendered":"<p class=\"sc-cPiKLX AiZTS text-element\">Alors qu\u2019il avait fuit\u00e9 en partie dans la foul\u00e9e du <a href=\"https:\/\/www.liberation.fr\/societe\/police-justice\/casse-du-louvre-retour-sur-huit-minutes-dun-casse-historique-au-butin-inestimable-20251020_LKLGW25LNBGIVBW4XUKHOGPPGE\/\" target=\"_blank\" rel=\"noreferrer nofollow noopener\" title=\"https:\/\/www.liberation.fr\/societe\/police-justice\/casse-du-louvre-retour-sur-huit-minutes-dun-casse-historique-au-butin-inestimable-20251020_LKLGW25LNBGIVBW4XUKHOGPPGE\/\">spectaculaire casse du dimanche 19 octobre<\/a>, <a href=\"https:\/\/www.ccomptes.fr\/sites\/default\/files\/2025-11\/20251106-Etablissement-public-musee-du-Louvre.pdf\" target=\"_blank\" rel=\"noreferrer nofollow noopener\" title=\"https:\/\/www.ccomptes.fr\/sites\/default\/files\/2025-11\/20251106-Etablissement-public-musee-du-Louvre.pdf\">le rapport<\/a> de la Cour des comptes portant sur l\u2019\u00e9tablissement public du mus\u00e9e du Louvre vient officiellement d\u2019\u00eatre rendu public, ce jeudi 6 novembre, par le pr\u00e9sident de la Cour, <a href=\"https:\/\/www.liberation.fr\/economie\/reconduit-en-juillet-pierre-moscovici-pourrait-quitter-la-presidence-de-la-cour-des-comptes-plus-vite-que-prevu-20250917_KYABI2K5CJDSZK4DB3A5BGVIBU\/\" target=\"_blank\" rel=\"noreferrer nofollow noopener\" title=\"https:\/\/www.liberation.fr\/economie\/reconduit-en-juillet-pierre-moscovici-pourrait-quitter-la-presidence-de-la-cour-des-comptes-plus-vite-que-prevu-20250917_KYABI2K5CJDSZK4DB3A5BGVIBU\/\">Pierre Moscovici<\/a>, et le pr\u00e9sident de la troisi\u00e8me chambre, Nacer Meddah, qui a supervis\u00e9 l\u2019audit. Accompagn\u00e9 de deux rapports connexes visant le fonds<\/p>\n","protected":false},"excerpt":{"rendered":"Alors qu\u2019il avait fuit\u00e9 en partie dans la foul\u00e9e du spectaculaire casse du dimanche 19 octobre, le rapport&hellip;\n","protected":false},"author":2,"featured_media":516519,"comment_status":"","ping_status":"","sticky":false,"template":"","format":"standard","meta":{"footnotes":""},"categories":[1358],"tags":[1348,1384,1385,54351,1386,58,59,1011,27,3094],"class_list":{"0":"post-516518","1":"post","2":"type-post","3":"status-publish","4":"format-standard","5":"has-post-thumbnail","7":"category-arts-et-design","8":"tag-arts","9":"tag-arts-and-design","10":"tag-arts-et-design","11":"tag-cour-comptes","12":"tag-design","13":"tag-divertissement","14":"tag-entertainment","15":"tag-fr","16":"tag-france","17":"tag-musee-du-louvre"},"share_on_mastodon":{"url":"https:\/\/pubeurope.com\/@fr\/115504235329234775","error":""},"_links":{"self":[{"href":"https:\/\/www.europesays.com\/fr\/wp-json\/wp\/v2\/posts\/516518","targetHints":{"allow":["GET"]}}],"collection":[{"href":"https:\/\/www.europesays.com\/fr\/wp-json\/wp\/v2\/posts"}],"about":[{"href":"https:\/\/www.europesays.com\/fr\/wp-json\/wp\/v2\/types\/post"}],"author":[{"embeddable":true,"href":"https:\/\/www.europesays.com\/fr\/wp-json\/wp\/v2\/users\/2"}],"replies":[{"embeddable":true,"href":"https:\/\/www.europesays.com\/fr\/wp-json\/wp\/v2\/comments?post=516518"}],"version-history":[{"count":0,"href":"https:\/\/www.europesays.com\/fr\/wp-json\/wp\/v2\/posts\/516518\/revisions"}],"wp:featuredmedia":[{"embeddable":true,"href":"https:\/\/www.europesays.com\/fr\/wp-json\/wp\/v2\/media\/516519"}],"wp:attachment":[{"href":"https:\/\/www.europesays.com\/fr\/wp-json\/wp\/v2\/media?parent=516518"}],"wp:term":[{"taxonomy":"category","embeddable":true,"href":"https:\/\/www.europesays.com\/fr\/wp-json\/wp\/v2\/categories?post=516518"},{"taxonomy":"post_tag","embeddable":true,"href":"https:\/\/www.europesays.com\/fr\/wp-json\/wp\/v2\/tags?post=516518"}],"curies":[{"name":"wp","href":"https:\/\/api.w.org\/{rel}","templated":true}]}}