{"id":516520,"date":"2025-11-06T18:46:18","date_gmt":"2025-11-06T18:46:18","guid":{"rendered":"https:\/\/www.europesays.com\/fr\/516520\/"},"modified":"2025-11-06T18:46:18","modified_gmt":"2025-11-06T18:46:18","slug":"cette-page-se-tourne-dans-la-plus-belle-des-ambiances-hanouna-rachete-sa-societe-de-production-au-geant-banijay","status":"publish","type":"post","link":"https:\/\/www.europesays.com\/fr\/516520\/","title":{"rendered":"\u00ab\u00a0Cette page se tourne dans la plus belle des ambiances\u00a0\u00bb\u2026 Hanouna rach\u00e8te sa soci\u00e9t\u00e9 de production au g\u00e9ant Banijay"},"content":{"rendered":"<p> \u00abBaba\u00a0\u00bb veut retrouver son autonomie en tant que producteur en rachetant H2O, la soci\u00e9t\u00e9 de production qu\u2019il avait fond\u00e9e en\u00a02010, \u00e0 Banijay France, qui en assurait le d\u00e9veloppement depuis\u00a02015. Le montant de l\u2019accord n\u2019a pas \u00e9t\u00e9 d\u00e9voil\u00e9. <a href=\"https:\/\/www.20minutes.fr\/arts-stars\/television\/cyril_hanouna\/\" class=\"c-link c-link--is-underlined\" target=\"_blank\" rel=\"noopener\">Cyril Hanouna<\/a> \u00ab\u00a0reste actionnaire\u00a0\u00bb de Banijay, pr\u00e9cise le communiqu\u00e9 diffus\u00e9 par l\u2019animateur-producteur sur ses r\u00e9seaux sociaux. Ce rachat prendra effet \u00e0 partir du 1er\u00a0janvier 2026.<\/p>\n<p>\u00ab\u00a0Cyril Hanouna deviendra l\u2019unique actionnaire d\u2019H2O, soci\u00e9t\u00e9 de production qu\u2019il a fond\u00e9e en\u00a02010 et rachet\u00e9e par Banijay en\u00a02015\u00a0\u00bb, poursuit le texte. \u00ab\u00a0Cette page se tourne dans la plus belle des ambiances, avec \u00e9norm\u00e9ment de respect et d\u2019amiti\u00e9\u00a0\u00bb, a assur\u00e9 l\u2019animateur et producteur, cit\u00e9 dans le communiqu\u00e9.<\/p>\n<p>Cette op\u00e9ration s\u2019est faite \u00ab\u00a0\u00e0 l\u2019initiative\u00a0\u00bb de Cyril Hanouna, a d\u00e9clar\u00e9 aux journalistes Fran\u00e7ois Riahi, le directeur g\u00e9n\u00e9ral de Banijay Group (soci\u00e9t\u00e9 m\u00e8re de Banijay France), en marge de la pr\u00e9sentation des r\u00e9sultats de cette entreprise.<\/p>\n<\/p>\n<p>Cyril Hanouna \u00ab\u00a0souhaitait reprendre sa libert\u00e9, \u00eatre ma\u00eetre \u00e0 bord\u00a0\u00bb, a ajout\u00e9 M. Riahi. \u00ab\u00a0On se quitte tr\u00e8s bons amis\u00a0\u00bb, a-t-il ajout\u00e9. Cit\u00e9e dans le communiqu\u00e9, la pr\u00e9sidente de Banijay France, <a href=\"https:\/\/www.20minutes.fr\/arts-stars\/people\/4157043-20250605-alexia-laroche-joubert-horripilee-victimisation-femmes-feminisme\" target=\"_blank\" class=\"c-link c-link--is-underlined\" rel=\"noopener\">Alexia Laroche-Joubert<\/a>, a dit souhaiter \u00ab\u00a0\u00e0 Cyril et toutes ses \u00e9quipes le meilleur pour la suite de leurs aventures\u00a0\u00bb.<\/p>\n<p>Des programmes diffus\u00e9s par le groupe M6<\/p>\n<p>H2O Productions produit notamment \u00ab\u00a0Y\u2019a que la v\u00e9rit\u00e9 qui compte\u00a0\u00bb pr\u00e9sent\u00e9e par Pascal Bataille et Laurent Fontaine ainsi que l\u2019\u00e9mission quotidienne qu\u2019il pr\u00e9sente sur <a href=\"https:\/\/www.20minutes.fr\/dossier\/w9\" class=\"c-link c-link--is-underlined\" target=\"_blank\" rel=\"noopener\">W9<\/a> (groupe M6), \u00ab\u00a0<a href=\"https:\/\/www.20minutes.fr\/arts-stars\/television\/tout-beau-tout-n9uf\/\" class=\"c-link c-link--is-underlined\" target=\"_blank\" rel=\"noopener\">Tout beau tout n9uf<\/a>\u00a0\u00bb.<\/p>\n<p>Ce programme a d\u00e9but\u00e9 en septembre, six mois apr\u00e8s l\u2019arr\u00eat de la pr\u00e9c\u00e9dente \u00e9mission de Cyril Hanouna, \u00ab\u00a0<a href=\"https:\/\/www.20minutes.fr\/arts-stars\/television\/tpmp\/\" class=\"c-link c-link--is-underlined\" target=\"_blank\" rel=\"noopener\">Touche pas \u00e0 mon poste<\/a>\u00a0\u00bb sur C8. Cette cha\u00eene, qui a cumul\u00e9 7,6\u00a0millions d\u2019euros d\u2019amendes \u00e0 cause des d\u00e9rapages de son animateur vedette, a cess\u00e9 d\u2019\u00e9mettre apr\u00e8s le non-renouvellement de sa fr\u00e9quence par l\u2019<a href=\"https:\/\/www.20minutes.fr\/dossier\/csa\" class=\"c-link c-link--is-underlined\" target=\"_blank\" rel=\"noopener\">Arcom<\/a>, le r\u00e9gulateur de l\u2019audiovisuel.<\/p>\n","protected":false},"excerpt":{"rendered":"\u00abBaba\u00a0\u00bb veut retrouver son autonomie en tant que producteur en rachetant H2O, la soci\u00e9t\u00e9 de production qu\u2019il avait&hellip;\n","protected":false},"author":2,"featured_media":516521,"comment_status":"","ping_status":"","sticky":false,"template":"","format":"standard","meta":{"footnotes":""},"categories":[1356],"tags":[7278,1083,58,59,1011,27,252,3171,49425,1364,2395],"class_list":{"0":"post-516520","1":"post","2":"type-post","3":"status-publish","4":"format-standard","5":"has-post-thumbnail","7":"category-television","8":"tag-c8","9":"tag-cyril-hanouna","10":"tag-divertissement","11":"tag-entertainment","12":"tag-fr","13":"tag-france","14":"tag-television","15":"tag-tnt","16":"tag-tout-beau-tout-n9uf","17":"tag-tv","18":"tag-w9"},"share_on_mastodon":{"url":"https:\/\/pubeurope.com\/@fr\/115504243432964492","error":""},"_links":{"self":[{"href":"https:\/\/www.europesays.com\/fr\/wp-json\/wp\/v2\/posts\/516520","targetHints":{"allow":["GET"]}}],"collection":[{"href":"https:\/\/www.europesays.com\/fr\/wp-json\/wp\/v2\/posts"}],"about":[{"href":"https:\/\/www.europesays.com\/fr\/wp-json\/wp\/v2\/types\/post"}],"author":[{"embeddable":true,"href":"https:\/\/www.europesays.com\/fr\/wp-json\/wp\/v2\/users\/2"}],"replies":[{"embeddable":true,"href":"https:\/\/www.europesays.com\/fr\/wp-json\/wp\/v2\/comments?post=516520"}],"version-history":[{"count":0,"href":"https:\/\/www.europesays.com\/fr\/wp-json\/wp\/v2\/posts\/516520\/revisions"}],"wp:featuredmedia":[{"embeddable":true,"href":"https:\/\/www.europesays.com\/fr\/wp-json\/wp\/v2\/media\/516521"}],"wp:attachment":[{"href":"https:\/\/www.europesays.com\/fr\/wp-json\/wp\/v2\/media?parent=516520"}],"wp:term":[{"taxonomy":"category","embeddable":true,"href":"https:\/\/www.europesays.com\/fr\/wp-json\/wp\/v2\/categories?post=516520"},{"taxonomy":"post_tag","embeddable":true,"href":"https:\/\/www.europesays.com\/fr\/wp-json\/wp\/v2\/tags?post=516520"}],"curies":[{"name":"wp","href":"https:\/\/api.w.org\/{rel}","templated":true}]}}