{"id":516522,"date":"2025-11-06T18:47:22","date_gmt":"2025-11-06T18:47:22","guid":{"rendered":"https:\/\/www.europesays.com\/fr\/516522\/"},"modified":"2025-11-06T18:47:22","modified_gmt":"2025-11-06T18:47:22","slug":"faudel-prive-de-ses-deux-premiers-enfants-enzy-et-yana-depuis-12-ans-son-ex-femme-ne-lui-a-pas-laisse-le-choix","status":"publish","type":"post","link":"https:\/\/www.europesays.com\/fr\/516522\/","title":{"rendered":"Faudel priv\u00e9 de ses deux premiers enfants Enzy et Yana depuis 12 ans, son ex-femme ne lui a pas laiss\u00e9 le choix"},"content":{"rendered":"<p class=\"mb-4 text-lg md:leading-8 break-words\">Depuis qu&rsquo;il s&rsquo;est fait conna\u00eetre du public \u00e0 l&rsquo;\u00e2ge de 19 ans, Faudel a bien chang\u00e9. L&rsquo;artiste est aujourd&rsquo;hui papa de quatre enfants, dont deux qu&rsquo;il ne voit plus depuis de nombreuses ann\u00e9es. Une lourde d\u00e9cision prise par son ex-femme, avec qui il m\u00e8ne une guerre sans merci&#8230;<\/p>\n<p class=\"mb-4 text-lg md:leading-8 break-words\">Il y a bient\u00f4t trente ans, <a href=\"https:\/\/www.purepeople.com\/people\/faudel_p1007\" rel=\"nofollow noopener\" target=\"_blank\" data-ylk=\"slk:Faudel;elm:context_link;itc:0;sec:content-canvas\" class=\"link \">Faudel<\/a> se faisait conna\u00eetre du grand public avec son tube Tellement je t&rsquo;aime. Apr\u00e8s plusieurs ann\u00e9es d&rsquo;absence, <a href=\"https:\/\/fr.news.yahoo.com\/aujourdhui-jai-3-passeports-chanteur-050200382.html\" data-ylk=\"slk:Faudel s&#039;appr\u00eate \u00e0 faire son grand retour sur sc\u00e8ne;elm:context_link;itc:0;sec:content-canvas;outcm:mb_qualified_link;_E:mb_qualified_link;ct:story;\" class=\"link  yahoo-link\" target=\"_blank\" rel=\"noopener\"><strong>Faudel s&rsquo;appr\u00eate \u00e0 faire son grand retour sur sc\u00e8ne<\/strong><\/a> avec la tourn\u00e9e des ann\u00e9es 2000 I Gotta Feeling. \u00c0 ses c\u00f4t\u00e9s, <a href=\"https:\/\/www.purepeople.com\/people\/alizee_p476\" rel=\"nofollow noopener\" target=\"_blank\" data-ylk=\"slk:Aliz\u00e9e;elm:context_link;itc:0;sec:content-canvas\" class=\"link \">Aliz\u00e9e<\/a>, <a href=\"https:\/\/www.purepeople.com\/people\/priscilla_p1397\" rel=\"nofollow noopener\" target=\"_blank\" data-ylk=\"slk:Priscilla;elm:context_link;itc:0;sec:content-canvas\" class=\"link \">Priscilla<\/a>, ou bien <a href=\"https:\/\/www.purepeople.com\/people\/billy-crawford_p1016\" rel=\"nofollow noopener\" target=\"_blank\" data-ylk=\"slk:Billy Crawford;elm:context_link;itc:0;sec:content-canvas\" class=\"link \">Billy Crawford<\/a>. Aujourd&rsquo;hui \u00e2g\u00e9 de 47 ans (il en avait 19 lorsqu&rsquo;il s&rsquo;est fait conna\u00eetre),<a href=\"https:\/\/www.purepeople.com\/article\/faudel-a-bien-change-que-devient-le-chanteur-qui-a-aujourd-hui-43-ans_a447067\/1\" rel=\"nofollow noopener\" target=\"_blank\" data-ylk=\"slk:Faudel, qui a bien chang\u00e9;elm:context_link;itc:0;sec:content-canvas\" class=\"link \"> Faudel, qui a bien chang\u00e9<\/a>, est install\u00e9 au Maroc avec sa compagne Hala, <strong>avec qui il a fond\u00e9 une nouvelle famille<\/strong>.<\/p>\n<p class=\"mb-4 text-lg md:leading-8 break-words\">Mari\u00e9s depuis le 25 septembre 2017, le couple est aujourd&rsquo;hui les heureux parents de deux enfants : Loulia, n\u00e9e en 2018 (7 ans), et son petit fr\u00e8re, Taim, qui a vu le jour en 2020 (5 ans). Si Faudel est aujourd&rsquo;hui un papa combl\u00e9, \u00e7a n&rsquo;a pas toujours \u00e9t\u00e9 le cas. Et pour cause, <strong>le chanteur ne voit plus ses deux autres enfants, Enzy, 23 ans, et Yana, 15 ans<\/strong>, n\u00e9s de son union avec Anissa Raiah, comme il l&rsquo;a confi\u00e9 \u00e0 nos confr\u00e8res de Paris Match.<\/p>\n<p><img alt=\"Faudel, son fils et son ex-femme \u00e0 Paris, en 2003.&#10;&#10;Photo : Bertrand Rindoff Petroff \/ Bestimage\" loading=\"lazy\" width=\"960\" height=\"1408\" decoding=\"async\" data-nimg=\"1\" class=\"rounded-lg\" style=\"color:transparent\" src=\"https:\/\/www.europesays.com\/fr\/wp-content\/uploads\/2025\/11\/a90685e33517a2c7d994a41d16b1ac54.jpeg\"\/><\/p>\n<p>\u00a9 BestImage, BERTRAND RINDOFF PETROFF \/ BESTIMAGE<\/p>\n<p class=\"mb-4 text-lg md:leading-8 break-words\">Faudel priv\u00e9 de ses deux premiers enfants<\/p>\n<p class=\"mb-4 text-lg md:leading-8 break-words\">Dans cette interview accord\u00e9e \u00e0 nos confr\u00e8res, Faudel a confi\u00e9 que la naissance de son premier enfant \u00e9tait arriv\u00e9e trop t\u00f4t dans sa vie : \u00ab\u00a0<strong>Je n&rsquo;\u00e9tais clairement pas pr\u00eat. C&rsquo;est tr\u00e8s jeune pour \u00eatre p\u00e8re, 23 ans<\/strong>\u00ab\u00a0. Si aujourd&rsquo;hui, le chanteur se dit fier de son fils, devenu \u00ab\u00a0avocat d&rsquo;affaires\u00a0\u00bb, il n&rsquo;a de ses nouvelles que sur les r\u00e9seaux sociaux, comme il l&rsquo;explique \u00e0 Paris Match : \u00ab\u00a0Je l&rsquo;aper\u00e7ois sur Instagram dans les d\u00e9fil\u00e9s de mode, souvent assis \u00e0 c\u00f4t\u00e9 des patrons\u00a0\u00bb.<\/p>\n<p class=\"mb-4 text-lg md:leading-8 break-words\">En effet, depuis qu&rsquo;il s&rsquo;est install\u00e9 au Maroc il y a maintenant douze ans, Faudel ne voit plus ses deux premiers enfants, Enzy et Yana. \u00ab\u00a0<strong>Mon ex-femme m&rsquo;accuse de ne pas avoir pay\u00e9 les pensions, elle me poursuit encore actuellement<\/strong>\u00ab\u00a0, explique-t-il, avant d&rsquo;ajouter pour sa d\u00e9fense : \u00ab\u00a0Je tiens pourtant tous mes relev\u00e9s de comptes \u00e0 disposition, \u00e0 votre disposition\u00a0\u00bb. Un coup dur pour Faudel qui est donc sans nouvelle de sa premi\u00e8re famille.<\/p>\n<p class=\"mb-4 text-lg md:leading-8 break-words\">Aujourd&rsquo;hui, <strong>Faudel vit avec Hala, Loulia et Taim entre Rabat et Marrakech<\/strong>, comme il le confie : \u00ab\u00a0Hala dirige une \u00e9cole, il va bient\u00f4t falloir nous fixer sur un lieu pr\u00e9cis pour la scolarit\u00e9 des enfants. La tendance penche actuellement vers Rabat, plus calme, plus apaisant que Marrakech\u00a0\u00bb. Nouvelle ville, nouvelle famille et nouvelle vie.<\/p>\n<p class=\"mb-4 text-lg md:leading-8 break-words\"><a href=\"https:\/\/www.purepeople.com\/article\/faudel-prive-de-ses-deux-premiers-enfants-enzy-et-yana-depuis-12-ans-son-ex-femme-ne-lui-a-pas-laisse-le-choix_a544361\/1\" rel=\"nofollow noopener\" target=\"_blank\" data-ylk=\"slk:Article original sur Purepeople;elm:context_link;itc:0;sec:content-canvas\" class=\"link \">Article original sur Purepeople<\/a><\/p>\n","protected":false},"excerpt":{"rendered":"Depuis qu&rsquo;il s&rsquo;est fait conna\u00eetre du public \u00e0 l&rsquo;\u00e2ge de 19 ans, Faudel a bien chang\u00e9. L&rsquo;artiste est&hellip;\n","protected":false},"author":2,"featured_media":516523,"comment_status":"","ping_status":"","sticky":false,"template":"","format":"standard","meta":{"footnotes":""},"categories":[1355],"tags":[1764,55607,58,59,56441,1011,27,1361,873,63718],"class_list":{"0":"post-516522","1":"post","2":"type-post","3":"status-publish","4":"format-standard","5":"has-post-thumbnail","7":"category-musique","8":"tag-ans","9":"tag-aujourdhui-2","10":"tag-divertissement","11":"tag-entertainment","12":"tag-faudel","13":"tag-fr","14":"tag-france","15":"tag-music","16":"tag-musique","17":"tag-nouvelle-famille"},"share_on_mastodon":{"url":"https:\/\/pubeurope.com\/@fr\/115504247827513907","error":""},"_links":{"self":[{"href":"https:\/\/www.europesays.com\/fr\/wp-json\/wp\/v2\/posts\/516522","targetHints":{"allow":["GET"]}}],"collection":[{"href":"https:\/\/www.europesays.com\/fr\/wp-json\/wp\/v2\/posts"}],"about":[{"href":"https:\/\/www.europesays.com\/fr\/wp-json\/wp\/v2\/types\/post"}],"author":[{"embeddable":true,"href":"https:\/\/www.europesays.com\/fr\/wp-json\/wp\/v2\/users\/2"}],"replies":[{"embeddable":true,"href":"https:\/\/www.europesays.com\/fr\/wp-json\/wp\/v2\/comments?post=516522"}],"version-history":[{"count":0,"href":"https:\/\/www.europesays.com\/fr\/wp-json\/wp\/v2\/posts\/516522\/revisions"}],"wp:featuredmedia":[{"embeddable":true,"href":"https:\/\/www.europesays.com\/fr\/wp-json\/wp\/v2\/media\/516523"}],"wp:attachment":[{"href":"https:\/\/www.europesays.com\/fr\/wp-json\/wp\/v2\/media?parent=516522"}],"wp:term":[{"taxonomy":"category","embeddable":true,"href":"https:\/\/www.europesays.com\/fr\/wp-json\/wp\/v2\/categories?post=516522"},{"taxonomy":"post_tag","embeddable":true,"href":"https:\/\/www.europesays.com\/fr\/wp-json\/wp\/v2\/tags?post=516522"}],"curies":[{"name":"wp","href":"https:\/\/api.w.org\/{rel}","templated":true}]}}