{"id":516524,"date":"2025-11-06T18:48:21","date_gmt":"2025-11-06T18:48:21","guid":{"rendered":"https:\/\/www.europesays.com\/fr\/516524\/"},"modified":"2025-11-06T18:48:21","modified_gmt":"2025-11-06T18:48:21","slug":"v-pour-vendetta-une-bande-annonce-pour-la-ressortie-des-20-ans-du-film","status":"publish","type":"post","link":"https:\/\/www.europesays.com\/fr\/516524\/","title":{"rendered":"V pour Vendetta : Une bande annonce pour la ressortie des 20 ans du film !"},"content":{"rendered":"<p>&#13;<br \/>\n        &#13;<br \/>\n&#13;<br \/>\n        &#13;<br \/>\n&#13;<\/p>\n<p><a href=\"https:\/\/www.europesays.com\/fr\/wp-content\/uploads\/2025\/11\/vforvedetta-dc.jpg\"><img loading=\"lazy\" decoding=\"async\" src=\"https:\/\/www.europesays.com\/fr\/wp-content\/uploads\/2025\/11\/vforvedetta-dc.jpg\" alt=\"\" width=\"696\" height=\"258\" class=\"aligncenter size-medium wp-image-283980\"  \/><\/a><\/p>\n<p style=\"text-align: justify;\">Ce n\u2019est qu\u2019un \u00e9chantillon du dernier week-end : Retour vers le futur, Twilight, L\u2019\u00e9trange No\u00ebl de Monsieur Jack, Casper\u2026 Aux Etats-Unis, les ressorties se multiplient pour combler les trous d\u2019une programmation faiblarde, dont l\u2019origine est sans doute \u00e0 chercher dans le fusion des grands studios, qui produisent m\u00e9caniquement moins. Dans ce contexte, une nouvelle ressortie est pr\u00e9vue le 5 novembre 2026 pour les 20 ans d\u2019un film appr\u00e9ci\u00e9 de tous ou presque : <strong>V pour Vendetta<\/strong> de James McTeigue, adaptation de <a href=\"https:\/\/amzn.to\/4qL8R9p\" rel=\"noopener noreferrer nofollow\" target=\"_blank\">l\u2019\u0153uvre culte d\u2019Alan Moore et  David Lloyd<\/a> ! Oui, Warner Bros. Pictures et DC Comics s\u2019y prennent t\u00f4t, de quoi esp\u00e9rer quelques s\u00e9ances sp\u00e9ciales en France le moment venu (#GrandRex)\u2026<\/p>\n<p style=\"text-align: justify;\">Londres, au XXIe si\u00e8cle\u2026 Evey Hammond ne veut rien oublier de l\u2019homme qui lui sauva la vie et lui permit de dominer ses peurs les plus lointaines. Mais il fut un temps o\u00f9 elle n\u2019aspirait qu\u2019\u00e0 l\u2019anonymat pour \u00e9chapper \u00e0 une police secr\u00e8te omnipotente. Comme tous ses concitoyens, trop vite soumis, elle acceptait que son pays ait perdu son \u00e2me et se soit donn\u00e9 en masse au tyran Sutler et \u00e0 ses partisans. Une nuit, alors que deux \u2018gardiens de l\u2019ordre\u2019 s\u2019appr\u00eataient \u00e0 la violer dans une rue d\u00e9serte, Evey vit surgir son lib\u00e9rateur. Et rien ne fut plus comme avant. Son apprentissage commen\u00e7a quelques semaines plus tard sous la tutelle du myst\u00e9rieux V.<\/p>\n<\/p>\n<p><a href=\"https:\/\/amzn.to\/3JypO3L\" target=\"_blank\" rel=\"noopener noreferrer nofollow\"><img loading=\"lazy\" decoding=\"async\" class=\"aligncenter size-medium wp-image-200788\" src=\"https:\/\/www.europesays.com\/fr\/wp-content\/uploads\/2025\/05\/1747098672_910_rappelll.jpg\" alt=\"\" width=\"696\" height=\"73\"\/><\/a><\/p>\n<p>        &#13;<br \/>\n&#13;<br \/>\n&#13;<br \/>\n        &#13;<br \/>\n                        &#13;<br \/>\n            &#13;<br \/>\n&#13;<br \/>\n                        Article pr\u00e9c\u00e9dent<a href=\"http:\/\/lestoilesheroiques.fr\/2025\/11\/wonder-man-un-nouveau-teaser-avec-une-mini-dose-de-super.html\" rel=\"nofollow noopener\" target=\"_blank\">Wonder Man : Un nouveau teaser avec une mini-dose de super !<\/a>                                &#13;<br \/>\n&#13;<\/p>\n","protected":false},"excerpt":{"rendered":"&#13; &#13; &#13; &#13; &#13; Ce n\u2019est qu\u2019un \u00e9chantillon du dernier week-end : Retour vers le futur, Twilight,&hellip;\n","protected":false},"author":2,"featured_media":516525,"comment_status":"","ping_status":"","sticky":false,"template":"","format":"standard","meta":{"footnotes":""},"categories":[1354],"tags":[58,59,1346,1011,27,1360],"class_list":{"0":"post-516524","1":"post","2":"type-post","3":"status-publish","4":"format-standard","5":"has-post-thumbnail","7":"category-films","8":"tag-divertissement","9":"tag-entertainment","10":"tag-films","11":"tag-fr","12":"tag-france","13":"tag-movies"},"share_on_mastodon":{"url":"https:\/\/pubeurope.com\/@fr\/115504251836351741","error":""},"_links":{"self":[{"href":"https:\/\/www.europesays.com\/fr\/wp-json\/wp\/v2\/posts\/516524","targetHints":{"allow":["GET"]}}],"collection":[{"href":"https:\/\/www.europesays.com\/fr\/wp-json\/wp\/v2\/posts"}],"about":[{"href":"https:\/\/www.europesays.com\/fr\/wp-json\/wp\/v2\/types\/post"}],"author":[{"embeddable":true,"href":"https:\/\/www.europesays.com\/fr\/wp-json\/wp\/v2\/users\/2"}],"replies":[{"embeddable":true,"href":"https:\/\/www.europesays.com\/fr\/wp-json\/wp\/v2\/comments?post=516524"}],"version-history":[{"count":0,"href":"https:\/\/www.europesays.com\/fr\/wp-json\/wp\/v2\/posts\/516524\/revisions"}],"wp:featuredmedia":[{"embeddable":true,"href":"https:\/\/www.europesays.com\/fr\/wp-json\/wp\/v2\/media\/516525"}],"wp:attachment":[{"href":"https:\/\/www.europesays.com\/fr\/wp-json\/wp\/v2\/media?parent=516524"}],"wp:term":[{"taxonomy":"category","embeddable":true,"href":"https:\/\/www.europesays.com\/fr\/wp-json\/wp\/v2\/categories?post=516524"},{"taxonomy":"post_tag","embeddable":true,"href":"https:\/\/www.europesays.com\/fr\/wp-json\/wp\/v2\/tags?post=516524"}],"curies":[{"name":"wp","href":"https:\/\/api.w.org\/{rel}","templated":true}]}}