{"id":516533,"date":"2025-11-06T18:53:09","date_gmt":"2025-11-06T18:53:09","guid":{"rendered":"https:\/\/www.europesays.com\/fr\/516533\/"},"modified":"2025-11-06T18:53:09","modified_gmt":"2025-11-06T18:53:09","slug":"mauvaise-nouvelle-pour-tous-les-detenteurs-dune-assurance-vie","status":"publish","type":"post","link":"https:\/\/www.europesays.com\/fr\/516533\/","title":{"rendered":"mauvaise nouvelle pour tous les d\u00e9tenteurs d&rsquo;une assurance-vie"},"content":{"rendered":"<p>Pr\u00e8s de 20 millions de personnes d\u00e9tiennent une assurance-vie, ce qui en fait l&rsquo;un des placements pr\u00e9f\u00e9r\u00e9s des Fran\u00e7ais. Une tendance qui ne se d\u00e9ment pas ces derniers trimiestres, bien au contraire : avec la baisse des taux de r\u00e9mun\u00e9ration des livrets d\u00e9fiscalis\u00e9s comme le livret A et l&rsquo;am\u00e9lioration des rendements des fonds en euros, la collecte nette des contrats d&rsquo;assurance-vie \u00e0 afficher des montants \u00e9lev\u00e9s en 2025. Mais une mesure \u00e0 venir pourrait bien freiner cet engouement d\u00e8s l&rsquo;an prochain.<\/p>\n<p>Comme chacun sait, le budget actuellement discut\u00e9 au Parlement vise \u00e0 la fois \u00e0 baisser les d\u00e9penses mais aussi \u00e0 augmenter certaines recettes de l&rsquo;Etat. Dans ce contexte, sur une proposition des socialistes, l&rsquo;Assembl\u00e9e nationale vient de voter une hausse d&rsquo;imp\u00f4t sur les revenus du capital. Cette mesure concernera les dividendes des actionnaires et les ventes d&rsquo;action, mais aussi l&rsquo;\u00e9pargne salariale, certains revenus immobiliers, les plans \u00e9pargne logement (PEL) ou encore&#8230; les produits des contrats d&rsquo;assurance-vie.<\/p>\n<p>Rappelons que, depuis 2018, les gains g\u00e9n\u00e9r\u00e9s par les contrats d&rsquo;assurance-vie sont soumis \u00e0 un taux global de 17,2\u00a0% de pr\u00e9l\u00e8vements sociaux. Sont ici concern\u00e9s les int\u00e9r\u00eats et les plus-values r\u00e9alis\u00e9es lors de la cl\u00f4ture du contrat ou lors des retraits. Pr\u00e9cisons que ces pr\u00e9l\u00e8vements s&rsquo;appliquent uniquement sur les gains, c&rsquo;est-\u00e0-dire la part des sommes retir\u00e9es sup\u00e9rieure aux versements effectu\u00e9s.<\/p>\n<p>Ce taux de 17,2 % se d\u00e9compose de la fa\u00e7on suivante : 7,5 % pour le pr\u00e9l\u00e8vement de solidarit\u00e9, 0,5 % pour la contribution au remboursement de la dette sociale (CRDS) et 9,2 % pour la contribution sociale g\u00e9n\u00e9ralis\u00e9e, la fameuse \u00ab\u00a0CSG\u00a0\u00bb. C&rsquo;est justement cette CSG que les d\u00e9put\u00e9s viennent d&rsquo;augmenter.<\/p>\n<p>L&rsquo;Assembl\u00e9e a ainsi vot\u00e9 le 5 novembre une double-hausse de la CSG sur ces revenus. Son taux passerait ainsi de 9,2 \u00e0 10,6 % en 2026, puis de 10,6 % \u00e0 11,2 % en 2027, soit une hausse totale de deux points. Une mesure qui touchera donc directement les revenus issus des contrats d&rsquo;assurance-vie qui souffriront ainsi de pr\u00e9l\u00e8vements sociaux plus \u00e9lev\u00e9s en cas de retraits.<\/p>\n<p>Selon les d\u00e9put\u00e9s d\u00e9positaires de cet amendement, cette hausse de la CSG vise \u00e0 r\u00e9aliser 2,8 milliards de recettes l&rsquo;an prochain. Un montant qui serait destin\u00e9 \u00e0 financer la suspension de la r\u00e9forme des retraites.<\/p>\n","protected":false},"excerpt":{"rendered":"Pr\u00e8s de 20 millions de personnes d\u00e9tiennent une assurance-vie, ce qui en fait l&rsquo;un des placements pr\u00e9f\u00e9r\u00e9s des&hellip;\n","protected":false},"author":2,"featured_media":516534,"comment_status":"","ping_status":"","sticky":false,"template":"","format":"standard","meta":{"footnotes":""},"categories":[6],"tags":[58292,35,63719,51761,33,34,51763,1011,27,58293,51767],"class_list":{"0":"post-516533","1":"post","2":"type-post","3":"status-publish","4":"format-standard","5":"has-post-thumbnail","7":"category-economie","8":"tag-actualite-juridique-et-financiere","9":"tag-business","10":"tag-cms-droit-finances-5781","11":"tag-controller-content","12":"tag-economie","13":"tag-economy","14":"tag-format-papier","15":"tag-fr","16":"tag-france","17":"tag-les-histoires-de-droit-finances","18":"tag-parallaxeinfeed"},"share_on_mastodon":{"url":"https:\/\/pubeurope.com\/@fr\/115504270822683159","error":""},"_links":{"self":[{"href":"https:\/\/www.europesays.com\/fr\/wp-json\/wp\/v2\/posts\/516533","targetHints":{"allow":["GET"]}}],"collection":[{"href":"https:\/\/www.europesays.com\/fr\/wp-json\/wp\/v2\/posts"}],"about":[{"href":"https:\/\/www.europesays.com\/fr\/wp-json\/wp\/v2\/types\/post"}],"author":[{"embeddable":true,"href":"https:\/\/www.europesays.com\/fr\/wp-json\/wp\/v2\/users\/2"}],"replies":[{"embeddable":true,"href":"https:\/\/www.europesays.com\/fr\/wp-json\/wp\/v2\/comments?post=516533"}],"version-history":[{"count":0,"href":"https:\/\/www.europesays.com\/fr\/wp-json\/wp\/v2\/posts\/516533\/revisions"}],"wp:featuredmedia":[{"embeddable":true,"href":"https:\/\/www.europesays.com\/fr\/wp-json\/wp\/v2\/media\/516534"}],"wp:attachment":[{"href":"https:\/\/www.europesays.com\/fr\/wp-json\/wp\/v2\/media?parent=516533"}],"wp:term":[{"taxonomy":"category","embeddable":true,"href":"https:\/\/www.europesays.com\/fr\/wp-json\/wp\/v2\/categories?post=516533"},{"taxonomy":"post_tag","embeddable":true,"href":"https:\/\/www.europesays.com\/fr\/wp-json\/wp\/v2\/tags?post=516533"}],"curies":[{"name":"wp","href":"https:\/\/api.w.org\/{rel}","templated":true}]}}