{"id":516567,"date":"2025-11-06T19:14:21","date_gmt":"2025-11-06T19:14:21","guid":{"rendered":"https:\/\/www.europesays.com\/fr\/516567\/"},"modified":"2025-11-06T19:14:21","modified_gmt":"2025-11-06T19:14:21","slug":"1-million-de-voyageurs-accueillis-en-10-ans-depuis-rennes-cocoonr-gere-des-milliers-de-locations-saisonnieres-partout-en-france","status":"publish","type":"post","link":"https:\/\/www.europesays.com\/fr\/516567\/","title":{"rendered":"\u00ab\u00a01\u00a0million de voyageurs accueillis en 10 ans\u00a0\u00bb\u00a0: depuis Rennes, Cocoonr g\u00e8re des milliers de locations saisonni\u00e8res partout en France"},"content":{"rendered":"<p>La conciergerie Cocoonr a vu le jour il y a dix ans, dans le sillage de l\u2019av\u00e8nement de plateformes comme Airbnb, Booking ou Abritel, pour proposer des logements en location de courte dur\u00e9e ainsi que des services de gestion aux propri\u00e9taires de ces logements. O\u00f9 en est l\u2019entreprise, une d\u00e9cennie apr\u00e8s sa cr\u00e9ation \u00e0 Rennes ?<\/p>\n<p>Depuis 2015, nous avons accueilli plus d\u2019un million de voyageurs. Nous g\u00e9rons pr\u00e8s de 5 000 logements, gr\u00e2ce \u00e0 un r\u00e9seau de 20 agences physiques et plus de 320 conciergeries partenaires partout en France. Notre \u00e9quipe compte 150 salari\u00e9s, dont 80 au si\u00e8ge, \u00e0 Rennes. Depuis le d\u00e9but de la semaine, nous avons d\u2019ailleurs d\u00e9m\u00e9nag\u00e9 rue de Lorient, dans les anciennes minoteries M\u00e9tayer. Apr\u00e8s deux ans de travaux, ce b\u00e2timent reprend vie.<\/p>\n<p>Comment avez-vous proc\u00e9d\u00e9 pour d\u00e9velopper Cocoonr ? D\u2019abord \u00e0 Rennes puis en dehors ?<\/p>\n<p>C\u2019est exact. Le d\u00e9veloppement en dehors de Rennes a commenc\u00e9 en 2016-2017 avec la cr\u00e9ation d\u2019agences \u00e0 Toulouse, Nantes, Saint-Malo et Bordeaux. \u00c0 partir de 2019, nous avons proc\u00e9d\u00e9 avec des croissances externes, en rachetant des agences qui ont la m\u00eame activit\u00e9 et un positionnement proche. Notre croissance reste essentiellement organique, mais nous privil\u00e9gions les acquisitions dans les nouvelles zones. Nous en faisons quatre \u00e0 cinq par an.<\/p>\n<p>Cocoon dit \u00eatre tr\u00e8s s\u00e9lectif s\u2019agissant des logements qu\u2019il propose. Quels sont les crit\u00e8res ?<\/p>\n<p>Nous sommes effectivement tr\u00e8s s\u00e9lectifs. Chaque mois, nous recevons 1 000 demandes clients mais nous n\u2019en convertissons que 150. Nous regardons attentivement la localisation du logement, les caract\u00e9ristiques du quartier et de l\u2019immeuble, la r\u00e9glementation locale, les \u00e9quipements, les r\u00e9novations, la d\u00e9coration\u2026 Nous essayons de nous mettre \u00e0 la place d\u2019un locataire et de voir si les choses sont r\u00e9unies pour passer un bon s\u00e9jour. Derri\u00e8re, on fait tout pour que ce soit le cas.<\/p>\n<blockquote><p>Nous g\u00e9rons pr\u00e8s de 5 000 logements aujourd\u2019hui, nous visons les 10 000 d\u2019ici trois ans.<\/p><\/blockquote>\n<p>En choisissant des logements premium, est-ce que les prix propos\u00e9s sont plus \u00e9lev\u00e9s que la moyenne ?<\/p>\n<p>Oui et de plus en plus, nous allons vers des destinations premium : Biarritz, Antibes ou, tr\u00e8s r\u00e9cemment, Annecy et le Grand-Bornand, o\u00f9 nous venons d\u2019int\u00e9grer nos deux premi\u00e8res agences dans les Alpes fran\u00e7aises. L\u2019id\u00e9e est d\u2019en ouvrir d\u2019autres, entre cinq et sept d\u2019ici 2029, en vue des Jeux Olympiques d\u2019hiver de 2030. Nous avons aussi un plan de d\u00e9veloppement dans les zones baln\u00e9aires. On cherche en Normandie, sur la fa\u00e7ade Atlantique entre La Baule et La Rochelle, sur l\u2019arc m\u00e9diterran\u00e9en entre Marseille et Antibes, et, de fa\u00e7on moins prioritaire, dans le Sud-Ouest. Nous g\u00e9rons pr\u00e8s de 5 000 logements aujourd\u2019hui, nous visons les 10 000 d\u2019ici trois ans.<\/p>\n<p>Pour se d\u00e9velopper, il faut de l\u2019argent. Cocoonr a d\u00e9j\u00e0 fait <a href=\"https:\/\/www.letelegramme.fr\/ille-et-vilaine\/rennes-35000\/specialiste-de-la-gestion-locative-le-rennais-cocoonr-accueille-deux-nouveaux-actionnaires-4083331.php\" target=\"_blank\" rel=\"noopener\">plusieurs lev\u00e9es de fonds<\/a> depuis sa cr\u00e9ation, pour un total d\u2019environ 4 M\u20ac. Une autre op\u00e9ration est-elle pr\u00e9vue ?<\/p>\n<p>Non. L\u2019entreprise est rentable depuis 2022 et il n\u2019y a pas de raison de remettre en cause notre mod\u00e8le de croissance. En France, le plan de d\u00e9veloppement \u00e0 trois ans est tr\u00e8s clair. En revanche, nous nous interrogeons sur l\u2019opportunit\u00e9 d\u2019aller \u00e0 l\u2019international. Pour le faire, une op\u00e9ration financi\u00e8re pourrait \u00eatre n\u00e9cessaire. Mais sur ce volet international, rien n\u2019est act\u00e9, on arbitrera tr\u00e8s certainement en 2026. Ce n\u2019est pas une d\u00e9cision \u00e0 prendre \u00e0 l\u2019emporte-pi\u00e8ce, d\u2019autant que nous avons encore de quoi faire en France.<\/p>\n<p>C\u2019est-\u00e0-dire ?<\/p>\n<p>Le march\u00e9 fran\u00e7ais de la location saisonni\u00e8re, o\u00f9 nous sommes dans le Top 3 des acteurs, reste en croissance. C\u2019est le deuxi\u00e8me march\u00e9 mondial derri\u00e8re les \u00c9tats-Unis. Je pense que nous pouvons continuer \u00e0 grandir sans aller \u00e0 l\u2019international. Depuis plusieurs ann\u00e9es, notre croissance se maintient entre 15 % et 30 %. En 2025, nous devrions g\u00e9n\u00e9rer un chiffre d\u2019affaires de 16 M\u20ac.<\/p>\n<blockquote><p>Que le l\u00e9gislateur se soit empar\u00e9 du sujet est positif. Je suis plut\u00f4t partisan de r\u00e8gles claires pour avoir un cadre commun, c\u2019est toujours b\u00e9n\u00e9fique.<\/p><\/blockquote>\n<p>La r\u00e9glementation fran\u00e7aise sur les locations de courte dur\u00e9e se durcit d\u2019ann\u00e9e en ann\u00e9e (avec l\u2019imposition de quotas, par exemple), ainsi que la fiscalit\u00e9. Quel regard portez-vous sur ces \u00e9volutions ?<\/p>\n<p>Que le l\u00e9gislateur se soit empar\u00e9 du sujet est positif. Je suis plut\u00f4t partisan de r\u00e8gles claires pour avoir un cadre commun, c\u2019est toujours b\u00e9n\u00e9fique. Ceci dit, nous sommes rarement consult\u00e9s par les municipalit\u00e9s ou les intercommunalit\u00e9s. Le renforcement de la r\u00e9glementation peut contraindre un peu notre d\u00e9veloppement [en rendant in\u00e9ligibles certains logements \u00e0 la location saisonni\u00e8re, NDLR] dans certaines zones, mais ce sera le cas pour tout le monde. \u00c7a peut aussi ramener des gens qui ne veulent plus g\u00e9rer leur logement en direct.<\/p>\n","protected":false},"excerpt":{"rendered":"La conciergerie Cocoonr a vu le jour il y a dix ans, dans le sillage de l\u2019av\u00e8nement de&hellip;\n","protected":false},"author":2,"featured_media":516568,"comment_status":"","ping_status":"","sticky":false,"template":"","format":"standard","meta":{"footnotes":""},"categories":[2821],"tags":[1111,11,829,1777,674,1011,27,848,4555,12,584,25],"class_list":{"0":"post-516567","1":"post","2":"type-post","3":"status-publish","4":"format-standard","5":"has-post-thumbnail","7":"category-rennes","8":"tag-actu","9":"tag-actualites","10":"tag-bretagne","11":"tag-eu","12":"tag-europe","13":"tag-fr","14":"tag-france","15":"tag-ille-et-vilaine","16":"tag-local","17":"tag-news","18":"tag-rennes","19":"tag-republique-francaise"},"share_on_mastodon":{"url":"https:\/\/pubeurope.com\/@fr\/115504353332108239","error":""},"_links":{"self":[{"href":"https:\/\/www.europesays.com\/fr\/wp-json\/wp\/v2\/posts\/516567","targetHints":{"allow":["GET"]}}],"collection":[{"href":"https:\/\/www.europesays.com\/fr\/wp-json\/wp\/v2\/posts"}],"about":[{"href":"https:\/\/www.europesays.com\/fr\/wp-json\/wp\/v2\/types\/post"}],"author":[{"embeddable":true,"href":"https:\/\/www.europesays.com\/fr\/wp-json\/wp\/v2\/users\/2"}],"replies":[{"embeddable":true,"href":"https:\/\/www.europesays.com\/fr\/wp-json\/wp\/v2\/comments?post=516567"}],"version-history":[{"count":0,"href":"https:\/\/www.europesays.com\/fr\/wp-json\/wp\/v2\/posts\/516567\/revisions"}],"wp:featuredmedia":[{"embeddable":true,"href":"https:\/\/www.europesays.com\/fr\/wp-json\/wp\/v2\/media\/516568"}],"wp:attachment":[{"href":"https:\/\/www.europesays.com\/fr\/wp-json\/wp\/v2\/media?parent=516567"}],"wp:term":[{"taxonomy":"category","embeddable":true,"href":"https:\/\/www.europesays.com\/fr\/wp-json\/wp\/v2\/categories?post=516567"},{"taxonomy":"post_tag","embeddable":true,"href":"https:\/\/www.europesays.com\/fr\/wp-json\/wp\/v2\/tags?post=516567"}],"curies":[{"name":"wp","href":"https:\/\/api.w.org\/{rel}","templated":true}]}}