{"id":516569,"date":"2025-11-06T19:17:48","date_gmt":"2025-11-06T19:17:48","guid":{"rendered":"https:\/\/www.europesays.com\/fr\/516569\/"},"modified":"2025-11-06T19:17:48","modified_gmt":"2025-11-06T19:17:48","slug":"une-journee-pour-redecouvrir-strasbourg-le-long-des-quais","status":"publish","type":"post","link":"https:\/\/www.europesays.com\/fr\/516569\/","title":{"rendered":"une journ\u00e9e pour (re)d\u00e9couvrir Strasbourg le long des quais"},"content":{"rendered":"<p><strong>Par\u00e9e de ses plus jolies couleurs d\u2019automne, Strasbourg n\u2019a pas fini de faire r\u00eaver nos mirettes. On s\u2019est dit que c\u2019\u00e9tait l\u2019occasion id\u00e9ale pour une petite balade le long des quais, histoire de profiter \u00e0 pied de ce coin rempli de p\u00e9pites. On fait le tour avec vous de ce repaire de boutiques ind\u00e9pendantes et de gourmandises en tous genres, pour (re)d\u00e9couvrir la douceur de la capitale alsacienne au bord de l\u2019eau.<\/strong><\/p>\n<p><strong>\u00c0 Strasbourg, du quai des P\u00eacheurs jusqu\u2019\u00e0 la place d\u2019Austerlitz<\/strong>, on a profit\u00e9 des rayons du soleil au milieu des feuilles qui virevoltent. \u00c0 pied, on a pris le temps de ralentir et de <strong>d\u00e9ambuler tranquillement entre paysages idylliques et adresses cocon.<\/strong> On vous a mijot\u00e9 <strong>un programme pour passer une journ\u00e9e toute douce <\/strong>dans cette zone strasbourgeoise des plus bucoliques\u00a0: suivez le guide\u00a0!<\/p>\n<p>                <img width=\"750\" height=\"500\" src=\"https:\/\/www.europesays.com\/fr\/wp-content\/uploads\/2025\/11\/dsc-5566-750x500.jpg\" class=\"attachment-gallery size-gallery\" alt=\"Quai des bateliers\" data-full-url=\"https:\/\/pokaa.fr\/wp-content\/uploads\/2025\/10\/23\/dsc-5566-1500x1000.jpg\" decoding=\"async\" loading=\"lazy\"  \/>            <\/p>\n<p>                <img width=\"750\" height=\"500\" src=\"https:\/\/www.europesays.com\/fr\/wp-content\/uploads\/2025\/11\/dsc-5563-750x500.jpg\" class=\"attachment-gallery size-gallery\" alt=\"Quai des bateliers\" data-full-url=\"https:\/\/pokaa.fr\/wp-content\/uploads\/2025\/10\/23\/dsc-5563-1500x1000.jpg\" decoding=\"async\" loading=\"lazy\"  \/>            <\/p>\n<p>                <img width=\"750\" height=\"500\" src=\"https:\/\/www.europesays.com\/fr\/wp-content\/uploads\/2025\/11\/dsc-5549-750x500.jpg\" class=\"attachment-gallery size-gallery\" alt=\"Quai des bateliers\" data-full-url=\"https:\/\/pokaa.fr\/wp-content\/uploads\/2025\/10\/23\/dsc-5549-1500x1000.jpg\" decoding=\"async\" loading=\"lazy\"  \/>            <\/p>\n<p>                <img width=\"750\" height=\"500\" src=\"https:\/\/www.europesays.com\/fr\/wp-content\/uploads\/2025\/11\/dsc-5603-750x500.jpg\" class=\"attachment-gallery size-gallery\" alt=\"Quai des bateliers bateau mouche batorama\" data-full-url=\"https:\/\/pokaa.fr\/wp-content\/uploads\/2025\/10\/23\/dsc-5603-1500x1000.jpg\" decoding=\"async\" loading=\"lazy\"  \/>            <\/p>\n<p>                    \u00a9 Marie Goehner-David \/ Pokaa<\/p>\n<p>    <img width=\"800\" height=\"533\" src=\"https:\/\/www.europesays.com\/fr\/wp-content\/uploads\/2025\/11\/dsc-5600-800x533.jpg\" class=\"attachment-image-size-L size-image-size-L\" alt=\"Quai des bateliers\" decoding=\"async\" loading=\"lazy\"  \/>         \u00a9 Marie Goehner-David \/ Pokaa <\/p>\n<p>\u00c9tape 1 : un petit-d\u00e9jeuner paisible<\/p>\n<p>Si vous choisissez de faire une balade dominicale, vous pouvez commencer la journ\u00e9e avec <strong>un brunch \u00e0 volont\u00e9 au <a href=\"https:\/\/www.instagram.com\/diablebleu_strasbourg\/\" target=\"_blank\" rel=\"noopener\">Diable Bleu<\/a> (1 rue Saint-Guillaume).<\/strong> Jus, viennoiseries, plats chauds, pancakes, viandes et desserts sauront vous faire tourner la t\u00eate \u00e0 la sortie de votre grasse matin\u00e9e\u00a0!<\/p>\n<p>                <a href=\"https:\/\/pokaa.fr\/2025\/06\/20\/faim-de-loup-au-resto-a-strasbourg-le-brunch-viandard-du-diable-bleu-fait-son-grand-retour\/\" target=\"_blank\" rel=\"noopener\"><br \/>\n                    <img width=\"450\" height=\"270\" src=\"https:\/\/www.europesays.com\/fr\/wp-content\/uploads\/2025\/11\/a1-450x270.png\" class=\"attachment-card-horizontal--same-subject size-card-horizontal--same-subject wp-post-image\" alt=\"\" decoding=\"async\" loading=\"lazy\"\/>                <\/a><\/p>\n<p>                <img width=\"434\" height=\"500\" src=\"https:\/\/www.europesays.com\/fr\/wp-content\/uploads\/2025\/11\/diable-bleu-brunch-4-434x500.png\" class=\"attachment-gallery size-gallery\" alt=\"Diable bleu brunch (4)\" data-full-url=\"https:\/\/pokaa.fr\/wp-content\/uploads\/2025\/10\/23\/diable-bleu-brunch-4.png\" decoding=\"async\" loading=\"lazy\"  \/>            <\/p>\n<p>                <img width=\"400\" height=\"500\" src=\"https:\/\/www.europesays.com\/fr\/wp-content\/uploads\/2025\/11\/diable-bleu-brunch-3-400x500.png\" class=\"attachment-gallery size-gallery\" alt=\"Diable bleu brunch (3)\" data-full-url=\"https:\/\/pokaa.fr\/wp-content\/uploads\/2025\/10\/23\/diable-bleu-brunch-3.png\" decoding=\"async\" loading=\"lazy\"  \/>            <\/p>\n<p>                <img width=\"374\" height=\"500\" src=\"https:\/\/www.europesays.com\/fr\/wp-content\/uploads\/2025\/11\/diable-bleu-brunch-2-374x500.png\" class=\"attachment-gallery size-gallery\" alt=\"Diable bleu brunch (2)\" data-full-url=\"https:\/\/pokaa.fr\/wp-content\/uploads\/2025\/10\/23\/diable-bleu-brunch-2.png\" decoding=\"async\" loading=\"lazy\"  \/>            <\/p>\n<p>                <img width=\"434\" height=\"500\" src=\"https:\/\/www.europesays.com\/fr\/wp-content\/uploads\/2025\/11\/diable-bleu-brunch-1-434x500.png\" class=\"attachment-gallery size-gallery\" alt=\"Diable bleu brunch (1)\" data-full-url=\"https:\/\/pokaa.fr\/wp-content\/uploads\/2025\/10\/23\/diable-bleu-brunch-1.png\" decoding=\"async\" loading=\"lazy\"  \/>            <\/p>\n<p>                    \u00a9 Diable Bleu \/ Captures d&rsquo;\u00e9cran<\/p>\n<p>En semaine, on d\u00e9marre la journ\u00e9e en se r\u00e9chauffant au <a href=\"https:\/\/www.instagram.com\/coffeestub\/\" target=\"_blank\" rel=\"noopener\"><strong>Coffee Stub<\/strong><\/a><strong> (12 quai des P\u00eacheurs)<\/strong>. Au menu ? Caf\u00e9s de qualit\u00e9, mais aussi boissons plus gourmandes, comme cha\u00ef ou matcha latte, le tout accompagn\u00e9 d\u2019une petite p\u00e2tisserie. <strong>De quoi commencer la journ\u00e9e avec un bon coup de boost.<\/strong><\/p>\n<p>                <img width=\"399\" height=\"500\" src=\"https:\/\/www.europesays.com\/fr\/wp-content\/uploads\/2025\/11\/coffee-stub-2-399x500.png\" class=\"attachment-gallery size-gallery\" alt=\"Coffee Stub (2)\" data-full-url=\"https:\/\/pokaa.fr\/wp-content\/uploads\/2025\/10\/23\/coffee-stub-2.png\" decoding=\"async\" loading=\"lazy\"  \/>            <\/p>\n<p>                <img width=\"404\" height=\"500\" src=\"https:\/\/www.europesays.com\/fr\/wp-content\/uploads\/2025\/11\/coffee-stub-1-404x500.png\" class=\"attachment-gallery size-gallery\" alt=\"Coffee Stub (1)\" data-full-url=\"https:\/\/pokaa.fr\/wp-content\/uploads\/2025\/10\/23\/coffee-stub-1.png\" decoding=\"async\" loading=\"lazy\"  \/>            <\/p>\n<p>                <img width=\"451\" height=\"500\" src=\"https:\/\/www.europesays.com\/fr\/wp-content\/uploads\/2025\/11\/coffee-stub-3-451x500.png\" class=\"attachment-gallery size-gallery\" alt=\"Coffee Stub (3)\" data-full-url=\"https:\/\/pokaa.fr\/wp-content\/uploads\/2025\/10\/23\/coffee-stub-3.png\" decoding=\"async\" loading=\"lazy\"  \/>            <\/p>\n<p>                    \u00a9 Coffee Stub \/ Captures d&rsquo;\u00e9cran<\/p>\n<p>\u00c9tape 2 : faire le plein de culture<\/p>\n<p><strong>Le long des quais, c\u2019est le repaire des passionn\u00e9(e)s de livres, de musique ou d\u2019art en g\u00e9n\u00e9ral.<\/strong> Pour trouver de quoi lire sous un bon plaid pour les jours pluvieux, on vous recommande de jeter un \u0153il \u00e0 la <a href=\"https:\/\/www.instagram.com\/librairieletigre\/\" target=\"_blank\" rel=\"noopener\"><strong>Librairie Le Tigre<\/strong><\/a><strong> (26 quai des Bateliers)<\/strong>, qui propose tout un tas de lectures. Micro-\u00e9ditions, romans graphiques, BD\u2026 De quoi d\u00e9couvrir de belles p\u00e9pites.<\/p>\n<p>                <a href=\"https:\/\/pokaa.fr\/2024\/10\/09\/lire-cest-sexy-a-strasbourg-ces-23-librairies-nous-font-redecouvrir-le-plaisir-de-bouquiner\/\" target=\"_blank\" rel=\"noopener\"><br \/>\n                    <img width=\"450\" height=\"270\" src=\"https:\/\/www.europesays.com\/fr\/wp-content\/uploads\/2025\/08\/pokaa-couv-site-librairie-450x270.png\" class=\"attachment-card-horizontal--same-subject size-card-horizontal--same-subject wp-post-image\" alt=\"\" decoding=\"async\" loading=\"lazy\"\/>                <\/a><\/p>\n<p>                <img width=\"750\" height=\"500\" src=\"https:\/\/www.europesays.com\/fr\/wp-content\/uploads\/2025\/11\/librairie-gutenberg-livres-5-750x500.jpg\" class=\"attachment-gallery size-gallery\" alt=\"Librairieau tigre livres (5)\" data-full-url=\"https:\/\/pokaa.fr\/wp-content\/uploads\/2024\/09\/20\/librairie-gutenberg-livres-5.jpg\" decoding=\"async\" loading=\"lazy\"  \/>            <\/p>\n<p>                <img width=\"750\" height=\"500\" src=\"https:\/\/www.europesays.com\/fr\/wp-content\/uploads\/2025\/11\/librairie-gutenberg-livres-9-750x500.jpg\" class=\"attachment-gallery size-gallery\" alt=\"Librairie au tigre livres (9)\" data-full-url=\"https:\/\/pokaa.fr\/wp-content\/uploads\/2024\/09\/20\/librairie-gutenberg-livres-9.jpg\" decoding=\"async\" loading=\"lazy\"  \/>            <\/p>\n<p>                <img width=\"750\" height=\"500\" src=\"https:\/\/www.europesays.com\/fr\/wp-content\/uploads\/2025\/11\/librairie-gutenberg-livres-20-750x500.jpg\" class=\"attachment-gallery size-gallery\" alt=\"Librairie tigre livres (20)\" data-full-url=\"https:\/\/pokaa.fr\/wp-content\/uploads\/2024\/09\/20\/librairie-gutenberg-livres-20.jpg\" decoding=\"async\" loading=\"lazy\"  \/>            <\/p>\n<p>                <img width=\"750\" height=\"500\" src=\"https:\/\/www.europesays.com\/fr\/wp-content\/uploads\/2025\/11\/librairie-gutenberg-livres-7-750x500.jpg\" class=\"attachment-gallery size-gallery\" alt=\"Librairie au tigre livres (7)\" data-full-url=\"https:\/\/pokaa.fr\/wp-content\/uploads\/2024\/09\/20\/librairie-gutenberg-livres-7.jpg\" decoding=\"async\" loading=\"lazy\"  \/>            <\/p>\n<p>                    \u00a9 Marie Goehner-David \/ Pokaa<\/p>\n<p>Pour les fanas de polar, on se dirige vers <a href=\"https:\/\/www.instagram.com\/ltn_strasbourg\/\" target=\"_blank\" rel=\"noopener\"><strong>La T\u00e2che Noire<\/strong><\/a> <strong>(1 rue de Zurich)<\/strong>, qui saura combler votre soif de suspens et d\u2019enqu\u00eates. Autre immanquable : <a href=\"https:\/\/www.instagram.com\/galerielibrairie_loiseaurare\/?hl=fr\" target=\"_blank\" rel=\"noopener\"><strong>L\u2019Oiseau Rare<\/strong><\/a> <strong>(23 quai des Bateliers)<\/strong>, qui est une librairie, un caf\u00e9 et une galerie d\u2019art, tenue par deux s\u0153urs passionn\u00e9es.<\/p>\n<p>                <a href=\"https:\/\/pokaa.fr\/2024\/09\/13\/librairie-independante-a-strasbourg-loiseau-rare-a-besoin-daide-face-aux-dettes\/\" target=\"_blank\" rel=\"noopener\"><br \/>\n                    <img width=\"450\" height=\"270\" src=\"https:\/\/www.europesays.com\/fr\/wp-content\/uploads\/2025\/11\/oiseau-rare-450x270.png\" class=\"attachment-card-horizontal--same-subject size-card-horizontal--same-subject wp-post-image\" alt=\"\" decoding=\"async\" loading=\"lazy\"\/>                <\/a><\/p>\n<p>                <img width=\"750\" height=\"500\" src=\"https:\/\/www.europesays.com\/fr\/wp-content\/uploads\/2025\/11\/librairie-la-tache-noire-livres-16-750x500.jpg\" class=\"attachment-gallery size-gallery\" alt=\"Librairie La t\u00e2che noire livres (16)\" data-full-url=\"https:\/\/pokaa.fr\/wp-content\/uploads\/2024\/09\/20\/librairie-la-tache-noire-livres-16.jpg\" decoding=\"async\" loading=\"lazy\"  \/>            <\/p>\n<p>                <img width=\"750\" height=\"500\" src=\"https:\/\/www.europesays.com\/fr\/wp-content\/uploads\/2025\/11\/librairie-la-tache-noire-livres-19-750x500.jpg\" class=\"attachment-gallery size-gallery\" alt=\"Librairie La t\u00e2che noire livres (19)\" data-full-url=\"https:\/\/pokaa.fr\/wp-content\/uploads\/2024\/09\/20\/librairie-la-tache-noire-livres-19.jpg\" decoding=\"async\" loading=\"lazy\"  \/>            <\/p>\n<p>                <img width=\"750\" height=\"500\" src=\"https:\/\/www.europesays.com\/fr\/wp-content\/uploads\/2025\/11\/librairie-la-tache-noire-livres-12-750x500.jpg\" class=\"attachment-gallery size-gallery\" alt=\"Librairie La t\u00e2che noire livres (12)\" data-full-url=\"https:\/\/pokaa.fr\/wp-content\/uploads\/2024\/09\/20\/librairie-la-tache-noire-livres-12.jpg\" decoding=\"async\" loading=\"lazy\"  \/>            <\/p>\n<p>                    La T\u00e2che Noire. \u00a9 Marie Goehner-David \/ Pokaa<\/p>\n<p>                <img width=\"750\" height=\"500\" src=\"https:\/\/www.europesays.com\/fr\/wp-content\/uploads\/2025\/11\/dsc-5570-750x500.jpg\" class=\"attachment-gallery size-gallery\" alt=\"L\u2019oiseau rare\" data-full-url=\"https:\/\/pokaa.fr\/wp-content\/uploads\/2025\/10\/23\/dsc-5570-1500x1000.jpg\" decoding=\"async\" loading=\"lazy\"  \/>            <\/p>\n<p>                <img width=\"750\" height=\"500\" src=\"https:\/\/www.europesays.com\/fr\/wp-content\/uploads\/2025\/11\/dsc-5572-750x500.jpg\" class=\"attachment-gallery size-gallery\" alt=\"L\u2019oiseau rare\" data-full-url=\"https:\/\/pokaa.fr\/wp-content\/uploads\/2025\/10\/23\/dsc-5572-1500x1000.jpg\" decoding=\"async\" loading=\"lazy\"  \/>            <\/p>\n<p>                <img width=\"667\" height=\"500\" src=\"https:\/\/www.europesays.com\/fr\/wp-content\/uploads\/2025\/11\/oiseaurare4-667x500.jpg\" class=\"attachment-gallery size-gallery\" alt=\"OiseauRare4\" data-full-url=\"https:\/\/pokaa.fr\/wp-content\/uploads\/2024\/02\/26\/oiseaurare4-1500x1125.jpg\" decoding=\"async\" loading=\"lazy\"  \/>            <\/p>\n<p>                <img width=\"667\" height=\"500\" src=\"https:\/\/www.europesays.com\/fr\/wp-content\/uploads\/2025\/11\/img-3267-667x500.jpg\" class=\"attachment-gallery size-gallery\" alt=\"oiseau rare\" data-full-url=\"https:\/\/pokaa.fr\/wp-content\/uploads\/2024\/09\/11\/img-3267.jpg\" decoding=\"async\" loading=\"lazy\"  \/>            <\/p>\n<p>                    1. 2. \u00a9 Marie Goehner-David, 3. A.Me, 4. \u00a9 Nicolas Kaspar \/ Pokaa<\/p>\n<p>En parlant d\u2019art, on est bien loti sur le quai des Bateliers : direction <strong>la galerie <a href=\"https:\/\/www.instagram.com\/galerielestampe\/\" target=\"_blank\" rel=\"noopener\">L\u2019Estampe<\/a> (31 quai des Bateliers)<\/strong>, centr\u00e9e sur la Nouvelle figuration, soit des \u0153uvres entre narration et abstraction, avec des lignes graphiques et des couleurs franches. <strong>\u00c0 partir du 8 novembre, une exposition sera consacr\u00e9e \u00e0 <a href=\"https:\/\/www.instagram.com\/lady_m_art\/\" target=\"_blank\" rel=\"noopener\">Lady M<\/a>,<\/strong> artiste muraliste qui va envoyer du pep\u2019s\u00a0!<\/p>\n<p>                <img width=\"750\" height=\"500\" src=\"https:\/\/www.europesays.com\/fr\/wp-content\/uploads\/2025\/11\/dsc-5519-750x500.jpg\" class=\"attachment-gallery size-gallery\" alt=\"Galerie l\u2019estampe\" data-full-url=\"https:\/\/pokaa.fr\/wp-content\/uploads\/2025\/10\/23\/dsc-5519-1500x1000.jpg\" decoding=\"async\" loading=\"lazy\"  \/>            <\/p>\n<p>                <img width=\"750\" height=\"500\" src=\"https:\/\/www.europesays.com\/fr\/wp-content\/uploads\/2025\/11\/dsc-5548-750x500.jpg\" class=\"attachment-gallery size-gallery\" alt=\"Galerie l\u2019estampe\" data-full-url=\"https:\/\/pokaa.fr\/wp-content\/uploads\/2025\/10\/23\/dsc-5548-1500x1000.jpg\" decoding=\"async\" loading=\"lazy\"  \/>            <\/p>\n<p>                <img width=\"750\" height=\"500\" src=\"https:\/\/www.europesays.com\/fr\/wp-content\/uploads\/2025\/11\/dsc-5554-750x500.jpg\" class=\"attachment-gallery size-gallery\" alt=\"Galerie l\u2019estampe\" data-full-url=\"https:\/\/pokaa.fr\/wp-content\/uploads\/2025\/10\/23\/dsc-5554-1500x1000.jpg\" decoding=\"async\" loading=\"lazy\"  \/>            <\/p>\n<p>                    \u00a9 Marie Goehner-David \/ Pokaa<\/p>\n<p>Pour les m\u00e9lomanes, on peut pousser la balade jusqu\u2019au quai Saint-Nicolas. Direction <a href=\"https:\/\/www.instagram.com\/musicnonstopstrasbourg\/\" target=\"_blank\" rel=\"noopener\"><strong>Music Non Stop<\/strong><\/a><strong> (19 quai Saint-Nicolas)<\/strong> : CD, vinyles, cassettes audio, livres et DVD musicaux attendent les passionn\u00e9(e)s comme les curieux\/ses \u2013 et propose m\u00eame un service de rachat.<\/p>\n<p>                <img width=\"392\" height=\"500\" src=\"https:\/\/www.europesays.com\/fr\/wp-content\/uploads\/2025\/11\/music-non-stop-1-392x500.png\" class=\"attachment-gallery size-gallery\" alt=\"Music non stop (1)\" data-full-url=\"https:\/\/pokaa.fr\/wp-content\/uploads\/2025\/10\/23\/music-non-stop-1.png\" decoding=\"async\" loading=\"lazy\"  \/>            <\/p>\n<p>                <img width=\"678\" height=\"500\" src=\"https:\/\/www.europesays.com\/fr\/wp-content\/uploads\/2025\/11\/music-non-stop-2-678x500.png\" class=\"attachment-gallery size-gallery\" alt=\"Music non stop (2)\" data-full-url=\"https:\/\/pokaa.fr\/wp-content\/uploads\/2025\/10\/23\/music-non-stop-2.png\" decoding=\"async\" loading=\"lazy\"  \/>            <\/p>\n<p>                    \u00a9 Music Non Stop \/ Captures d&rsquo;\u00e9cran<\/p>\n<p>\u00c9tape 3 : d\u00e9goter des p\u00e9pites gustatives<\/p>\n<p>Histoire de faire le plein de bonnes choses \u00e0 ramener chez vos potos, ou vous faire une soir\u00e9e cocon en mode bonne bouffe, on fonce se ravitailler chez <strong><a href=\"https:\/\/www.instagram.com\/ottimascelta_epicerie\/\" target=\"_blank\" rel=\"noopener\">l\u2019Ottima Scelta<\/a> (6 quai des Bateliers) : cette \u00e9picerie fine saura vous faire voyager jusqu\u2019en Italie.<\/strong><\/p>\n<p>                <img width=\"439\" height=\"500\" src=\"https:\/\/www.europesays.com\/fr\/wp-content\/uploads\/2025\/11\/ottima-scelta-1-439x500.png\" class=\"attachment-gallery size-gallery\" alt=\"Ottima scelta (1)\" data-full-url=\"https:\/\/pokaa.fr\/wp-content\/uploads\/2025\/10\/23\/ottima-scelta-1.png\" decoding=\"async\" loading=\"lazy\"  \/>            <\/p>\n<p>                <img width=\"539\" height=\"500\" src=\"https:\/\/www.europesays.com\/fr\/wp-content\/uploads\/2025\/11\/ottima-scelta-2-539x500.png\" class=\"attachment-gallery size-gallery\" alt=\"Ottima scelta (2)\" data-full-url=\"https:\/\/pokaa.fr\/wp-content\/uploads\/2025\/10\/23\/ottima-scelta-2.png\" decoding=\"async\" loading=\"lazy\"  \/>            <\/p>\n<p>                    \u00a9 L&rsquo;Ottima Scelta \/ Captures d&rsquo;\u00e9cran<\/p>\n<p>    <img width=\"800\" height=\"533\" src=\"https:\/\/www.europesays.com\/fr\/wp-content\/uploads\/2025\/11\/dsc-5625-800x533.jpg\" class=\"attachment-image-size-L size-image-size-L\" alt=\"l\u2019ottima scelta\" decoding=\"async\" loading=\"lazy\"  \/>         \u00a9 Marie Goehner-David \/ Pokaa <\/p>\n<p>Pour accompagner tout \u00e7a, on peut faire un tour <a href=\"https:\/\/www.instagram.com\/aufilduvinlibre\/\" target=\"_blank\" rel=\"noopener\"><strong>Au Fil du Vin Libre<\/strong><\/a> <strong>(26 quai des Bateliers)<\/strong>, caviste \u00e0 tomber avec sa s\u00e9lection de <strong>vins naturels<\/strong>. Pour \u00e9largir la palette avec <strong>des spiritueux ou des bi\u00e8res craft<\/strong>, on avance jusqu\u2019au n\u00b03 du quai des P\u00eacheurs, chez <a href=\"https:\/\/www.instagram.com\/l.ours.mal.leche.cave\/\" target=\"_blank\" rel=\"noopener\"><strong>L\u2019Ours Mal L\u00e9ch\u00e9<\/strong><\/a>, qui nous a concoct\u00e9 une s\u00e9lection automnale de qualit\u00e9 !<\/p>\n<p>                <img width=\"750\" height=\"500\" src=\"https:\/\/www.europesays.com\/fr\/wp-content\/uploads\/2025\/11\/dsc-5559-750x500.jpg\" class=\"attachment-gallery size-gallery\" alt=\"Au fil du vin libre\" data-full-url=\"https:\/\/pokaa.fr\/wp-content\/uploads\/2025\/10\/23\/dsc-5559-1500x1000.jpg\" decoding=\"async\" loading=\"lazy\"  \/>            <\/p>\n<p>                <img width=\"750\" height=\"500\" src=\"https:\/\/www.europesays.com\/fr\/wp-content\/uploads\/2025\/11\/dsc-5562-750x500.jpg\" class=\"attachment-gallery size-gallery\" alt=\"Au fil du vin libre\" data-full-url=\"https:\/\/pokaa.fr\/wp-content\/uploads\/2025\/10\/23\/dsc-5562-1500x1000.jpg\" decoding=\"async\" loading=\"lazy\"  \/>            <\/p>\n<p>                <img width=\"750\" height=\"500\" src=\"https:\/\/www.europesays.com\/fr\/wp-content\/uploads\/2025\/11\/dsc-5441-750x500.jpg\" class=\"attachment-gallery size-gallery\" alt=\"l\u2019ours mal l\u00e9ch\u00e9\" data-full-url=\"https:\/\/pokaa.fr\/wp-content\/uploads\/2025\/10\/23\/dsc-5441-1500x1000.jpg\" decoding=\"async\" loading=\"lazy\"  \/>            <\/p>\n<p>                <img width=\"750\" height=\"500\" src=\"https:\/\/www.europesays.com\/fr\/wp-content\/uploads\/2025\/11\/dsc-5444-750x500.jpg\" class=\"attachment-gallery size-gallery\" alt=\"l\u2019ours mal l\u00e9ch\u00e9\" data-full-url=\"https:\/\/pokaa.fr\/wp-content\/uploads\/2025\/10\/23\/dsc-5444-1500x1000.jpg\" decoding=\"async\" loading=\"lazy\"  \/>            <\/p>\n<p>                    1. 2. Au Fil du Vin Libre, 3. 4. L&rsquo;Ours Mal L\u00e9ch\u00e9. \u00a9 Marie Goehner-David \/ Pokaa<\/p>\n<p>\u00c9tape 4 : pause d\u00e9jeuner bien m\u00e9rit\u00e9e<\/p>\n<p>Apr\u00e8s ces aventures gourmandes, l\u2019estomac commence \u00e0 gronder. Toujours sur le quai des P\u00eacheurs, <strong>le restaurant <a href=\"https:\/\/www.instagram.com\/lesculottees_strasbourg\/\" target=\"_blank\" rel=\"noopener\">Les Culott\u00e9es<\/a> (15 quai des P\u00eacheurs)<\/strong> propose une terrasse ensoleill\u00e9e, ou un int\u00e9rieur cosy pour les plus frileux\/ses. <strong>Le lieu engag\u00e9 est d\u2019ailleurs un espace d\u2019insertion professionnelle, <\/strong>o\u00f9 le lien social est au c\u0153ur de la d\u00e9marche !<\/p>\n<p>                <a href=\"https:\/\/pokaa.fr\/2024\/04\/10\/a-strasbourg-le-resto-les-culottees-propose-une-cuisine-creative-et-engagee-au-bord-des-quais\/\" target=\"_blank\" rel=\"noopener\"><br \/>\n                    <img width=\"450\" height=\"270\" src=\"https:\/\/www.europesays.com\/fr\/wp-content\/uploads\/2025\/11\/image00028-450x270.jpeg\" class=\"attachment-card-horizontal--same-subject size-card-horizontal--same-subject wp-post-image\" alt=\"\" decoding=\"async\" loading=\"lazy\"\/>                <\/a><\/p>\n<p>                <img width=\"375\" height=\"500\" src=\"https:\/\/www.europesays.com\/fr\/wp-content\/uploads\/2025\/11\/image00029-375x500.jpeg\" class=\"attachment-gallery size-gallery\" alt=\"restaurant Les culott\u00e9es bistronomie meringue ravioles cevice dessert\" data-full-url=\"https:\/\/pokaa.fr\/wp-content\/uploads\/2024\/04\/10\/image00029.jpeg\" decoding=\"async\" loading=\"lazy\"  \/>            <\/p>\n<p>                <img width=\"375\" height=\"500\" src=\"https:\/\/www.europesays.com\/fr\/wp-content\/uploads\/2025\/11\/image00033-375x500.jpeg\" class=\"attachment-gallery size-gallery\" alt=\"restaurant Les culott\u00e9es bistronomie meringue ravioles cevice dessert\" data-full-url=\"https:\/\/pokaa.fr\/wp-content\/uploads\/2024\/04\/10\/image00033.jpeg\" decoding=\"async\" loading=\"lazy\"  \/>            <\/p>\n<p>                <img width=\"375\" height=\"500\" src=\"https:\/\/www.europesays.com\/fr\/wp-content\/uploads\/2025\/11\/image00031-375x500.jpeg\" class=\"attachment-gallery size-gallery\" alt=\"restaurant Les culott\u00e9es bistronomie meringue ravioles cevice dessert\" data-full-url=\"https:\/\/pokaa.fr\/wp-content\/uploads\/2024\/04\/10\/image00031.jpeg\" decoding=\"async\" loading=\"lazy\"  \/>            <\/p>\n<p>                <img width=\"667\" height=\"500\" src=\"https:\/\/www.europesays.com\/fr\/wp-content\/uploads\/2025\/11\/image00018-667x500.jpeg\" class=\"attachment-gallery size-gallery\" alt=\"restaurant Les culott\u00e9es bistronomie meringue ravioles cevice dessert\" data-full-url=\"https:\/\/pokaa.fr\/wp-content\/uploads\/2024\/04\/10\/image00018.jpeg\" decoding=\"async\" loading=\"lazy\"  \/>            <\/p>\n<p>                <img width=\"667\" height=\"500\" src=\"https:\/\/www.europesays.com\/fr\/wp-content\/uploads\/2025\/11\/image00020-667x500.jpeg\" class=\"attachment-gallery size-gallery\" alt=\"restaurant Les culott\u00e9es bistronomie meringue ravioles cevice dessert\" data-full-url=\"https:\/\/pokaa.fr\/wp-content\/uploads\/2024\/04\/10\/image00020.jpeg\" decoding=\"async\" loading=\"lazy\"  \/>            <\/p>\n<p>                    \u00a9 Bastien Pietronave \/ Pokaa <\/p>\n<p>Autre option \u00e0 quelques pas,<strong><a href=\"https:\/\/www.instagram.com\/bangburgers_bb\/\" target=\"_blank\" rel=\"noopener\">Bang Burgers<\/a> (19 quai des P\u00eacheurs), avec des steaks ou morceaux de poulet \u00ab hach\u00e9s, smash\u00e9s, caram\u00e9lis\u00e9s \u00bb <\/strong>dans des recettes copieuses, qui en feront saliver plus d\u2019un(e).<\/p>\n<p>                <a href=\"https:\/\/pokaa.fr\/2023\/02\/02\/bang-burgers-lun-des-nouveaux-rois-du-smash-burger-sinstalle-a-strasbourg\/\" target=\"_blank\" rel=\"noopener\"><br \/>\n                    <img width=\"450\" height=\"270\" src=\"https:\/\/www.europesays.com\/fr\/wp-content\/uploads\/2025\/11\/image00005-13-450x270.jpeg\" class=\"attachment-card-horizontal--same-subject size-card-horizontal--same-subject wp-post-image\" alt=\"\" decoding=\"async\" loading=\"lazy\"\/>                <\/a><\/p>\n<p>                <img width=\"375\" height=\"500\" src=\"https:\/\/www.europesays.com\/fr\/wp-content\/uploads\/2025\/11\/bang-burger-smash-burger-au-pouletimg-7520-5-375x500.jpeg\" class=\"attachment-gallery size-gallery\" alt=\"bang burger smash burger au pouletIMG_7520 5\" data-full-url=\"https:\/\/pokaa.fr\/wp-content\/uploads\/2025\/04\/30\/bang-burger-smash-burger-au-pouletimg-7520-5.jpeg\" decoding=\"async\" loading=\"lazy\"  \/>            <\/p>\n<p>                <img width=\"375\" height=\"500\" src=\"https:\/\/www.europesays.com\/fr\/wp-content\/uploads\/2025\/04\/bang-burger-smash-burger-au-pouletimg-7476-375x500.jpeg\" class=\"attachment-gallery size-gallery\" alt=\"bang burger smash burger au pouletIMG_7476\" data-full-url=\"https:\/\/pokaa.fr\/wp-content\/uploads\/2025\/04\/30\/bang-burger-smash-burger-au-pouletimg-7476.jpeg\" decoding=\"async\" loading=\"lazy\"  \/>            <\/p>\n<p>                <img width=\"339\" height=\"500\" src=\"https:\/\/www.europesays.com\/fr\/wp-content\/uploads\/2025\/04\/bang-burger-smash-burger-au-pouletimg-4723-339x500.jpeg\" class=\"attachment-gallery size-gallery\" alt=\"bang burger smash burger au pouletIMG_4723\" data-full-url=\"https:\/\/pokaa.fr\/wp-content\/uploads\/2025\/04\/30\/bang-burger-smash-burger-au-pouletimg-4723.jpeg\" decoding=\"async\" loading=\"lazy\"  \/>            <\/p>\n<p>                    \u00a9 Bastien Pietronave \/ Pokaa<\/p>\n<p>\u00c9tape 5 : se poser sur les quais<\/p>\n<p><strong>\u00c0 Strasbourg, les quais, c\u2019est l\u2019endroit o\u00f9 se poser d\u00e8s que le soleil pointe le bout de son nez.<\/strong> On y mange, on y fait une cure de vitamine D en regardant passer les bateaux-mouches devant le Palais Rohan, et on profite des paysages dignes des plus belles cartes postales qu\u2019on a juste en face de nous.<\/p>\n<p>D\u2019ailleurs, jusqu\u2019au 20 novembre, entre les num\u00e9ros 23 et 31 du Quai des Bateliers, on peut profiter gratuitement de <strong>l\u2019expo en plein air \u00ab Intelligence artificielle: une (r)\u00e9volution? \u00bb<\/strong>, dans le cadre du Forum Mondial de la d\u00e9mocratie !<\/p>\n<p>                <a href=\"https:\/\/pokaa.fr\/2025\/10\/27\/jeux-debats-et-ateliers-gratuits-3-jours-dedies-a-la-democratie-vont-mobiliser-strasbourg\/\" target=\"_blank\" rel=\"noopener\"><br \/>\n                    <img width=\"450\" height=\"270\" src=\"https:\/\/www.europesays.com\/fr\/wp-content\/uploads\/2025\/11\/a2-450x270.png\" class=\"attachment-card-horizontal--same-subject size-card-horizontal--same-subject wp-post-image\" alt=\"\" decoding=\"async\" loading=\"lazy\"\/>                <\/a><\/p>\n<p>                <img width=\"750\" height=\"500\" src=\"https:\/\/www.europesays.com\/fr\/wp-content\/uploads\/2025\/11\/dsc-5515-750x500.jpg\" class=\"attachment-gallery size-gallery\" alt=\"quais\" data-full-url=\"https:\/\/pokaa.fr\/wp-content\/uploads\/2025\/10\/23\/dsc-5515-1500x1000.jpg\" decoding=\"async\" loading=\"lazy\"  \/>            <\/p>\n<p>                <img width=\"750\" height=\"500\" src=\"https:\/\/www.europesays.com\/fr\/wp-content\/uploads\/2025\/11\/dsc-5510-750x500.jpg\" class=\"attachment-gallery size-gallery\" alt=\"Quai des bateliers\" data-full-url=\"https:\/\/pokaa.fr\/wp-content\/uploads\/2025\/10\/23\/dsc-5510-1500x1000.jpg\" decoding=\"async\" loading=\"lazy\"  \/>            <\/p>\n<p>                <img width=\"750\" height=\"500\" src=\"https:\/\/www.europesays.com\/fr\/wp-content\/uploads\/2025\/11\/dsc-5618-750x500.jpg\" class=\"attachment-gallery size-gallery\" alt=\"Quai des bateliers\" data-full-url=\"https:\/\/pokaa.fr\/wp-content\/uploads\/2025\/10\/23\/dsc-5618-1500x1000.jpg\" decoding=\"async\" loading=\"lazy\"  \/>            <\/p>\n<p>                <img width=\"750\" height=\"500\" src=\"https:\/\/www.europesays.com\/fr\/wp-content\/uploads\/2025\/11\/dsc-5609-750x500.jpg\" class=\"attachment-gallery size-gallery\" alt=\"palais rohan\" data-full-url=\"https:\/\/pokaa.fr\/wp-content\/uploads\/2025\/10\/23\/dsc-5609-1500x1000.jpg\" decoding=\"async\" loading=\"lazy\"  \/>            <\/p>\n<p>                <img width=\"750\" height=\"500\" src=\"https:\/\/www.europesays.com\/fr\/wp-content\/uploads\/2025\/11\/dsc-5614-750x500.jpg\" class=\"attachment-gallery size-gallery\" alt=\"quais batorama bateau mouche\" data-full-url=\"https:\/\/pokaa.fr\/wp-content\/uploads\/2025\/10\/23\/dsc-5614-1500x1000.jpg\" decoding=\"async\" loading=\"lazy\"  \/>            <\/p>\n<p>                    \u00a9 Marie Goehner-David \/ Pokaa<\/p>\n<p>    <img width=\"800\" height=\"533\" src=\"https:\/\/www.europesays.com\/fr\/wp-content\/uploads\/2025\/11\/dsc-5495-800x533.jpg\" class=\"attachment-image-size-L size-image-size-L\" alt=\"Quai des bateliers\" decoding=\"async\" loading=\"lazy\"  \/>         \u00a9 Marie Goehner-David \/ Pokaa <\/p>\n<p>Pour se poser en restant bien hydrat\u00e9(e), on peut aussi choper <strong>une jolie boisson color\u00e9e \u00e0 la <a href=\"https:\/\/www.instagram.com\/maisonalicia_\/\" target=\"_blank\" rel=\"noopener\">Maison Alicia<\/a> (37 quai des Bateliers),<\/strong> voir un petit dessert, s\u2019il vous reste de la place apr\u00e8s le repas du midi.<\/p>\n<p>Vous pourrez y trouver <strong>des cookies mi-cuits \u00e0 tomber\u00a0!<\/strong> Et pour f\u00eater l\u2019automne, quoi de mieux qu\u2019un <strong>Pumpkin spice latte maison\u00a0?<\/strong><\/p>\n<p>                <img width=\"512\" height=\"500\" src=\"https:\/\/www.europesays.com\/fr\/wp-content\/uploads\/2025\/11\/maison-alicia-3-512x500.png\" class=\"attachment-gallery size-gallery\" alt=\"Maison Alicia (3)\" data-full-url=\"https:\/\/pokaa.fr\/wp-content\/uploads\/2025\/10\/23\/maison-alicia-3.png\" decoding=\"async\" loading=\"lazy\"  \/>            <\/p>\n<p>                <img width=\"484\" height=\"500\" src=\"https:\/\/www.europesays.com\/fr\/wp-content\/uploads\/2025\/11\/maison-alicia-2-484x500.png\" class=\"attachment-gallery size-gallery\" alt=\"Maison Alicia (2)\" data-full-url=\"https:\/\/pokaa.fr\/wp-content\/uploads\/2025\/10\/23\/maison-alicia-2.png\" decoding=\"async\" loading=\"lazy\"  \/>            <\/p>\n<p>                <img width=\"517\" height=\"500\" src=\"https:\/\/www.europesays.com\/fr\/wp-content\/uploads\/2025\/11\/maison-alicia-1-517x500.png\" class=\"attachment-gallery size-gallery\" alt=\"Maison Alicia (1)\" data-full-url=\"https:\/\/pokaa.fr\/wp-content\/uploads\/2025\/10\/23\/maison-alicia-1.png\" decoding=\"async\" loading=\"lazy\"  \/>            <\/p>\n<p>                    \u00a9 Maison Alicia \/ Captures d&rsquo;\u00e9cran<\/p>\n<p>    <img width=\"800\" height=\"533\" src=\"https:\/\/www.europesays.com\/fr\/wp-content\/uploads\/2025\/11\/dsc-5503-800x533.jpg\" class=\"attachment-image-size-L size-image-size-L\" alt=\"Maison alicia\" decoding=\"async\" loading=\"lazy\"  \/>         \u00a9 Marie Goehner-David \/ Pokaa <\/p>\n<p>\u00c9tape 6 : et s\u2019il pleut ?<\/p>\n<p>C\u2019est bien joli de vouloir prendre le soleil, mais qui dit automne dit aussi journ\u00e9es fra\u00eeches et pluvieuses. Pas de panique ! Si les nuages sont gris, pourquoi ne pas faire un tour au <strong><a href=\"https:\/\/www.instagram.com\/musee_historique_de_strasbourg\/\" target=\"_blank\" rel=\"noopener\">Mus\u00e9e historique<\/a> (2 rue du Vieux-March\u00e9-aux-Poissons),<\/strong> pour d\u00e9couvrir Strasbourg \u00e0 travers les si\u00e8cles ?<\/p>\n<p>    <img width=\"800\" height=\"533\" src=\"https:\/\/www.europesays.com\/fr\/wp-content\/uploads\/2025\/11\/dsc-5823-800x533.jpg\" class=\"attachment-image-size-L size-image-size-L\" alt=\"Mus\u00e9e historique\" decoding=\"async\" loading=\"lazy\"  \/>         \u00a9 Marie Goehner-David \/ Pokaa <\/p>\n<p>Pour les plus t\u00e9m\u00e9raires, vous pouvez passer une t\u00eate \u00e0 <a href=\"https:\/\/www.instagram.com\/verticalacademy.strasbourg\/\" target=\"_blank\" rel=\"noopener\"><strong>Vertical Academy<\/strong><\/a> <strong>(5 rue des Couples),<\/strong> pour une pause sportive. L\u00e0-bas, on y pratique <strong>la pole dance dans tous ses styles,<\/strong> et on peut tester avec un cours d\u2019essai : de quoi repousser ses limites, et \u00e9pater la galerie.<\/p>\n<p>                <img width=\"743\" height=\"500\" src=\"https:\/\/www.europesays.com\/fr\/wp-content\/uploads\/2025\/11\/pole-dance-4-743x500.jpg\" class=\"attachment-gallery size-gallery\" alt=\"Pole dance (4) danse galaad\" data-full-url=\"https:\/\/pokaa.fr\/wp-content\/uploads\/2024\/04\/22\/pole-dance-4.jpg\" decoding=\"async\" loading=\"lazy\"  \/>            <\/p>\n<p>                <img width=\"750\" height=\"500\" src=\"https:\/\/www.europesays.com\/fr\/wp-content\/uploads\/2025\/11\/pole-dance-6-750x500.jpg\" class=\"attachment-gallery size-gallery\" alt=\"Pole dance (6) danse galaad\" data-full-url=\"https:\/\/pokaa.fr\/wp-content\/uploads\/2024\/04\/22\/pole-dance-6.jpg\" decoding=\"async\" loading=\"lazy\"  \/>            <\/p>\n<p>                <img width=\"750\" height=\"500\" src=\"https:\/\/www.europesays.com\/fr\/wp-content\/uploads\/2025\/11\/pole-dance-9-750x500.jpg\" class=\"attachment-gallery size-gallery\" alt=\"Pole dance (9) danse galaad\" data-full-url=\"https:\/\/pokaa.fr\/wp-content\/uploads\/2024\/04\/22\/pole-dance-9.jpg\" decoding=\"async\" loading=\"lazy\"  \/>            <\/p>\n<p>                    Galaad. \u00a9 Marie Goehner-David \/ Pokaa<\/p>\n<p>\u00c9tape 7 : encore un peu de shopping<\/p>\n<p>Autre option, poursuivre la d\u00e9couverte des petites adresses p\u00e9pites. Rue des Bateliers, au n\u00b07, on retrouve <strong>la friperie <a href=\"https:\/\/www.instagram.com\/rehab.secondhandshop\/\" target=\"_blank\" rel=\"noopener\">Rehab<\/a> tenue par Axelle, <\/strong>dont chaque pi\u00e8ce est soigneusement choisie \u00e0 la main. L\u2019adresse parfaite pour les styles allant du grunge au gothique, en passant par les ann\u00e9es 2000.<\/p>\n<p>                <img width=\"750\" height=\"500\" src=\"https:\/\/www.europesays.com\/fr\/wp-content\/uploads\/2025\/11\/dsc-5531-750x500.jpg\" class=\"attachment-gallery size-gallery\" alt=\"rehab friperie\" data-full-url=\"https:\/\/pokaa.fr\/wp-content\/uploads\/2025\/10\/23\/dsc-5531-1500x1000.jpg\" decoding=\"async\" loading=\"lazy\"  \/>            <\/p>\n<p>                <img width=\"750\" height=\"500\" src=\"https:\/\/www.europesays.com\/fr\/wp-content\/uploads\/2025\/11\/dsc-5543-750x500.jpg\" class=\"attachment-gallery size-gallery\" alt=\"rehab friperie\" data-full-url=\"https:\/\/pokaa.fr\/wp-content\/uploads\/2025\/10\/23\/dsc-5543-1500x1000.jpg\" decoding=\"async\" loading=\"lazy\"  \/>            <\/p>\n<p>                <img width=\"750\" height=\"500\" src=\"https:\/\/www.europesays.com\/fr\/wp-content\/uploads\/2025\/11\/dsc-5547-750x500.jpg\" class=\"attachment-gallery size-gallery\" alt=\"rehab friperie\" data-full-url=\"https:\/\/pokaa.fr\/wp-content\/uploads\/2025\/10\/23\/dsc-5547-1500x1000.jpg\" decoding=\"async\" loading=\"lazy\"  \/>            <\/p>\n<p>                <img width=\"750\" height=\"500\" src=\"https:\/\/www.europesays.com\/fr\/wp-content\/uploads\/2025\/11\/dsc-5532-750x500.jpg\" class=\"attachment-gallery size-gallery\" alt=\"rehab friperie\" data-full-url=\"https:\/\/pokaa.fr\/wp-content\/uploads\/2025\/10\/23\/dsc-5532-1500x1000.jpg\" decoding=\"async\" loading=\"lazy\"  \/>            <\/p>\n<p>                    \u00a9 Marie Goehner-David \/ Pokaa<\/p>\n<p>En avan\u00e7ant direction la place du Corbeau, on s\u2019arr\u00eate chez <strong>Curieuse (4 quai des Bateliers), un concept store qui propose des marques ind\u00e9pendantes, ainsi que des cr\u00e9ations strasbourgeoises.<\/strong> Lunettes, bonnets, vaisselle, cartes postales : il y en a pour tous les go\u00fbts.<\/p>\n<p>                <a href=\"https:\/\/pokaa.fr\/2021\/03\/27\/apres-curieux-voici-curieuse-le-nouveau-concept-store-strasbourgeois\/\" target=\"_blank\" rel=\"noopener\"><br \/>\n                    <img width=\"450\" height=\"257\" src=\"https:\/\/www.europesays.com\/fr\/wp-content\/uploads\/2025\/11\/curieuse-strasbourg-conceptstore.jpg\" class=\"attachment-card-horizontal--same-subject size-card-horizontal--same-subject wp-post-image\" alt=\"\" decoding=\"async\" loading=\"lazy\"  \/>                <\/a><\/p>\n<p>                <img width=\"750\" height=\"500\" src=\"https:\/\/www.europesays.com\/fr\/wp-content\/uploads\/2025\/11\/dsc-5634-750x500.jpg\" class=\"attachment-gallery size-gallery\" alt=\"curieuse\" data-full-url=\"https:\/\/pokaa.fr\/wp-content\/uploads\/2025\/10\/23\/dsc-5634-1500x1000.jpg\" decoding=\"async\" loading=\"lazy\"  \/>            <\/p>\n<p>                <img width=\"750\" height=\"500\" src=\"https:\/\/www.europesays.com\/fr\/wp-content\/uploads\/2025\/11\/dsc-5635-750x500.jpg\" class=\"attachment-gallery size-gallery\" alt=\"curieuse\" data-full-url=\"https:\/\/pokaa.fr\/wp-content\/uploads\/2025\/10\/23\/dsc-5635-1500x1000.jpg\" decoding=\"async\" loading=\"lazy\"  \/>            <\/p>\n<p>                <img width=\"750\" height=\"500\" src=\"https:\/\/www.europesays.com\/fr\/wp-content\/uploads\/2025\/11\/dsc-5637-750x500.jpg\" class=\"attachment-gallery size-gallery\" alt=\"curieuse gotfertomi\" data-full-url=\"https:\/\/pokaa.fr\/wp-content\/uploads\/2025\/10\/23\/dsc-5637-1500x1000.jpg\" decoding=\"async\" loading=\"lazy\"  \/>            <\/p>\n<p>                <img width=\"750\" height=\"500\" src=\"https:\/\/www.europesays.com\/fr\/wp-content\/uploads\/2025\/11\/dsc-5638-750x500.jpg\" class=\"attachment-gallery size-gallery\" alt=\"curieuse\" data-full-url=\"https:\/\/pokaa.fr\/wp-content\/uploads\/2025\/10\/23\/dsc-5638-1500x1000.jpg\" decoding=\"async\" loading=\"lazy\"  \/>            <\/p>\n<p>                <img width=\"750\" height=\"500\" src=\"https:\/\/www.europesays.com\/fr\/wp-content\/uploads\/2025\/11\/dsc-5626-750x500.jpg\" class=\"attachment-gallery size-gallery\" alt=\"curieuse\" data-full-url=\"https:\/\/pokaa.fr\/wp-content\/uploads\/2025\/10\/23\/dsc-5626-1500x1000.jpg\" decoding=\"async\" loading=\"lazy\"  \/>            <\/p>\n<p>                    \u00a9 Marie Goehner-David \/ Pokaa<\/p>\n<p>On peut en profiter pour faire un petit d\u00e9tour place d\u2019Austerlitz, pour (re)d\u00e9couvrir deux adresses incontournables\u00a0: tout d\u2019abord, <strong><a href=\"https:\/\/www.instagram.com\/poulet_fripes\/?hl=fr\" target=\"_blank\" rel=\"noopener\">Poulet Fripes<\/a> (4 rue de la Brigade-Alsace-Lorraine) et ses \u00e9tag\u00e8res aux mille couleurs.<\/strong> Et aussi, <strong><a href=\"https:\/\/www.instagram.com\/fleuristegreen\/?hl=fr\" target=\"_blank\" rel=\"noopener\">Green<\/a> (6E place d\u2019Austerlitz), aka l\u2019artisane-fleuriste C\u00e9cile Bayle. On y retrouve des compositions v\u00e9g\u00e9tales \u00e0 tomber,<\/strong> de quoi apporter une touche de saison \u00e0 votre d\u00e9co !<\/p>\n<p>                <a href=\"https:\/\/pokaa.fr\/2024\/10\/15\/poulet-fripes-a-la-krutenau-cette-friperie-regale-les-strasbourgeoises-sans-les-plumer\/\" target=\"_blank\" rel=\"noopener\"><br \/>\n                    <img width=\"450\" height=\"270\" src=\"https:\/\/www.europesays.com\/fr\/wp-content\/uploads\/2025\/11\/poulet-fripes-19-450x270.jpg\" class=\"attachment-card-horizontal--same-subject size-card-horizontal--same-subject wp-post-image\" alt=\"\" decoding=\"async\" loading=\"lazy\"\/>                <\/a><\/p>\n<p>                <img width=\"750\" height=\"500\" src=\"https:\/\/www.europesays.com\/fr\/wp-content\/uploads\/2025\/11\/poulet-fripes-5-750x500.jpg\" class=\"attachment-gallery size-gallery\" alt=\"Poulet fripes (5)\" data-full-url=\"https:\/\/pokaa.fr\/wp-content\/uploads\/2024\/09\/27\/poulet-fripes-5.jpg\" decoding=\"async\" loading=\"lazy\"  \/>            <\/p>\n<p>                <img width=\"750\" height=\"500\" src=\"https:\/\/www.europesays.com\/fr\/wp-content\/uploads\/2025\/11\/poulet-fripes-14-750x500.jpg\" class=\"attachment-gallery size-gallery\" alt=\"Poulet fripes (14)\" data-full-url=\"https:\/\/pokaa.fr\/wp-content\/uploads\/2024\/09\/27\/poulet-fripes-14.jpg\" decoding=\"async\" loading=\"lazy\"  \/>            <\/p>\n<p>                <img width=\"750\" height=\"500\" src=\"https:\/\/www.europesays.com\/fr\/wp-content\/uploads\/2025\/11\/poulet-fripes-27-750x500.jpg\" class=\"attachment-gallery size-gallery\" alt=\"Poulet fripes (27)\" data-full-url=\"https:\/\/pokaa.fr\/wp-content\/uploads\/2024\/09\/27\/poulet-fripes-27.jpg\" decoding=\"async\" loading=\"lazy\"  \/>            <\/p>\n<p>                <img width=\"750\" height=\"500\" src=\"https:\/\/www.europesays.com\/fr\/wp-content\/uploads\/2025\/11\/poulet-fripes-24-750x500.jpg\" class=\"attachment-gallery size-gallery\" alt=\"Poulet fripes (24)\" data-full-url=\"https:\/\/pokaa.fr\/wp-content\/uploads\/2024\/09\/27\/poulet-fripes-24.jpg\" decoding=\"async\" loading=\"lazy\"  \/>            <\/p>\n<p>                <img width=\"750\" height=\"500\" src=\"https:\/\/www.europesays.com\/fr\/wp-content\/uploads\/2025\/11\/poulet-fripes-19-750x500.jpg\" class=\"attachment-gallery size-gallery\" alt=\"Poulet fripes (19)\" data-full-url=\"https:\/\/pokaa.fr\/wp-content\/uploads\/2024\/09\/27\/poulet-fripes-19.jpg\" decoding=\"async\" loading=\"lazy\"  \/>            <\/p>\n<p>                    Poulet Fripes. \u00a9\u00a0Marie Goehner-David \/ Pokaa<\/p>\n<p>                <img width=\"460\" height=\"500\" src=\"https:\/\/www.europesays.com\/fr\/wp-content\/uploads\/2025\/11\/fleuriste-green-3-460x500.png\" class=\"attachment-gallery size-gallery\" alt=\"Fleuriste green (3)\" data-full-url=\"https:\/\/pokaa.fr\/wp-content\/uploads\/2025\/10\/23\/fleuriste-green-3.png\" decoding=\"async\" loading=\"lazy\"  \/>            <\/p>\n<p>                <img width=\"400\" height=\"500\" src=\"https:\/\/www.europesays.com\/fr\/wp-content\/uploads\/2025\/11\/fleuriste-green-2-400x500.png\" class=\"attachment-gallery size-gallery\" alt=\"Fleuriste green (2)\" data-full-url=\"https:\/\/pokaa.fr\/wp-content\/uploads\/2025\/10\/23\/fleuriste-green-2.png\" decoding=\"async\" loading=\"lazy\"  \/>            <\/p>\n<p>                <img width=\"395\" height=\"500\" src=\"https:\/\/www.europesays.com\/fr\/wp-content\/uploads\/2025\/11\/fleuriste-green-1-395x500.png\" class=\"attachment-gallery size-gallery\" alt=\"Fleuriste green (1)\" data-full-url=\"https:\/\/pokaa.fr\/wp-content\/uploads\/2025\/10\/23\/fleuriste-green-1.png\" decoding=\"async\" loading=\"lazy\"  \/>            <\/p>\n<p>                    Green fleuriste. \u00a9 Green fleuriste \/ Captures d&rsquo;\u00e9cran<\/p>\n<p>\u00c9tape 8 : l\u2019heure de l\u2019ap\u00e9ro !<\/p>\n<p>Puisqu\u2019on est arriv\u00e9 place d\u2019Austerlitz, on peut profiter de nombreux bars pour se poser un peu. <strong>Un petit ginto au <a href=\"https:\/\/www.instagram.com\/supertonic_stbg\/\" target=\"_blank\" rel=\"noopener\">Supertonic<\/a>, une bibine au <a href=\"https:\/\/www.instagram.com\/molly_malone_strasbourg\/?hl=fr\" target=\"_blank\" rel=\"noopener\">Molly Malone<\/a>, ou encore un cocktail au <a href=\"https:\/\/www.instagram.com\/cafebale\/\" target=\"_blank\" rel=\"noopener\">Caf\u00e9 B\u00e2le<\/a>\u00a0: <\/strong>le choix ne manque pas.<\/p>\n<p>Si on prend le temps de retourner sur le quai des P\u00eacheurs, il est possible d\u2019aller <strong>savourer son petit verre sur une p\u00e9niche<\/strong> \u2013 rien que \u00e7a\u00a0! Parmi les options, on retrouve <strong>le <a href=\"https:\/\/www.instagram.com\/cafe.atlantico.strasbourg\/?hl=fr\" target=\"_blank\" rel=\"noopener\">Caf\u00e9 Atlantico<\/a> (9A quai des P\u00eacheurs)<\/strong>, qui sert aussi des bons petits plats, tant sur le bateau que sur la grande terrasse. <strong>Et pour les amateurs\/rices de vin, direction <a href=\"https:\/\/www.instagram.com\/illvino_bar\/\" target=\"_blank\" rel=\"noopener\">Il Vino<\/a> (19A quai des P\u00eacheurs)<\/strong><\/p>\n<p>                <img width=\"685\" height=\"500\" src=\"https:\/\/www.europesays.com\/fr\/wp-content\/uploads\/2025\/11\/img-9746-685x500.jpg\" class=\"attachment-gallery size-gallery\" alt=\"atlantico\" data-full-url=\"https:\/\/pokaa.fr\/wp-content\/uploads\/2025\/02\/11\/img-9746.jpg\" decoding=\"async\" loading=\"lazy\"  \/>            <\/p>\n<p>                <img width=\"682\" height=\"500\" src=\"https:\/\/www.europesays.com\/fr\/wp-content\/uploads\/2025\/11\/img-9741-682x500.jpg\" class=\"attachment-gallery size-gallery\" alt=\"atlantico\" data-full-url=\"https:\/\/pokaa.fr\/wp-content\/uploads\/2025\/02\/11\/img-9741.jpg\" decoding=\"async\" loading=\"lazy\"  \/>            <\/p>\n<p>                    \u00a9 Coraline Lafon \/ Pokaa<\/p>\n<p>    <img width=\"800\" height=\"533\" src=\"https:\/\/www.europesays.com\/fr\/wp-content\/uploads\/2025\/11\/dsc-5428-800x533.jpg\" class=\"attachment-image-size-L size-image-size-L\" alt=\"caf\u00e9 atlantico\" decoding=\"async\" loading=\"lazy\"  \/>         \u00a9 Marie Goehner-David \/ Pokaa <\/p>\n<p>                <img width=\"440\" height=\"500\" src=\"https:\/\/www.europesays.com\/fr\/wp-content\/uploads\/2025\/11\/capture-decran-2025-10-23-190723-440x500.png\" class=\"attachment-gallery size-gallery\" alt=\"Il Vino\" data-full-url=\"https:\/\/pokaa.fr\/wp-content\/uploads\/2025\/10\/23\/capture-decran-2025-10-23-190723.png\" decoding=\"async\" loading=\"lazy\"  \/>            <\/p>\n<p>                <img width=\"496\" height=\"500\" src=\"https:\/\/www.europesays.com\/fr\/wp-content\/uploads\/2025\/11\/capture-decran-2025-10-23-190800-496x500.png\" class=\"attachment-gallery size-gallery\" alt=\"Il vino\" data-full-url=\"https:\/\/pokaa.fr\/wp-content\/uploads\/2025\/10\/23\/capture-decran-2025-10-23-190800.png\" decoding=\"async\" loading=\"lazy\"  \/>            <\/p>\n<p>                    \u00a9 Il Vino \/ Captures d&rsquo;\u00e9cran<\/p>\n<p>\u00c9tape 9 : vous avez dit tarte flamb\u00e9e et choucroute ?<\/p>\n<p>Apr\u00e8s toutes ces p\u00e9rip\u00e9ties, il est temps de reprendre des forces. <strong>Et pourquoi ne pas manger alsacien ?<\/strong> Pour une tarte flamb\u00e9e des plus royales, on fonce chez <strong><a href=\"https:\/\/www.instagram.com\/mamabubbele\/?hl=fr\" target=\"_blank\" rel=\"noopener\">Mama Bubbele<\/a> (2 quai des Bateliers).<\/strong> Version traditionnelle ou revisit\u00e9e : il y aura de quoi faire danser les papilles !<\/p>\n<p>                <a href=\"https:\/\/pokaa.fr\/2019\/10\/03\/mama-bubbele-des-tartes-flambees-qui-font-crac-crac-avec-les-produits-fermiers\/\" target=\"_blank\" rel=\"noopener\"><br \/>\n                    <img width=\"450\" height=\"270\" src=\"https:\/\/www.europesays.com\/fr\/wp-content\/uploads\/2025\/11\/mama-bubbele3-450x270.jpg\" class=\"attachment-card-horizontal--same-subject size-card-horizontal--same-subject wp-post-image\" alt=\"\" decoding=\"async\" loading=\"lazy\"\/>                <\/a><\/p>\n<p>                <img width=\"734\" height=\"500\" src=\"https:\/\/www.europesays.com\/fr\/wp-content\/uploads\/2025\/11\/mama-bubbele-plat-du-jourimage-strasbourg00021.jpeg\" class=\"attachment-gallery size-gallery\" alt=\"mama-bubbele-plat-du-jourimage-strasbourg00021\" data-full-url=\"https:\/\/www.europesays.com\/fr\/wp-content\/uploads\/2025\/11\/mama-bubbele-plat-du-jourimage-strasbourg00021.jpeg\" decoding=\"async\" loading=\"lazy\"  \/>            <\/p>\n<p>                <img width=\"667\" height=\"500\" src=\"https:\/\/www.europesays.com\/fr\/wp-content\/uploads\/2025\/11\/mama-bubbele.jpg\" class=\"attachment-gallery size-gallery\" alt=\"mama bubbele\" data-full-url=\"https:\/\/www.europesays.com\/fr\/wp-content\/uploads\/2025\/11\/mama-bubbele.jpg\" decoding=\"async\" loading=\"lazy\"  \/>            <\/p>\n<p>                <img width=\"813\" height=\"500\" src=\"https:\/\/www.europesays.com\/fr\/wp-content\/uploads\/2025\/11\/mama-bubbele2-813x500.jpg\" class=\"attachment-gallery size-gallery\" alt=\"Mama Bubbele\" data-full-url=\"https:\/\/pokaa.fr\/wp-content\/uploads\/2023\/01\/mama-bubbele2.jpg\" decoding=\"async\" loading=\"lazy\"  \/>            <\/p>\n<p>                <img width=\"375\" height=\"500\" src=\"https:\/\/www.europesays.com\/fr\/wp-content\/uploads\/2025\/11\/mama-bubbele-plat-du-jourimage00016.jpeg\" class=\"attachment-gallery size-gallery\" alt=\"mama bubbele plat du jourimage00016\" data-full-url=\"https:\/\/www.europesays.com\/fr\/wp-content\/uploads\/2025\/11\/mama-bubbele-plat-du-jourimage00016.jpeg\" decoding=\"async\" loading=\"lazy\"  \/>            <\/p>\n<p>                    1. 2. 4. \u00a9 Documents remis ; 3. \u00a9\u00a0Seitz Lucas \/ Document remis<\/p>\n<p>Aussi, <strong><a href=\"https:\/\/www.instagram.com\/auxtroischevaliers\/\" target=\"_blank\" rel=\"noopener\">Aux Trois Chevaliers<\/a> (3 quai des Bateliers), on peut savourer une bonne choucroute,<\/strong> mais aussi un jarret de porc brais\u00e9 \u00e0 la bi\u00e8re, des pommes de terre r\u00f4ties avec leur bibeleskaes, ou des lewerknepfles : <strong>toutes les sp\u00e9cialit\u00e9s de chez nous,<\/strong> dont on ne se lasse pas.<\/p>\n<p>    <img width=\"800\" height=\"533\" src=\"https:\/\/www.europesays.com\/fr\/wp-content\/uploads\/2025\/11\/dsc-5632-800x533.jpg\" class=\"attachment-image-size-L size-image-size-L\" alt=\"restaurant aux trois chevaliers\" decoding=\"async\" loading=\"lazy\"  \/>         \u00a9 Marie Goehner-David \/ Pokaa <\/p>\n<p>\u00c9tape 10 : jusqu\u2019au bout de la nuit (ou presque)<\/p>\n<p>Pour cl\u00f4turer la soir\u00e9e en beaut\u00e9, vous pouvez vous offrir <strong>un verre au <a href=\"https:\/\/www.instagram.com\/jimmysstrasbourg\/?hl=fr\" target=\"_blank\" rel=\"noopener\">Jimmy\u2019s<\/a> (30 quai des Bateliers) qui ferme au petit matin, <\/strong>ou <strong>une session clubbing.<\/strong> Pour cela, direction<a href=\"https:\/\/www.instagram.com\/lerafiotclub\/\" target=\"_blank\" rel=\"noopener\"> <strong>le Rafiot<\/strong><\/a> <strong>(quai des P\u00eacheurs)<\/strong>, ou alors <a href=\"https:\/\/www.instagram.com\/lakulture.v2\/\" target=\"_blank\" rel=\"noopener\"><strong>la Kulture<\/strong><\/a><strong> (9 rue des Bateliers) <\/strong>qui a rouvert ses portes ! La programmation est vari\u00e9e, entre post-punk, house, shoegaze, techno ou electro : bref, il y en a pour tous les go\u00fbts.<\/p>\n<p>                <a href=\"https:\/\/pokaa.fr\/2025\/11\/05\/strasbourg-a-la-krutenau-le-cafe-club-la-kulture-fait-son-grand-retour\/\" target=\"_blank\" rel=\"noopener\"><br \/>\n                    <img width=\"450\" height=\"270\" src=\"https:\/\/www.europesays.com\/fr\/wp-content\/uploads\/2025\/11\/h1-450x270.png\" class=\"attachment-card-horizontal--same-subject size-card-horizontal--same-subject wp-post-image\" alt=\"\" decoding=\"async\" loading=\"lazy\"\/>                <\/a><\/p>\n<p>                <img width=\"722\" height=\"500\" src=\"https:\/\/www.europesays.com\/fr\/wp-content\/uploads\/2025\/11\/le-rafiot-2-722x500.png\" class=\"attachment-gallery size-gallery\" alt=\"Le Rafiot (2)\" data-full-url=\"https:\/\/pokaa.fr\/wp-content\/uploads\/2025\/10\/23\/le-rafiot-2.png\" decoding=\"async\" loading=\"lazy\"  \/>            <\/p>\n<p>                <img width=\"507\" height=\"500\" src=\"https:\/\/www.europesays.com\/fr\/wp-content\/uploads\/2025\/11\/le-rafiot-1-507x500.png\" class=\"attachment-gallery size-gallery\" alt=\"Le Rafiot (1)\" data-full-url=\"https:\/\/pokaa.fr\/wp-content\/uploads\/2025\/10\/23\/le-rafiot-1.png\" decoding=\"async\" loading=\"lazy\"  \/>            <\/p>\n<p>                <img width=\"735\" height=\"500\" src=\"https:\/\/www.europesays.com\/fr\/wp-content\/uploads\/2025\/11\/la-kulture-2-735x500.png\" class=\"attachment-gallery size-gallery\" alt=\"La Kulture (2)\" data-full-url=\"https:\/\/pokaa.fr\/wp-content\/uploads\/2025\/10\/23\/la-kulture-2.png\" decoding=\"async\" loading=\"lazy\"  \/>            <\/p>\n<p>                <img width=\"774\" height=\"500\" src=\"https:\/\/www.europesays.com\/fr\/wp-content\/uploads\/2025\/11\/la-kulture-1-774x500.png\" class=\"attachment-gallery size-gallery\" alt=\"La Kulture (1)\" data-full-url=\"https:\/\/pokaa.fr\/wp-content\/uploads\/2025\/10\/23\/la-kulture-1.png\" decoding=\"async\" loading=\"lazy\"  \/>            <\/p>\n<p>                    1. 2. Le Rafiot, 3. 4. \u00a9 La Kulture \/ Captures d&rsquo;\u00e9cran<\/p>\n<p>Plut\u00f4t envie d\u2019aller voir un spectacle\u00a0? <strong>\u00c0 la paroisse Saint-Guillaume (1 rue Munch), <a href=\"https:\/\/www.instagram.com\/passionscroisees\/?hl=fr\" target=\"_blank\" rel=\"noopener\">Passions Crois\u00e9es<\/a> organise r\u00e9guli\u00e8rement des \u00e9v\u00e9nements.<\/strong> R\u00e9citals, op\u00e9ras, jazz, ballets, et m\u00eame cirque viennent faire vibrer les murs de l\u2019\u00e9glise. De quoi profiter d\u2019un moment suspendu dans un d\u00e9cor unique\u00a0: <strong>la programmation, c\u2019est <a href=\"https:\/\/www.passions-croisees.com\/\" target=\"_blank\" rel=\"noopener\">par ici<\/a>\u00a0!<\/strong><\/p>\n<p>                <img width=\"756\" height=\"500\" src=\"https:\/\/www.europesays.com\/fr\/wp-content\/uploads\/2025\/11\/diner-lyrique-passions-croisees-2-756x500.png\" class=\"attachment-gallery size-gallery\" alt=\"D\u00eener lyrique passions crois\u00e9es (2)\" data-full-url=\"https:\/\/pokaa.fr\/wp-content\/uploads\/2025\/01\/14\/diner-lyrique-passions-croisees-2.png\" decoding=\"async\" loading=\"lazy\"  \/>            <\/p>\n<p>                <img width=\"454\" height=\"500\" src=\"https:\/\/www.europesays.com\/fr\/wp-content\/uploads\/2025\/11\/diner-lyrique-passions-croisees-3-454x500.png\" class=\"attachment-gallery size-gallery\" alt=\"D\u00eener lyrique passions crois\u00e9es (3)\" data-full-url=\"https:\/\/pokaa.fr\/wp-content\/uploads\/2025\/01\/14\/diner-lyrique-passions-croisees-3.png\" decoding=\"async\" loading=\"lazy\"  \/>            <\/p>\n<p>                    \u00a9 Antonin Schnurr \/ Documents remis<\/p>\n<p>Pour acc\u00e9der au centre sans s\u2019encombrer de sa voiture, on a l\u2019option bicyclette, pour profiter encore un peu avant le retour des temp\u00e9ratures d\u2019hiver.<\/p>\n<p>Et si l\u2019on vient de plus loin (et qu\u2019on ne prend pas le train), on pense \u00e0 <b>l\u2019offre de parking-relais tram (P+R)<\/b>, ou aux <b>parkings place Gutenberg, Austerlitz <\/b>et les nombreux arr\u00eats de tram \u00e0 proximit\u00e9.<\/p>\n<p><strong>Bon plan<\/strong> <strong>: jusqu\u2019au 15 novembre 2025, les parkings-relais de Strasbourg sont d\u2019ailleurs gratuits tous les samedis. <\/strong>Seule condition : faire au moins 20\u20ac d\u2019achat dans les commerces du centre-ville.<\/p>\n<p>                <a href=\"https:\/\/pokaa.fr\/2025\/07\/01\/bon-plan-a-strasbourg-jusquen-novembre-les-11-parkings-relais-sont-gratuits-les-samedis\/\" target=\"_blank\" rel=\"noopener\"><br \/>\n                    <img width=\"450\" height=\"270\" src=\"https:\/\/www.europesays.com\/fr\/wp-content\/uploads\/2025\/07\/img-0135-copie-2-450x270.jpg\" class=\"attachment-card-horizontal--same-subject size-card-horizontal--same-subject wp-post-image\" alt=\"parking relais voiture\" decoding=\"async\" loading=\"lazy\"\/>                <\/a><\/p>\n<p style=\"text-align: center;\"><strong>Et vous, c\u2019est quoi vos bons plans pour profiter d\u2019une belle journ\u00e9e sur le bord des quais ?<\/strong><\/p>\n<p>                <img width=\"750\" height=\"500\" src=\"https:\/\/www.europesays.com\/fr\/wp-content\/uploads\/2025\/11\/dsc-5576-750x500.jpg\" class=\"attachment-gallery size-gallery\" alt=\"palais rohan\" data-full-url=\"https:\/\/pokaa.fr\/wp-content\/uploads\/2025\/10\/23\/dsc-5576-1500x1000.jpg\" decoding=\"async\" loading=\"lazy\"  \/>            <\/p>\n<p>                <img width=\"750\" height=\"500\" src=\"https:\/\/www.europesays.com\/fr\/wp-content\/uploads\/2025\/11\/dsc-5587-750x500.jpg\" class=\"attachment-gallery size-gallery\" alt=\"palais rohan\" data-full-url=\"https:\/\/pokaa.fr\/wp-content\/uploads\/2025\/10\/23\/dsc-5587-1500x1000.jpg\" decoding=\"async\" loading=\"lazy\"  \/>            <\/p>\n<p>                <img width=\"750\" height=\"500\" src=\"https:\/\/www.europesays.com\/fr\/wp-content\/uploads\/2025\/11\/dsc-5500-750x500.jpg\" class=\"attachment-gallery size-gallery\" alt=\"Maison alicia librairie le tigre\" data-full-url=\"https:\/\/pokaa.fr\/wp-content\/uploads\/2025\/10\/23\/dsc-5500-1500x1000.jpg\" decoding=\"async\" loading=\"lazy\"  \/>            <\/p>\n<p>                <img width=\"750\" height=\"500\" src=\"https:\/\/www.europesays.com\/fr\/wp-content\/uploads\/2025\/11\/dsc-5482-750x500.jpg\" class=\"attachment-gallery size-gallery\" alt=\"quais\" data-full-url=\"https:\/\/pokaa.fr\/wp-content\/uploads\/2025\/10\/23\/dsc-5482-1500x1000.jpg\" decoding=\"async\" loading=\"lazy\"  \/>            <\/p>\n<p>                <img width=\"750\" height=\"500\" src=\"https:\/\/www.europesays.com\/fr\/wp-content\/uploads\/2025\/11\/dsc-5477-750x500.jpg\" class=\"attachment-gallery size-gallery\" alt=\"quais l\u2019ill bateau mouche\" data-full-url=\"https:\/\/pokaa.fr\/wp-content\/uploads\/2025\/10\/23\/dsc-5477-1500x1000.jpg\" decoding=\"async\" loading=\"lazy\"  \/>            <\/p>\n<p>                <img width=\"750\" height=\"500\" src=\"https:\/\/www.europesays.com\/fr\/wp-content\/uploads\/2025\/11\/dsc-5465-750x500.jpg\" class=\"attachment-gallery size-gallery\" alt=\"quais\" data-full-url=\"https:\/\/pokaa.fr\/wp-content\/uploads\/2025\/10\/23\/dsc-5465-1500x1000.jpg\" decoding=\"async\" loading=\"lazy\"  \/>            <\/p>\n<p>                <img width=\"750\" height=\"500\" src=\"https:\/\/www.europesays.com\/fr\/wp-content\/uploads\/2025\/11\/dsc-5453-750x500.jpg\" class=\"attachment-gallery size-gallery\" alt=\"Eglise saint paul quais l\u2019ill\" data-full-url=\"https:\/\/pokaa.fr\/wp-content\/uploads\/2025\/10\/23\/dsc-5453-1500x1000.jpg\" decoding=\"async\" loading=\"lazy\"  \/>            <\/p>\n<p>                <img width=\"750\" height=\"500\" src=\"https:\/\/www.europesays.com\/fr\/wp-content\/uploads\/2025\/11\/dsc-5440-750x500.jpg\" class=\"attachment-gallery size-gallery\" alt=\"Quai des bateliers\" data-full-url=\"https:\/\/pokaa.fr\/wp-content\/uploads\/2025\/10\/23\/dsc-5440-1500x1000.jpg\" decoding=\"async\" loading=\"lazy\"  \/>            <\/p>\n<p>                <img width=\"750\" height=\"500\" src=\"https:\/\/www.europesays.com\/fr\/wp-content\/uploads\/2025\/11\/dsc-5590-750x500.jpg\" class=\"attachment-gallery size-gallery\" alt=\"Quai des bateliers automne\" data-full-url=\"https:\/\/pokaa.fr\/wp-content\/uploads\/2025\/10\/23\/dsc-5590-1500x1000.jpg\" decoding=\"async\" loading=\"lazy\"  \/>            <\/p>\n<p>                    \u00a9 Marie Goehner-David \/ Pokaa<\/p>\n<p>    <img width=\"400\" height=\"600\" src=\"https:\/\/www.europesays.com\/fr\/wp-content\/uploads\/2025\/11\/dsc-5514-400x600.jpg\" class=\"attachment-image-size-M size-image-size-M\" alt=\"quais cath\u00e9drale\" decoding=\"async\" loading=\"lazy\"  \/>         \u00a9 Marie Goehner-David \/ Pokaa <\/p>\n<p><script async src=\"\/\/www.instagram.com\/embed.js\"><\/script><\/p>\n","protected":false},"excerpt":{"rendered":"Par\u00e9e de ses plus jolies couleurs d\u2019automne, Strasbourg n\u2019a pas fini de faire r\u00eaver nos mirettes. On s\u2019est&hellip;\n","protected":false},"author":2,"featured_media":516570,"comment_status":"","ping_status":"","sticky":false,"template":"","format":"standard","meta":{"footnotes":""},"categories":[2820],"tags":[1111,11,63720,1777,674,1011,27,775,12,63721,63722,25,1669,640],"class_list":{"0":"post-516569","1":"post","2":"type-post","3":"status-publish","4":"format-standard","5":"has-post-thumbnail","7":"category-strasbourg","8":"tag-actu","9":"tag-actualites","10":"tag-boutiques-independantes","11":"tag-eu","12":"tag-europe","13":"tag-fr","14":"tag-france","15":"tag-grand-est","16":"tag-news","17":"tag-quai-des-bateliers","18":"tag-quai-des-pecheurs","19":"tag-republique-francaise","20":"tag-sorties","21":"tag-strasbourg"},"share_on_mastodon":{"url":"https:\/\/pubeurope.com\/@fr\/115504376882152674","error":""},"_links":{"self":[{"href":"https:\/\/www.europesays.com\/fr\/wp-json\/wp\/v2\/posts\/516569","targetHints":{"allow":["GET"]}}],"collection":[{"href":"https:\/\/www.europesays.com\/fr\/wp-json\/wp\/v2\/posts"}],"about":[{"href":"https:\/\/www.europesays.com\/fr\/wp-json\/wp\/v2\/types\/post"}],"author":[{"embeddable":true,"href":"https:\/\/www.europesays.com\/fr\/wp-json\/wp\/v2\/users\/2"}],"replies":[{"embeddable":true,"href":"https:\/\/www.europesays.com\/fr\/wp-json\/wp\/v2\/comments?post=516569"}],"version-history":[{"count":0,"href":"https:\/\/www.europesays.com\/fr\/wp-json\/wp\/v2\/posts\/516569\/revisions"}],"wp:featuredmedia":[{"embeddable":true,"href":"https:\/\/www.europesays.com\/fr\/wp-json\/wp\/v2\/media\/516570"}],"wp:attachment":[{"href":"https:\/\/www.europesays.com\/fr\/wp-json\/wp\/v2\/media?parent=516569"}],"wp:term":[{"taxonomy":"category","embeddable":true,"href":"https:\/\/www.europesays.com\/fr\/wp-json\/wp\/v2\/categories?post=516569"},{"taxonomy":"post_tag","embeddable":true,"href":"https:\/\/www.europesays.com\/fr\/wp-json\/wp\/v2\/tags?post=516569"}],"curies":[{"name":"wp","href":"https:\/\/api.w.org\/{rel}","templated":true}]}}