{"id":516577,"date":"2025-11-06T19:23:21","date_gmt":"2025-11-06T19:23:21","guid":{"rendered":"https:\/\/www.europesays.com\/fr\/516577\/"},"modified":"2025-11-06T19:23:21","modified_gmt":"2025-11-06T19:23:21","slug":"recycler-nos-vieilles-radios-medicales-11-points-de-collecte-temporaires-en-pays-de-la-loire","status":"publish","type":"post","link":"https:\/\/www.europesays.com\/fr\/516577\/","title":{"rendered":"Recycler nos vieilles radios m\u00e9dicales\u00a0: 11\u00a0points de collecte temporaires en Pays de la Loire"},"content":{"rendered":"<p>\u00ab\u00a0Pas de vieux os pour vos radios.\u00a0\u00bb C\u2019est le slogan de la campagne de collecte de nos vieilles radiographies, anim\u00e9e par le groupe Domitys. Sont-ils vraiment si pr\u00e9cieux, ces souvenirs grand format de fractures ou d\u2019os f\u00eal\u00e9s qui encombrent les tiroirs des familles\u00a0?<\/p>\n<p>Autant les jeter, mais pas n\u2019importe comment\u00a0: <strong>\u00ab\u00a0Les radiographies m\u00e9dicales contiennent beaucoup de plastique, mais aussi des sels d\u2019argent toxiques. Jet\u00e9es \u00e0 la poubelle, elles polluent les sols et les nappes phr\u00e9atiques, mettant plus de 300\u00a0ans \u00e0 se d\u00e9grader,<\/strong> avertissent les organisateurs de la collecte. <strong>Le recyclage de ces radiographies permet de faire des produits tels que des granul\u00e9s pour l\u2019industrie p\u00e9troli\u00e8re et l\u2019industrie automobile, trame de v\u00eatements de ski, polaires, jouets\u2026\u00a0\u00bb<\/strong><\/p>\n<p>Domitys indique que le public pourra d\u00e9poser ses veilles radiographies du 8\u00a0novembre au 18\u00a0mars, dans les points de collectes pr\u00e9vues \u00e0 l\u2019accueil <a href=\"https:\/\/www.domitys.fr\/residence-services-senior\/pays-de-la-loire\" target=\"_self\" rel=\"noopener\">des onze r\u00e9sidences s\u00e9niors que le groupe compte en Pays de la Loire<\/a>, \u00e0 Saint-Gilles-Croix-de-Vie, Les Sables-d\u2019Olonne (Vend\u00e9e), Louvern\u00e9 (Mayenne), Nantes, Saint-Nazaire, Treilli\u00e8res (Loire-Atlantique), Le Mans (Sarthe), Angers et \u00c9couflant (Maine-et-Loire).<\/p>\n<p>\u00a0<\/p>\n","protected":false},"excerpt":{"rendered":"\u00ab\u00a0Pas de vieux os pour vos radios.\u00a0\u00bb C\u2019est le slogan de la campagne de collecte de nos vieilles&hellip;\n","protected":false},"author":2,"featured_media":516578,"comment_status":"","ping_status":"","sticky":false,"template":"","format":"standard","meta":{"footnotes":""},"categories":[2818],"tags":[7560,1111,11,10957,1777,674,1011,27,3367,63724,766,12,5457,2636,1460,49764,63723,25,31117,30050],"class_list":{"0":"post-516577","1":"post","2":"type-post","3":"status-publish","4":"format-standard","5":"has-post-thumbnail","7":"category-nantes","8":"tag-7560","9":"tag-actu","10":"tag-actualites","11":"tag-collecte","12":"tag-eu","13":"tag-europe","14":"tag-fr","15":"tag-france","16":"tag-loire","17":"tag-medicales","18":"tag-nantes","19":"tag-news","20":"tag-pays","21":"tag-pays-de-la-loire","22":"tag-points","23":"tag-radios","24":"tag-recycler","25":"tag-republique-francaise","26":"tag-temporaires","27":"tag-vieilles"},"share_on_mastodon":{"url":"https:\/\/pubeurope.com\/@fr\/115504388885261844","error":""},"_links":{"self":[{"href":"https:\/\/www.europesays.com\/fr\/wp-json\/wp\/v2\/posts\/516577","targetHints":{"allow":["GET"]}}],"collection":[{"href":"https:\/\/www.europesays.com\/fr\/wp-json\/wp\/v2\/posts"}],"about":[{"href":"https:\/\/www.europesays.com\/fr\/wp-json\/wp\/v2\/types\/post"}],"author":[{"embeddable":true,"href":"https:\/\/www.europesays.com\/fr\/wp-json\/wp\/v2\/users\/2"}],"replies":[{"embeddable":true,"href":"https:\/\/www.europesays.com\/fr\/wp-json\/wp\/v2\/comments?post=516577"}],"version-history":[{"count":0,"href":"https:\/\/www.europesays.com\/fr\/wp-json\/wp\/v2\/posts\/516577\/revisions"}],"wp:featuredmedia":[{"embeddable":true,"href":"https:\/\/www.europesays.com\/fr\/wp-json\/wp\/v2\/media\/516578"}],"wp:attachment":[{"href":"https:\/\/www.europesays.com\/fr\/wp-json\/wp\/v2\/media?parent=516577"}],"wp:term":[{"taxonomy":"category","embeddable":true,"href":"https:\/\/www.europesays.com\/fr\/wp-json\/wp\/v2\/categories?post=516577"},{"taxonomy":"post_tag","embeddable":true,"href":"https:\/\/www.europesays.com\/fr\/wp-json\/wp\/v2\/tags?post=516577"}],"curies":[{"name":"wp","href":"https:\/\/api.w.org\/{rel}","templated":true}]}}