{"id":516598,"date":"2025-11-06T19:34:11","date_gmt":"2025-11-06T19:34:11","guid":{"rendered":"https:\/\/www.europesays.com\/fr\/516598\/"},"modified":"2025-11-06T19:34:11","modified_gmt":"2025-11-06T19:34:11","slug":"tu-vas-vite-rejoindre-ton-ami-sarkozy-en-prison","status":"publish","type":"post","link":"https:\/\/www.europesays.com\/fr\/516598\/","title":{"rendered":"Tu vas vite rejoindre ton ami Sarkozy en prison"},"content":{"rendered":"<p>            Par<br \/>\n        <strong><br \/>\n            <a href=\"https:\/\/actu.fr\/auteur\/anthony-soudani\" title=\"Consulter tous les articles de Anthony Soudani\" target=\"_blank\" rel=\"noopener\">Anthony Soudani<\/a><br \/>\n        <\/strong><\/p>\n<p>        Publi\u00e9 le<\/p>\n<p>            6 nov. 2025 \u00e0 20h06        <\/p>\n<p><strong>INFO ACTU LYON.<\/strong> Le ministre de la Justice <a href=\"https:\/\/actu.fr\/normandie\/conde-sur-sarthe_61117\/demission-du-gouvernement-a-la-prison-de-conde-tout-le-monde-attendait-darmanin-qui-nest-jamais-venu_63259924.html\" target=\"_blank\" rel=\"noopener\">G\u00e9rald Darmanin<\/a> \u00e9tait en visite \u00e0 Lyon ce jeudi 6 novembre. Et il a \u00e9t\u00e9 un peu chahut\u00e9.<\/p>\n<p class=\" wall-content\">Apr\u00e8s un d\u00e9jeuner avec Laurent Wauquiez, d\u00e9put\u00e9 Les R\u00e9publicains, \u00e0 la Brasserie de Brotteaux, le ministre du gouvernement Lecornu a notamment rencontr\u00e9 des magistrats et visit\u00e9 le palais de justice de la Cour d\u2019appel, dans le Vieux-Lyon.<\/p>\n<p>\u00ab\u00a0J\u2019esp\u00e8re que tu vas vite rejoindre ton ami Sarkozy en prison\u00a0\u00bb<\/p>\n<p class=\" wall-content\">Lors de sa sortie des lieux, <strong>G\u00e9rald Darmanin a \u00e9t\u00e9 pris \u00e0 partie<\/strong> par un homme plut\u00f4t \u00e2g\u00e9. Ce dernier a cri\u00e9 haut et fort : \u00ab\u00a0J\u2019esp\u00e8re que tu vas vite rejoindre ton ami Sarkozy en prison.\u00a0\u00bb<\/p>\n<p class=\" wall-content\">Accus\u00e9 de soutien implicite \u00e0 <a href=\"https:\/\/actu.fr\/politique\/sa-demande-de-liberte-examinee-tres-bientot-nicolas-sarkozy-beneficie-t-il-d-un-passe-droit-de-la-justice_63379338.html\" target=\"_blank\" rel=\"noopener\">Nicolas Sarkozy<\/a> apr\u00e8s lui avoir rendu visite \u00e0 la prison de la Sant\u00e9, o\u00f9 l\u2019ancien chef d\u2019\u00c9tat est incarc\u00e9r\u00e9, <a href=\"https:\/\/actu.fr\/politique\/une-plainte-deposee-contre-gerald-darmanin-pour-prise-illegale-d-interets-pour-son-soutien-a-nicolas-sarkozy_63375600.html\" target=\"_blank\" rel=\"noopener\">G\u00e9rald Darmanin est, en effet, vis\u00e9 par une plainte d\u2019un collectif d\u2019avocats<\/a> d\u00e9pos\u00e9e aupr\u00e8s de la Cour de justice de la R\u00e9publique pour \u00ab\u00a0prise ill\u00e9gal d\u2019int\u00e9r\u00eats\u00a0\u00bb.<\/p>\n<p class=\" wall-content\">Le ministre de la Justice a bien entendu cette invective. Il lui a r\u00e9pondu simplement des \u00ab\u00a0bonjour monsieur\u00a0\u00bb \u00e0 plusieurs reprises, selon notre photographe envoy\u00e9 sur place.<\/p>\n<p>    <img   decoding=\"async\" loading=\"lazy\" src=\"https:\/\/www.europesays.com\/fr\/wp-content\/uploads\/2025\/11\/visite-gerald-darmanin-02-photo-pascal-pierart-960x640.jpg\" alt=\"En visite \u00e0 Lyon, le ministre G\u00e9rald Darmanin a \u00e9t\u00e9 pris \u00e0 partie par un homme \u00e0 la sortie du palais de justice.\" width=\"960\" height=\"640\"\/><br \/>\n    En visite \u00e0 Lyon, le ministre G\u00e9rald Darmanin a \u00e9t\u00e9 pris \u00e0 partie par un homme \u00e0 la sortie du palais de justice. (\u00a9Pascal Pi\u00e9rart \/ actu Lyon)L\u2019homme contr\u00f4l\u00e9 par la police mais pas interpell\u00e9<\/p>\n<p class=\" wall-content\">L\u2019homme a \u00e9t\u00e9 tr\u00e8s rapidement <strong>contr\u00f4l\u00e9 par la police<\/strong> au niveau de la passerelle Pierre-Truche. Il n\u2019a cependant pas \u00e9t\u00e9 interpell\u00e9. \u00ab\u00a0C\u2019est un non-\u00e9v\u00e9nement\u00a0\u00bb, nous glisse-t-on du c\u00f4t\u00e9 de l\u2019\u00c9tat.<\/p>\n<p class=\" wall-content\">Le garde des Sceaux, lui, poursuit sa visite des institutions de la justice lyonnaise vendredi 7 novembre. Il est pr\u00e9vu d\u2019\u00e9changer avec le b\u00e2tonnier et les membres du Conseil de l\u2019ordre des avocats au si\u00e8ge de l\u2019Ordre des avocats du Barreau de Lyon.<\/p>\n<p>Votre r\u00e9gion, votre actu !<\/p>\n<p>Recevez chaque jour les infos qui comptent pour vous.<\/p>\n<p>\t<a href=\"https:\/\/actu.fr\/newsletter\" class=\"ac-btn ac-btn--corner ac-btn--medium ac-btn--blue800\" target=\"_blank\" rel=\"noopener\">S&rsquo;incrire<\/a><\/p>\n<p class=\" wall-content\">Sa venue se terminera par une rencontre avec la pr\u00e9sidente de la Chambre interd\u00e9partementale des notaires du Rh\u00f4ne.<\/p>\n<p class=\" wall-content\">Personnalisez votre actualit\u00e9 en ajoutant vos villes et m\u00e9dias en favori avec <a href=\"https:\/\/moncompte.actu.fr\" title=\"D\u00e9couvez Mon Actu\" rel=\"nofollow noopener\" data-trk=\"{&quot;cta&quot;:{&quot;action&quot;:&quot;https:\\\/\\\/moncompte.actu.fr&quot;,&quot;category&quot;:&quot;mon compte&quot;,&quot;from&quot;:&quot;article footer&quot;,&quot;name&quot;:&quot;Mon actu&quot;,&quot;type&quot;:&quot;cta&quot;}}\" target=\"_blank\">Mon Actu<\/a>.<\/p>\n","protected":false},"excerpt":{"rendered":"Par Anthony Soudani Publi\u00e9 le 6 nov. 2025 \u00e0 20h06 INFO ACTU LYON. Le ministre de la Justice&hellip;\n","protected":false},"author":2,"featured_media":516599,"comment_status":"","ping_status":"","sticky":false,"template":"","format":"standard","meta":{"footnotes":""},"categories":[1889],"tags":[1111,11,2430,1777,674,1011,27,432,303,2428,12,3091,316,25],"class_list":{"0":"post-516598","1":"post","2":"type-post","3":"status-publish","4":"format-standard","5":"has-post-thumbnail","7":"category-lyon","8":"tag-actu","9":"tag-actualites","10":"tag-auvergne-rhone-alpes","11":"tag-eu","12":"tag-europe","13":"tag-fr","14":"tag-france","15":"tag-gerald-darmanin","16":"tag-justice","17":"tag-lyon","18":"tag-news","19":"tag-nicolas-sarkozy","20":"tag-politique","21":"tag-republique-francaise"},"share_on_mastodon":{"url":"https:\/\/pubeurope.com\/@fr\/115504432761400737","error":""},"_links":{"self":[{"href":"https:\/\/www.europesays.com\/fr\/wp-json\/wp\/v2\/posts\/516598","targetHints":{"allow":["GET"]}}],"collection":[{"href":"https:\/\/www.europesays.com\/fr\/wp-json\/wp\/v2\/posts"}],"about":[{"href":"https:\/\/www.europesays.com\/fr\/wp-json\/wp\/v2\/types\/post"}],"author":[{"embeddable":true,"href":"https:\/\/www.europesays.com\/fr\/wp-json\/wp\/v2\/users\/2"}],"replies":[{"embeddable":true,"href":"https:\/\/www.europesays.com\/fr\/wp-json\/wp\/v2\/comments?post=516598"}],"version-history":[{"count":0,"href":"https:\/\/www.europesays.com\/fr\/wp-json\/wp\/v2\/posts\/516598\/revisions"}],"wp:featuredmedia":[{"embeddable":true,"href":"https:\/\/www.europesays.com\/fr\/wp-json\/wp\/v2\/media\/516599"}],"wp:attachment":[{"href":"https:\/\/www.europesays.com\/fr\/wp-json\/wp\/v2\/media?parent=516598"}],"wp:term":[{"taxonomy":"category","embeddable":true,"href":"https:\/\/www.europesays.com\/fr\/wp-json\/wp\/v2\/categories?post=516598"},{"taxonomy":"post_tag","embeddable":true,"href":"https:\/\/www.europesays.com\/fr\/wp-json\/wp\/v2\/tags?post=516598"}],"curies":[{"name":"wp","href":"https:\/\/api.w.org\/{rel}","templated":true}]}}