{"id":516608,"date":"2025-11-06T19:40:15","date_gmt":"2025-11-06T19:40:15","guid":{"rendered":"https:\/\/www.europesays.com\/fr\/516608\/"},"modified":"2025-11-06T19:40:15","modified_gmt":"2025-11-06T19:40:15","slug":"le-fabrique-en-occitanie-rayonne-au-salon-du-made-in-france-2025-a-paris","status":"publish","type":"post","link":"https:\/\/www.europesays.com\/fr\/516608\/","title":{"rendered":"Le \u00ab Fabriqu\u00e9 en Occitanie \u00bb rayonne au Salon du Made In France 2025 \u00e0 Paris"},"content":{"rendered":"<p>            Par<br \/>\n        <strong><br \/>\n            <a href=\"https:\/\/actu.fr\/auteur\/m-dourlen\" title=\"Consulter tous les articles de Maxence Dourlen\" target=\"_blank\" rel=\"noopener\">Maxence Dourlen<\/a><br \/>\n        <\/strong><\/p>\n<p>        Publi\u00e9 le<\/p>\n<p>            6 nov. 2025 \u00e0 20h32        <\/p>\n<p>Pour sa <strong>13e \u00e9dition<\/strong>, du 6 au 9 novembre, le <a href=\"https:\/\/www.mifexpo.fr\/\" target=\"_blank\" rel=\"noopener\">Salon du Made In France<\/a> (MIF Expo) la r\u00e9gion Occitanie est une nouvelle fois tr\u00e8s bien repr\u00e9sent\u00e9e. <strong>Pr\u00e8s de cent artisans et entreprises<\/strong> venus des quatre coins de la r\u00e9gion y pr\u00e9sentent leurs cr\u00e9ations, incarnant le dynamisme \u00e9conomique et artisanal du territoire.<\/p>\n<p class=\" wall-content\">Gr\u00e2ce \u00e0 l\u2019accompagnement de la <a href=\"https:\/\/www.laregion.fr\/\" target=\"_blank\" rel=\"noopener\">R\u00e9gion<\/a> et de son <strong>agence de d\u00e9veloppement AD\u2019OCC<\/strong>, ces exposants trouvent au MIF un tremplin unique vers de nouveaux march\u00e9s et consommateurs.<\/p>\n<p class=\" wall-content\">L\u2019Occitanie est cette ann\u00e9e la <strong>troisi\u00e8me r\u00e9gion la plus repr\u00e9sent\u00e9e<\/strong> du salon, avec 26 exposants regroup\u00e9s sous le pavillon \u00ab Fabriqu\u00e9 en Occitanie \u00bb.<\/p>\n<p>Un pavillon vivant, vitrine du savoir-faire r\u00e9gional<\/p>\n<p class=\" wall-content\">Tout au long des quatre jours, le pavillon r\u00e9gional proposera un programme d\u2019animations foisonnant : d\u00e9monstrations de coutellerie, ateliers autour d\u2019une mode plus responsable ou encore pr\u00e9sentations artisanales. Une fa\u00e7on concr\u00e8te de faire d\u00e9couvrir au grand public la richesse et la diversit\u00e9 des m\u00e9tiers d\u2019art et de cr\u00e9ation port\u00e9s par le territoire.<\/p>\n<p>    <a href=\"https:\/\/www.facebook.com\/plugins\/post.php?href=https%3A%2F%2Fwww.facebook.com%2Fpermalink.php%3Fstory_fbid%3Dpfbid02igv7Ca8W8PXerQVro545Ekf8CPpaQxufqWbG3cxEkbBTyPm9P6kyW64mRvqnmzYel%26id%3D100051289156203&amp;show_text=true&amp;width=350\" title=\"Ouvrie le lien\" target=\"_blank\" rel=\"noopener\">Cliquez ici pour visualiser le contenu<\/a><\/p>\n<p class=\" wall-content\">Parmi les figures marquantes de cette \u00e9dition, <strong>Sophie Lemoalle<\/strong>, cr\u00e9atrice de la <a href=\"https:\/\/lacartabliere.fr\/\" target=\"_blank\" rel=\"noopener\">Cartabli\u00e8re<\/a> (Tarn), concourt pour le Grand Prix de l\u2019Entrepreneur \u00ab Made In France \u00bb.<\/p>\n<p>Vid\u00e9os : en ce moment sur Actu<\/p>\n<p class=\" wall-content\">Laur\u00e9ate du <strong>Prix du Public en 2024<\/strong>, elle incarne cette <strong>nouvelle g\u00e9n\u00e9ration d\u2019artisans innovants et engag\u00e9s<\/strong>. La d\u00e9l\u00e9gation r\u00e9gionale sera repr\u00e9sent\u00e9e par <strong>Jalil Benabdillah<\/strong>, vice-pr\u00e9sident en charge du d\u00e9veloppement \u00e9conomique, et <strong>Patrice Canayer<\/strong>, conseiller r\u00e9gional d\u00e9l\u00e9gu\u00e9 \u00e0 l\u2019attractivit\u00e9, qui viendront \u00e0 la rencontre des exposants.<\/p>\n<p>Votre r\u00e9gion, votre actu !<\/p>\n<p>Recevez chaque jour les infos qui comptent pour vous.<\/p>\n<p>\t<a href=\"https:\/\/actu.fr\/newsletter\" class=\"ac-btn ac-btn--corner ac-btn--medium ac-btn--blue800\" target=\"_blank\" rel=\"noopener\">S&rsquo;incrire<\/a><br \/>\nUne signature qui f\u00e9d\u00e8re et fait rayonner l\u2019Occitanie<\/p>\n<p class=\" wall-content\">Cr\u00e9\u00e9e en 2023, la signature \u00ab <strong>Fabriqu\u00e9 en Occitanie<\/strong> \u00bb regroupe d\u00e9sormais <strong>plus de 600 artisans et entreprises<\/strong> dans des secteurs aussi vari\u00e9s que la mode, la maison, les cosm\u00e9tiques, les mobilit\u00e9s ou encore l\u2019artisanat d\u2019art.<\/p>\n<p class=\" wall-content\">Elle s\u2019adresse aux acteurs \u00e9conomiques qui innovent de mani\u00e8re \u00e9co-responsable ou perp\u00e9tuent un savoir-faire traditionnel, en dehors des fili\u00e8res agroalimentaires et viticoles d\u00e9j\u00e0 r\u00e9unies sous la marque \u00ab Sud de France \u00bb.<\/p>\n<p class=\" wall-content\">En encourageant la relocalisation et la production de proximit\u00e9, la d\u00e9marche illustre une ambition : celle d\u2019une r\u00e9gion qui mise sur la <strong>souverainet\u00e9<\/strong> <strong>industrielle<\/strong>, <strong>l\u2019emploi<\/strong> <strong>durable<\/strong> et le <strong>rayonnement<\/strong> <strong>national<\/strong> de ses savoir-faire. Port\u00e9 par la R\u00e9gion, AD\u2019OCC et les chambres consulaires, ce label devient un v\u00e9ritable passeport d\u2019excellence et un gage de confiance pour les consommateurs.<\/p>\n<p>Pour conna\u00eetre la liste des exposants originaires d\u2019Occitanie, <a href=\"https:\/\/www.fabrique-en-occitanie.fr\/actualites\/made-in-france-2025\/\" target=\"_blank\" rel=\"noopener\">c\u2019est juste ici<\/a>.\u00a0<\/p>\n<p class=\" wall-content\">Personnalisez votre actualit\u00e9 en ajoutant vos villes et m\u00e9dias en favori avec <a href=\"https:\/\/moncompte.actu.fr\" title=\"D\u00e9couvez Mon Actu\" rel=\"nofollow noopener\" data-trk=\"{&quot;cta&quot;:{&quot;action&quot;:&quot;https:\\\/\\\/moncompte.actu.fr&quot;,&quot;category&quot;:&quot;mon compte&quot;,&quot;from&quot;:&quot;article footer&quot;,&quot;name&quot;:&quot;Mon actu&quot;,&quot;type&quot;:&quot;cta&quot;}}\" target=\"_blank\">Mon Actu<\/a>.<\/p>\n","protected":false},"excerpt":{"rendered":"Par Maxence Dourlen Publi\u00e9 le 6 nov. 2025 \u00e0 20h32 Pour sa 13e \u00e9dition, du 6 au 9&hellip;\n","protected":false},"author":2,"featured_media":516609,"comment_status":"","ping_status":"","sticky":false,"template":"","format":"standard","meta":{"footnotes":""},"categories":[1888],"tags":[11,33,1777,674,1011,27,12,626,16417,25],"class_list":{"0":"post-516608","1":"post","2":"type-post","3":"status-publish","4":"format-standard","5":"has-post-thumbnail","7":"category-paris","8":"tag-actualites","9":"tag-economie","10":"tag-eu","11":"tag-europe","12":"tag-fr","13":"tag-france","14":"tag-news","15":"tag-paris","16":"tag-region-occitanie","17":"tag-republique-francaise"},"share_on_mastodon":{"url":"https:\/\/pubeurope.com\/@fr\/115504455851169508","error":""},"_links":{"self":[{"href":"https:\/\/www.europesays.com\/fr\/wp-json\/wp\/v2\/posts\/516608","targetHints":{"allow":["GET"]}}],"collection":[{"href":"https:\/\/www.europesays.com\/fr\/wp-json\/wp\/v2\/posts"}],"about":[{"href":"https:\/\/www.europesays.com\/fr\/wp-json\/wp\/v2\/types\/post"}],"author":[{"embeddable":true,"href":"https:\/\/www.europesays.com\/fr\/wp-json\/wp\/v2\/users\/2"}],"replies":[{"embeddable":true,"href":"https:\/\/www.europesays.com\/fr\/wp-json\/wp\/v2\/comments?post=516608"}],"version-history":[{"count":0,"href":"https:\/\/www.europesays.com\/fr\/wp-json\/wp\/v2\/posts\/516608\/revisions"}],"wp:featuredmedia":[{"embeddable":true,"href":"https:\/\/www.europesays.com\/fr\/wp-json\/wp\/v2\/media\/516609"}],"wp:attachment":[{"href":"https:\/\/www.europesays.com\/fr\/wp-json\/wp\/v2\/media?parent=516608"}],"wp:term":[{"taxonomy":"category","embeddable":true,"href":"https:\/\/www.europesays.com\/fr\/wp-json\/wp\/v2\/categories?post=516608"},{"taxonomy":"post_tag","embeddable":true,"href":"https:\/\/www.europesays.com\/fr\/wp-json\/wp\/v2\/tags?post=516608"}],"curies":[{"name":"wp","href":"https:\/\/api.w.org\/{rel}","templated":true}]}}