{"id":516610,"date":"2025-11-06T19:41:16","date_gmt":"2025-11-06T19:41:16","guid":{"rendered":"https:\/\/www.europesays.com\/fr\/516610\/"},"modified":"2025-11-06T19:41:16","modified_gmt":"2025-11-06T19:41:16","slug":"des-soutiens-de-vladimir-poutine-desormais-vises-par-sa-politique-de-repression-lexpress","status":"publish","type":"post","link":"https:\/\/www.europesays.com\/fr\/516610\/","title":{"rendered":"des soutiens de Vladimir Poutine d\u00e9sormais vis\u00e9s par sa politique de r\u00e9pression \u2013 L&rsquo;Express"},"content":{"rendered":"<p class=\"paragraph article-body-paragraph article__item   article-body-paragraph--first \">La r\u00e9pression orchestr\u00e9e par <a href=\"https:\/\/www.lexpress.fr\/idees-et-debats\/je-nai-pas-realise-que-cetait-poutine-qui-membrassait-les-confidences-de-lex-cheffe-du-bureau-de-cnn-HTWWOKA2WRH5TG2LIAHFRP6Z6Y\/\" target=\"_self\" rel=\"nofollow noopener\" title=\"https:\/\/www.lexpress.fr\/idees-et-debats\/je-nai-pas-realise-que-cetait-poutine-qui-membrassait-les-confidences-de-lex-cheffe-du-bureau-de-cnn-HTWWOKA2WRH5TG2LIAHFRP6Z6Y\/\">Vladimir Poutine<\/a>, jusqu\u2019ici dirig\u00e9e contre les opposants, semble d\u00e9sormais se retourner contre ses propres d\u00e9fenseurs. Une purge silencieuse s\u2019abat sur ceux qui, il y a encore peu, c\u00e9l\u00e9braient la guerre et faisaient l\u2019\u00e9loge du Kremlin. Etre loyal envers le r\u00e9gime devient aujourd\u2019hui un risque : les partisans <a href=\"https:\/\/www.lexpress.fr\/idees-et-debats\/je-nai-pas-realise-que-cetait-poutine-qui-membrassait-les-confidences-de-lex-cheffe-du-bureau-de-cnn-HTWWOKA2WRH5TG2LIAHFRP6Z6Y\/\" target=\"_self\" rel=\"nofollow noopener\" title=\"https:\/\/www.lexpress.fr\/idees-et-debats\/je-nai-pas-realise-que-cetait-poutine-qui-membrassait-les-confidences-de-lex-cheffe-du-bureau-de-cnn-HTWWOKA2WRH5TG2LIAHFRP6Z6Y\/\">du pr\u00e9sident russe<\/a> se retrouvent dans le collimateur de l\u2019appareil r\u00e9pressif qu\u2019ils servaient.<\/p>\n<p>Les soutiens d\u00e9sormais cibl\u00e9s<\/p>\n<p class=\"paragraph article-body-paragraph article__item   \">Pendant des ann\u00e9es, certaines figures pro-Kremlin ont incarn\u00e9 la ferveur patriotique que Moscou cherchait \u00e0 promouvoir. Parmi elles, un commentateur m\u00e9diatique qui louait la grandeur de Poutine sur les cha\u00eenes \u00e9trang\u00e8res, un blogueur militant collectant des fonds pour les troupes russes et pr\u00f4nant une rh\u00e9torique g\u00e9nocidaire <a href=\"https:\/\/www.lexpress.fr\/monde\/europe\/l-ukraine-hesite-entre-est-et-ouest_1302698.html\" target=\"_self\" rel=\"nofollow noopener\" title=\"https:\/\/www.lexpress.fr\/monde\/europe\/l-ukraine-hesite-entre-est-et-ouest_1302698.html\">contre l\u2019Ukraine<\/a>, et un volontaire ukrainien de l\u2019arm\u00e9e russe, commentateur pour RT, qui regrettait que l\u2019invasion n\u2019ait pas commenc\u00e9 plus t\u00f4t. <\/p>\n<p><strong class=\"article-body-link-list__item text-gray-800 article-body-link-list__item--one-item\">LIRE AUSSI : <a class=\"article-body-link-list__item-link\" href=\"https:\/\/www.lexpress.fr\/monde\/europe\/une-mini-otan-quand-le-grand-nord-fait-bloc-contre-la-russie-ZWZYX3YTJZGFLLDDDMZAI3VSFU\/\" rel=\"nofollow noopener\" target=\"_blank\">Une \u00ab\u00a0mini-Otan\u00a0\u00bb : quand le Grand Nord fait bloc contre la Russie<\/a><\/strong><\/p>\n<p class=\"paragraph article-body-paragraph article__item   \">Mais la loyaut\u00e9 ne prot\u00e8ge plus. Ces personnalit\u00e9s, ainsi que d\u2019autres fid\u00e8les du Kremlin, ont \u00e9t\u00e9 r\u00e9cemment \u00e9tiquet\u00e9es comme \u00ab\u00a0agents \u00e9trangers\u00a0\u00bb, une appellation qui servait autrefois uniquement \u00e0 stigmatiser les voix critiques <a href=\"https:\/\/www.lexpress.fr\/idees-et-debats\/alexander-j-motyl-avec-vladimir-poutine-la-russie-est-devenue-un-etat-vassal-de-la-chine-GCECENAFMVCH7BQDWTIEQUD4F4\/\" target=\"_self\" rel=\"nofollow noopener\" title=\"https:\/\/www.lexpress.fr\/idees-et-debats\/alexander-j-motyl-avec-vladimir-poutine-la-russie-est-devenue-un-etat-vassal-de-la-chine-GCECENAFMVCH7BQDWTIEQUD4F4\/\">de Vladimir Poutine<\/a>. Cette d\u00e9signation les oblige \u00e0 se d\u00e9clarer publiquement, sur les r\u00e9seaux sociaux. En cons\u00e9quence, cela les plonge dans des difficult\u00e9s financi\u00e8res importantes.<\/p>\n<p class=\"paragraph article-body-paragraph article__item   \">Parmi eux, Sergue\u00ef Markov, analyste politique proche des \u00e9lites azerba\u00efdjanaises, est tomb\u00e9 en disgr\u00e2ce apr\u00e8s la d\u00e9t\u00e9rioration des relations entre <a href=\"https:\/\/www.lexpress.fr\/monde\/asie\/gaz-russe-comment-moscou-contourne-les-sanctions-sur-ses-exportations-en-sappuyant-sur-pekin-FGGOBMV35NFRJF45CCAEDJGNEU\/\" target=\"_self\" rel=\"nofollow noopener\" title=\"https:\/\/www.lexpress.fr\/monde\/asie\/gaz-russe-comment-moscou-contourne-les-sanctions-sur-ses-exportations-en-sappuyant-sur-pekin-FGGOBMV35NFRJF45CCAEDJGNEU\/\">Moscou<\/a> et Bakou. Il a rapidement contest\u00e9 cette \u00e9tiquette, qualifiant sa situation de \u00ab\u00a0malentendu\u00a0\u00bb. Roman Alyokhin, blogueur pro-guerre, a, lui, \u00e9t\u00e9 accus\u00e9 de d\u00e9tourner des fonds destin\u00e9s aux troupes russes, apr\u00e8s avoir expos\u00e9 sur ses r\u00e9seaux une voiture de sport et une montre de luxe. Ce retournement montre que m\u00eame les soutiens les plus engag\u00e9s du Kremlin ne sont d\u00e9sormais plus \u00e0 l\u2019abri.<\/p>\n<p>\u00ab\u00a0Discr\u00e9ditation de l&rsquo;arm\u00e9e russe\u00a0\u00bb<\/p>\n<p class=\"paragraph article-body-paragraph article__item   \">Les purges continuent \u00e9galement de frapper ceux qui ont longtemps \u00e9t\u00e9 consid\u00e9r\u00e9s comme des ennemis du r\u00e9gime. La commentatrice d\u2019origine ukrainienne Tatiana Montyan a \u00e9t\u00e9 r\u00e9cemment qualifi\u00e9e de \u00ab\u00a0terroriste et extr\u00e9miste\u00a0\u00bb, une d\u00e9signation r\u00e9serv\u00e9e aux adversaires les plus redout\u00e9s du pr\u00e9sident russe. Elle fait \u00e9galement l\u2019objet d\u2019enqu\u00eates pour d\u00e9tournement de fonds, rejoignant le sort d\u2019anciens collaborateurs d\u2019<a href=\"https:\/\/www.lexpress.fr\/monde\/europe\/mort-dalexei-navalny-la-veuve-de-lopposant-russe-affirme-quil-a-ete-empoisonne-IHWYWCJVHRAFTKOXV22FXZ3PHE\/\" target=\"_self\" rel=\"nofollow noopener\" title=\"https:\/\/www.lexpress.fr\/monde\/europe\/mort-dalexei-navalny-la-veuve-de-lopposant-russe-affirme-quil-a-ete-empoisonne-IHWYWCJVHRAFTKOXV22FXZ3PHE\/\">Alexe\u00ef Navalny<\/a>.<\/p>\n<p><strong class=\"article-body-link-list__item text-gray-800 article-body-link-list__item--one-item\">LIRE AUSSI : <a class=\"article-body-link-list__item-link\" href=\"https:\/\/www.lexpress.fr\/societe\/un-choc-avec-poutine-dici-a-trois-ans-le-scenario-noir-qui-agite-letat-major-francais-CJLEGK6INNHUXGLCSWDEAV5WZA\/\" rel=\"nofollow noopener\" target=\"_blank\">Pourquoi l&rsquo;\u00e9tat-major fran\u00e7ais redoute un conflit avec la Russie d&rsquo;ici 2029<\/a><\/strong><\/p>\n<p class=\"paragraph article-body-paragraph article__item   \">En octobre, la chanteuse Diana Loguinova dite Naoko, le batteur Vladislav Leontiev et le guitariste Sacha avaient \u00e9t\u00e9 plac\u00e9s en d\u00e9tention durant deux semaines, <a href=\"https:\/\/www.letemps.ch\/monde\/europe\/en-russie-la-repression-s-abat-meme-sur-les-musiciens-de-rue-et-le-doute-s-installe?srsltid=AfmBOoqg491gsR2vatrxdeaeJNcFs9DF-TpRDChD1s1IHAiDvRLJukBw\" target=\"_self\" rel=\"nofollow noopener\" title=\"https:\/\/www.letemps.ch\/monde\/europe\/en-russie-la-repression-s-abat-meme-sur-les-musiciens-de-rue-et-le-doute-s-installe?srsltid=AfmBOoqg491gsR2vatrxdeaeJNcFs9DF-TpRDChD1s1IHAiDvRLJukBw\">d&rsquo;apr\u00e8s Le Temps<\/a>. \u00ab\u00a0Leur &lsquo;crime&rsquo; ? Avoir interpr\u00e9t\u00e9 dans les rues de la &lsquo;capitale du Nord&rsquo; russe des morceaux de certains de leurs a\u00een\u00e9s, des musiciens bannis du pays pour leur opposition \u00e0 l\u2019invasion de l\u2019Ukraine, comme Zemfira, le groupe Monetotchka ou le rappeur Noize MC\u00a0\u00bb, \u00e9crit le quotidien suisse. Leur d\u00e9tention a ensuite \u00e9t\u00e9 prolong\u00e9e, les accusations initiales de \u00ab\u00a0hooliganisme\u00a0\u00bb et de \u00ab\u00a0trouble \u00e0 l\u2019ordre public\u00a0\u00bb \u00e9tant d\u00e9sormais compl\u00e9t\u00e9es par celles, plus graves, de \u00ab\u00a0discr\u00e9ditation de l\u2019arm\u00e9e russe\u00a0\u00bb.<\/p>\n<p class=\"paragraph article-body-paragraph article__item    article__text__endpicto\">Moscou n\u2019a pas comment\u00e9 ces mesures, mais l\u2019ironie de la situation n\u2019\u00e9chappe pas \u00e0 l\u2019opposition de longue date. \u00ab\u00a0Il est amusant de constater comment ceux qui n\u2019ont jamais protest\u00e9 contre l\u2019emprisonnement des lib\u00e9raux d\u00e9couvrent soudain que la justice en Russie est s\u00e9lective, que n\u2019importe qui peut \u00eatre jet\u00e9 en prison sans raison\u00a0\u00bb, observe Ivan Philippov, chercheur et sp\u00e9cialiste du mouvement pro-guerre en Russie dans les <a href=\"https:\/\/www.theguardian.com\/world\/2025\/nov\/06\/putin-repressive-machinery-turns-inward-target-pro-war-figures\" target=\"_self\" rel=\"nofollow noopener\" title=\"https:\/\/www.theguardian.com\/world\/2025\/nov\/06\/putin-repressive-machinery-turns-inward-target-pro-war-figures\">colonnes du Guardian<\/a>. Pour beaucoup, ces purges rappellent la le\u00e7on cruelle de l\u2019\u00e9poque stalinienne : m\u00eame les plus fid\u00e8les ne sont jamais \u00e0 l\u2019abri du r\u00e9gime.<\/p>\n","protected":false},"excerpt":{"rendered":"La r\u00e9pression orchestr\u00e9e par Vladimir Poutine, jusqu\u2019ici dirig\u00e9e contre les opposants, semble d\u00e9sormais se retourner contre ses propres&hellip;\n","protected":false},"author":2,"featured_media":516611,"comment_status":"","ping_status":"","sticky":false,"template":"","format":"standard","meta":{"footnotes":""},"categories":[1591],"tags":[11,1328,674,1887,74,12,1885,1886,132],"class_list":{"0":"post-516610","1":"post","2":"type-post","3":"status-publish","4":"format-standard","5":"has-post-thumbnail","7":"category-russie","8":"tag-actualites","9":"tag-asie-pacifique","10":"tag-europe","11":"tag-federation-de-russie","12":"tag-monde","13":"tag-news","14":"tag-russia","15":"tag-russian-federation","16":"tag-russie"},"share_on_mastodon":{"url":"https:\/\/pubeurope.com\/@fr\/115504459582786966","error":""},"_links":{"self":[{"href":"https:\/\/www.europesays.com\/fr\/wp-json\/wp\/v2\/posts\/516610","targetHints":{"allow":["GET"]}}],"collection":[{"href":"https:\/\/www.europesays.com\/fr\/wp-json\/wp\/v2\/posts"}],"about":[{"href":"https:\/\/www.europesays.com\/fr\/wp-json\/wp\/v2\/types\/post"}],"author":[{"embeddable":true,"href":"https:\/\/www.europesays.com\/fr\/wp-json\/wp\/v2\/users\/2"}],"replies":[{"embeddable":true,"href":"https:\/\/www.europesays.com\/fr\/wp-json\/wp\/v2\/comments?post=516610"}],"version-history":[{"count":0,"href":"https:\/\/www.europesays.com\/fr\/wp-json\/wp\/v2\/posts\/516610\/revisions"}],"wp:featuredmedia":[{"embeddable":true,"href":"https:\/\/www.europesays.com\/fr\/wp-json\/wp\/v2\/media\/516611"}],"wp:attachment":[{"href":"https:\/\/www.europesays.com\/fr\/wp-json\/wp\/v2\/media?parent=516610"}],"wp:term":[{"taxonomy":"category","embeddable":true,"href":"https:\/\/www.europesays.com\/fr\/wp-json\/wp\/v2\/categories?post=516610"},{"taxonomy":"post_tag","embeddable":true,"href":"https:\/\/www.europesays.com\/fr\/wp-json\/wp\/v2\/tags?post=516610"}],"curies":[{"name":"wp","href":"https:\/\/api.w.org\/{rel}","templated":true}]}}