{"id":516617,"date":"2025-11-06T19:45:13","date_gmt":"2025-11-06T19:45:13","guid":{"rendered":"https:\/\/www.europesays.com\/fr\/516617\/"},"modified":"2025-11-06T19:45:13","modified_gmt":"2025-11-06T19:45:13","slug":"les-allemands-desapprouvent-les-idees-dextreme-droite-dw-06-11-2025","status":"publish","type":"post","link":"https:\/\/www.europesays.com\/fr\/516617\/","title":{"rendered":"Les Allemands d\u00e9sapprouvent les id\u00e9es d&rsquo;extr\u00eame droite \u2013 DW \u2013 06\/11\/2025"},"content":{"rendered":"<p>D&rsquo;apr\u00e8s la nouvelle \u00ab\u00a0\u00e9tude du Centre\u00a0\u00bb men\u00e9e par la Fondation Friedrich Ebert, un peu plus de trois quarts des Allemands (76,1 %) rejettent <a class=\"internal-link\" href=\"https:\/\/www.dw.com\/fr\/afd\/t-68264240\" target=\"_blank\" rel=\"noopener\">les id\u00e9es d&rsquo;extr\u00eame droite<\/a>.\u00a0\u00a0<\/p>\n<p>Parall\u00e8lement, un peu plus de la moiti\u00e9 des personnes interrog\u00e9es (52 %) estiment que la d\u00e9mocratie \u00ab\u00a0fonctionne plut\u00f4t bien dans l&rsquo;ensemble\u00a0\u00bb. C&rsquo;est ce qu&rsquo;a annonc\u00e9 jeudi \u00e0 Berlin la fondation, affili\u00e9e au Parti social-d\u00e9mocrate (SPD). Lors de la pr\u00e9c\u00e9dente \u00e9tude, r\u00e9alis\u00e9e en 2022-2023, seuls 71,6 % des Allemands rejetaient clairement les id\u00e9es d&rsquo;extr\u00eame droite.\u00a0A\u00a0cette \u00e9poque, 57 % se d\u00e9claraient globalement satisfaits de l&rsquo;\u00e9tat de la d\u00e9mocratie.\u00a0Cependant, certains d\u00e9veloppements sont effectivement alarmants\u00a0: <a class=\"internal-link\" href=\"https:\/\/www.dw.com\/fr\/allemagne-extr\u00eame-droite-immigration\/a-66550179\" target=\"_blank\" rel=\"noopener\">l\u2019extr\u00e9misme de droite<\/a> est nettement plus r\u00e9pandu chez les jeunes que chez les personnes \u00e2g\u00e9es. Plus la personne est jeune, plus l\u2019extr\u00e9misme est marqu\u00e9.<\/p>\n<p>La confiance en chute libre\u00a0\u00a0<\/p>\n<p>Un quart des personnes interrog\u00e9es \u00e9taient d&rsquo;accord avec l&rsquo;affirmation selon laquelle \u00ab\u00a0ce dont l&rsquo;Allemagne a besoin aujourd&rsquo;hui, c&rsquo;est d&rsquo;un parti fort et unique qui repr\u00e9sente l&rsquo;ensemble de la communaut\u00e9 nationale\u00a0\u00bb.\u00a0Malgr\u00e9 cela, un peu plus de 70\u00a0% des personnes interrog\u00e9es percevaient la mont\u00e9e de l&rsquo;extr\u00e9misme de droite comme une menace &#8211;\u00a0m\u00eame si ce chiffre est en r\u00e9alit\u00e9 en baisse. Et plus de 50 % des personnes interrog\u00e9es se disent pr\u00eates \u00e0 agir contre l\u2019extr\u00e9misme de droite.\u00a0<\/p>\n<p><img data-format=\"MASTER_LANDSCAPE\" data-id=\"73425102\" data-url=\"https:\/\/static.dw.com\/image\/73425102_${formatId}.jpg\" data-aspect-ratio=\"16\/9\" alt=\"Participants \u00e0 la manifestation contre le Christopher Street Day (CSD) (26.07.25)\" style=\"padding-bottom: 56.25%; height: 0; max-height: 0;\"\/>L\u2019extr\u00e9misme de droite en Allemagne inqui\u00e8te certes mais est en d\u00e9clin Image : Bernd von Jutrczenka\/dpa<\/p>\n<p>Les r\u00e9sultats de l&rsquo;\u00e9tude permettent \u00e9galement de corriger les repr\u00e9sentations m\u00e9diatiques d\u00e9form\u00e9es de la soci\u00e9t\u00e9 allemande. Par exemple, l&rsquo;id\u00e9e re\u00e7ue selon laquelle les opinions d&rsquo;extr\u00eame droite seraient plus r\u00e9pandues en Allemagne de l&rsquo;Est qu&rsquo;\u00e0 l&rsquo;Ouest est erron\u00e9e. Si la x\u00e9nophobie, par exemple, est plus fr\u00e9quente \u00e0 l&rsquo;Est qu&rsquo;\u00e0 l&rsquo;Ouest, une vision du monde d&rsquo;extr\u00eame droite coh\u00e9rente est en r\u00e9alit\u00e9 plus courante \u00e0 l&rsquo;Ouest qu&rsquo;\u00e0 l&rsquo;Est. Une telle vision du monde se caract\u00e9rise non seulement par des opinions misanthropes ou antid\u00e9mocratiques sur des sujets sp\u00e9cifiques, mais aussi par le fait que ces opinions impr\u00e8gnent l&rsquo;ensemble de la vision du monde des individus.\u00a0<\/p>\n<p>L\u2019\u00e9tude a cependant dress\u00e9 un constat alarmant. \u00ab\u00a0La confiance des citoyens envers les institutions et les principes d\u00e9mocratiques est en chute libre\u00a0\u00bb, avertit Andreas Zick, auteur de l&rsquo;\u00e9tude. Cela n&rsquo;a rien d&rsquo;\u00e9tonnant compte tenu des\u00a0<a class=\"internal-link\" href=\"https:\/\/www.dw.com\/fr\/afd-cas-suspect-dextr\u00e9misme-droite\/a-73387564\" target=\"_blank\" rel=\"noopener\">attaques incessantes d&rsquo;un parti comme l&rsquo;AfD<\/a>, qui, depuis plus de dix ans, s&rsquo;en prend \u00e0 tout et \u00e0 tous ceux qui ne se joignent pas \u00e0 sa lutte radicale et syst\u00e9matiquement anticonstitutionnelle contre la soci\u00e9t\u00e9 moderne de l&rsquo;immigration.<\/p>\n<p>Accueil favorable \u00e0 l\u2019immigration\u00a0\u00a0<\/p>\n<p>Globalement, les attitudes misanthropes ont l\u00e9g\u00e8rement diminu\u00e9 par rapport \u00e0 l&rsquo;\u00e9tude pr\u00e9c\u00e9dente. Le nombre de personnes favorables, \u00ab\u00a0plus ou moins\u00a0\u00bb\u00a0ou \u00ab\u00a0totalement\u00a0\u00bb, \u00e0 une interdiction d&rsquo;immigration pour les musulmans a \u00e9t\u00e9 divis\u00e9 par deux, pour atteindre un peu moins de 9\u00a0%. Cependant, une personne sur trois pense que les r\u00e9fugi\u00e9s abusent des aides sociales. Plus d&rsquo;un tiers partage partiellement cette opinion.\u00a0<\/p>\n<p><img data-format=\"MASTER_LANDSCAPE\" data-id=\"74641491\" data-url=\"https:\/\/static.dw.com\/image\/74641491_${formatId}.jpeg\" data-aspect-ratio=\"16\/9\" alt=\"Professeur Andreas Zick, directeur de l'Institut d'\u00e9tudes sur les conflits et la violence de l'Universit\u00e9 de Bielefeld et r\u00e9dacteur en chef de l'\u00e9tude (06.11.25)\" style=\"padding-bottom: 56.25%; height: 0; max-height: 0;\"\/>D&rsquo;apr\u00e8s Andreas Zick, le centre s&rsquo;est stabilis\u00e9 et a ralenti son soutien \u00e0 l&rsquo;extr\u00e9misme de droiteImage : Hans Pfeifer\/DW<\/p>\n<p>La commissaire f\u00e9d\u00e9rale ind\u00e9pendante \u00e0 la lutte contre les discriminations,\u00a0Ferda\u00a0Ataman, s&rsquo;est f\u00e9licit\u00e9e du constat selon lequel de nombreuses personnes rejettent l&rsquo;extr\u00e9misme de droite. \u00ab\u00a0Toutefois, cela montre \u00e9galement que les attitudes discriminatoires sont de nouveau en hausse. Le centre en Allemagne risque de perdre tout sens des proportions\u00a0\u00bb, a-t-elle ajout\u00e9.\u00a0<\/p>\n<p>Le sondage pour la fondation Friedrich Ebert a \u00e9t\u00e9 men\u00e9 aupr\u00e8s de personnes se consid\u00e9rant majoritairement comme centristes sur les plans politique, social et\/ou \u00e9conomique. Dans cette \u00e9tude, 57 % des personnes interrog\u00e9es ont d\u00e9clar\u00e9 que leurs opinions politiques se situaient \u00ab\u00a0exactement au centre\u00a0\u00bb. 25 % se sont positionn\u00e9es \u00e0 gauche du centre et 18 % \u00e0 droite. D&rsquo;apr\u00e8s les informations fournies, les r\u00e9sultats de l&rsquo;\u00e9tude sont bas\u00e9s sur un sondage repr\u00e9sentatif men\u00e9 aupr\u00e8s de 2\u00a0001 adultes en Allemagne.\u00a0<\/p>\n<p>\u00a0<\/p>\n<p>Article r\u00e9dig\u00e9 avec la contribution d&rsquo;Hans Pfeifer<\/p>\n","protected":false},"excerpt":{"rendered":"D&rsquo;apr\u00e8s la nouvelle \u00ab\u00a0\u00e9tude du Centre\u00a0\u00bb men\u00e9e par la Fondation Friedrich Ebert, un peu plus de trois quarts&hellip;\n","protected":false},"author":2,"featured_media":516618,"comment_status":"","ping_status":"","sticky":false,"template":"","format":"standard","meta":{"footnotes":""},"categories":[1587],"tags":[11,672,1804,1805,1803,1777,674,1801,12,1802],"class_list":{"0":"post-516617","1":"post","2":"type-post","3":"status-publish","4":"format-standard","5":"has-post-thumbnail","7":"category-allemagne","8":"tag-actualites","9":"tag-allemagne","10":"tag-bundesrepublik-deutschland","11":"tag-de","12":"tag-deutschland","13":"tag-eu","14":"tag-europe","15":"tag-germany","16":"tag-news","17":"tag-republique-federale-dallemagne"},"share_on_mastodon":{"url":"https:\/\/pubeurope.com\/@fr\/115504475307503943","error":""},"_links":{"self":[{"href":"https:\/\/www.europesays.com\/fr\/wp-json\/wp\/v2\/posts\/516617","targetHints":{"allow":["GET"]}}],"collection":[{"href":"https:\/\/www.europesays.com\/fr\/wp-json\/wp\/v2\/posts"}],"about":[{"href":"https:\/\/www.europesays.com\/fr\/wp-json\/wp\/v2\/types\/post"}],"author":[{"embeddable":true,"href":"https:\/\/www.europesays.com\/fr\/wp-json\/wp\/v2\/users\/2"}],"replies":[{"embeddable":true,"href":"https:\/\/www.europesays.com\/fr\/wp-json\/wp\/v2\/comments?post=516617"}],"version-history":[{"count":0,"href":"https:\/\/www.europesays.com\/fr\/wp-json\/wp\/v2\/posts\/516617\/revisions"}],"wp:featuredmedia":[{"embeddable":true,"href":"https:\/\/www.europesays.com\/fr\/wp-json\/wp\/v2\/media\/516618"}],"wp:attachment":[{"href":"https:\/\/www.europesays.com\/fr\/wp-json\/wp\/v2\/media?parent=516617"}],"wp:term":[{"taxonomy":"category","embeddable":true,"href":"https:\/\/www.europesays.com\/fr\/wp-json\/wp\/v2\/categories?post=516617"},{"taxonomy":"post_tag","embeddable":true,"href":"https:\/\/www.europesays.com\/fr\/wp-json\/wp\/v2\/tags?post=516617"}],"curies":[{"name":"wp","href":"https:\/\/api.w.org\/{rel}","templated":true}]}}