{"id":516631,"date":"2025-11-06T19:54:11","date_gmt":"2025-11-06T19:54:11","guid":{"rendered":"https:\/\/www.europesays.com\/fr\/516631\/"},"modified":"2025-11-06T19:54:11","modified_gmt":"2025-11-06T19:54:11","slug":"pro-d2-toutes-les-compositions-dequipe-pour-cette-10e-journee","status":"publish","type":"post","link":"https:\/\/www.europesays.com\/fr\/516631\/","title":{"rendered":"Pro D2 &#8211; Toutes les compositions d&rsquo;\u00e9quipe pour cette 10e journ\u00e9e"},"content":{"rendered":"<p>\n                Ce jeudi d\u00e9bute la dixi\u00e8me journ\u00e9e du championnat. Voici toutes les compositions d&rsquo;\u00e9quipes pour ce nouveau week-end de Pro D2.\u00a0\n            <\/p>\n<p>Grenoble &#8211; B\u00e9ziers<\/p>\n<p><strong>Le XV de d\u00e9part de Grenoble :<\/strong> 15. Farnoux ; 14. H. Trouilloud, 13. Fusier, 12. Lestrade, 11. Megdoud ; 10. Cl\u00e9ment, 9. Couilloud ; 7. Thompson, 8. Baret, 6. Berruyer ; 5. Holt, 4. Ployet ; 3. Pertaia, 2. Soury, 1. Gauthier.<\/p>\n<p>Rempla\u00e7ants\u2005: 16. Rossi, 17. Mistrulli, 18. Nansen, 19. Guillaumond, 20. Escande, 21. Palmier, 22. H\u00e9riteau, 23. Jonker.<\/p>\n<p><strong>Le XV de d\u00e9part de B\u00e9ziers :<\/strong> 15. Koevort ; 14. R\u00e9au, 13. Vassallo, 12. Masiwini, 11. Tuimaba ; 10. Anon, 9. Camacho ; 7. Ancely, 8. Abescat, 6. Kuruisaqila ; 5. Mailulu, 4. Dodson ; 3. Fincham, 2. Boulassel, 1. Amrouni.<\/p>\n<p>Rempla\u00e7ants\u2005: 16. Lockwood, 17. El Maslouhi, 18. Gayraud, 19. Jaillon, 20. Labat, 21. Courtaud, 22. Payrastre, 23. Rasamoelina.<\/p>\n<p>Colomiers &#8211; Provence rugby<\/p>\n<p><strong>Le XV de d\u00e9part de Colomiers :<\/strong> 15. Delpy\u2005; 14. Osadczuk, 13. Dulon, 12. Nu\u2019u, 11.Tuitavuki\u2005; 10. Giral, 9. S\u00e9gu\u00e9la\u2005; 7. B\u00e9chu, 8. Timu, 6. Parpagiola\u2005; 5. Edwards, 4. Ad\u00e9la\u00efde\u2005; 3. Bellemand, 2. Lachaud, 1. Tartas (cap.).<\/p>\n<blockquote data-class=\"twitter-tweet\">\n<p lang=\"fr\" dir=\"ltr\">\\ud83d\\udd25 ?? ?? ??\u0301???? ! <\/p>\n<p>\\ud83e\\udd1d Pr\u00e9sent\u00e9 par la Banque Populaire Occitane.<\/p>\n<p>\\ud83d\\udc99\\u2694\\ufe0f Nos Colum\u00e9rins auront besoin de tout votre soutien dans les tribunes du stade Michel-Bendichou !<a href=\"https:\/\/twitter.com\/hashtag\/IciLeRugbyBatPlusFort?src=hash&amp;ref_src=twsrc%5Etfw\" rel=\"nofollow noopener\" target=\"_blank\">#IciLeRugbyBatPlusFort<\/a>! \\ud83d\\udd35\\u26aa\\ufe0f\\ud83d\\udd4a\\ufe0f <a href=\"https:\/\/t.co\/Fbp4Lso8Vu\" rel=\"nofollow\">pic.twitter.com\/Fbp4Lso8Vu<\/a><\/p>\n<p>\u2014 Colomiers Rugby (@ColomiersRugby) <a href=\"https:\/\/twitter.com\/ColomiersRugby\/status\/1986486725263401430?ref_src=twsrc%5Etfw\" rel=\"nofollow noopener\" target=\"_blank\">November 6, 2025<\/a><\/p><\/blockquote>\n<p>Rempla\u00e7ants\u2005: 16. Larrieu, 17. El Ansari, 18. Maurel, 19. Plataret, 20.Bazin, 21. Diaz, 22. Serrano, 23. Kite.<\/p>\n<p><strong>Le XV de d\u00e9part de Provence rugby :<\/strong> 15. Drouet\u2005; 14. Lap\u00e8gue, 13. Galletier, 12. Finau, 11. Bituniyata\u2005; 10. Salles, 9. Cazenave\u2005; 7. Gambini, 8. Jalagonia, 6.Tuisue\u2005; 5. Rodda, 4. Zafra (cap.)\u2005; 3. Yemsi, 2. Sauveterre, 1.Wegrzyn.<\/p>\n<p>Rempla\u00e7ants\u2005: 16. Pifeleti, 17. Julien, 18. Portat, 19. Suta, 20. Coville, 21. Colombet, 22. Tui, 23. Hawkes.<\/p>\n<p>Biarritz &#8211; Agen<\/p>\n<p><strong>Le XV de d\u00e9part de Biarritz :<\/strong> 15. Jaminet\u2005; 14. Bonneval, 13. Morgan, 12. Laborde, 11. Acebes (cap.)\u2005; 10. Dolhagaray, 9. Lesgourgues\u2005; 7. Bourdeau, 8.Taofifenua, 6. Placines\u2005; 5. Fortuin, 4. Backhouse\u2005; 3. Samaran, 2.Martinez, 1. Plantier.<\/p>\n<blockquote data-class=\"twitter-tweet\">\n<p lang=\"fr\" dir=\"ltr\">\\ud83d\\udd34 ?? ?????<br \/>\\u26aa ???????<br \/>Avec Eiffage Construction<\/p>\n<p>\\ud83d\\udc65Les 23 Biarrots choisis pour la r\u00e9ception d&rsquo;Agen<br \/>\\ud83d\\udd04 7\ufe0f\u20e3 changements op\u00e9r\u00e9s dans le XV de d\u00e9part par le staff biarrot \\ud83e\\udde2<a href=\"https:\/\/twitter.com\/hashtag\/BOSUA?src=hash&amp;ref_src=twsrc%5Etfw\" rel=\"nofollow noopener\" target=\"_blank\">#BOSUA<\/a> | <a href=\"https:\/\/twitter.com\/hashtag\/BOPB?src=hash&amp;ref_src=twsrc%5Etfw\" rel=\"nofollow noopener\" target=\"_blank\">#BOPB<\/a> | <a href=\"https:\/\/twitter.com\/hashtag\/AupaBO?src=hash&amp;ref_src=twsrc%5Etfw\" rel=\"nofollow noopener\" target=\"_blank\">#AupaBO<\/a> <a href=\"https:\/\/t.co\/TtYln97XIW\" rel=\"nofollow\">pic.twitter.com\/TtYln97XIW<\/a><\/p>\n<p>\u2014 BOPBweb (@BOPBweb) <a href=\"https:\/\/twitter.com\/BOPBweb\/status\/1986478688875974858?ref_src=twsrc%5Etfw\" rel=\"nofollow noopener\" target=\"_blank\">November 6, 2025<\/a><\/p><\/blockquote>\n<p>Rempla\u00e7ants\u2005: 16. Ouldji, 17. El Fakir, 18. Faasalele, 19. Sacco, 20.Reti\u00e8re, 21. Mignot, 22. Fariscot, 23. Pirlet.<\/p>\n<p><strong>Le XV de d\u00e9part d\u2019Agen :<\/strong> 15. Jean\u2005; 14. Martins, 13. Tomkinson, 12. Ramoka, 11. Tolot\u2005; 10.Willis, 9. Idjellidaine\u2005; 7. Duputs (cap.), 8. Matakaiongo, 6.Serieyssol\u2005; 5. Madigan, 4. Marchois\u2005; 3. Macharashvili, 2. Jouvin, 1. Mstoiani.<\/p>\n<p>Rempla\u00e7ants\u2005: 16. Socino, 17. Guion, 18. Demotte, 19. Lebian, 20.Lucchini, 21. Dayral, 22. Dupichot, 23. Burin.<\/p>\n<p>Brive &#8211; Mont-de-Marsan<\/p>\n<p><strong>Le XV de d\u00e9part de Brive :<\/strong> 15. Tisseron\u2005; 14. Z\u00e9non, 13. Tapuai, 12. Krone, 11.\u00a0Dridi\u2005; 10.Shillcock, 9. Sidobre\u2005; 7. Maximin, 8. Sadrugu, 6. Marais\u2005; 5. Mikautadze, 4. Ricard\u2005; 3. Van der Merwe, 2. Da Silva (cap.), 1. Chauvac.<\/p>\n<blockquote data-class=\"twitter-tweet\">\n<p lang=\"fr\" dir=\"ltr\">?? ????? \\u26a1\\ufe0f<\/p>\n<p>D\u00e9couvrez la composition du CA Brive pour affronter le Stade Montois demain soir \u00e0 19h30, au Stadium \\u2694\\ufe0f<\/p>\n<p>Allez Brive \\u26ab\\ufe0f\\u26aa\\ufe0f <a href=\"https:\/\/t.co\/TJlZsXJMhO\" rel=\"nofollow\">pic.twitter.com\/TJlZsXJMhO<\/a><\/p>\n<p>\u2014 CA Brive Rugby (@CABCLRUGBY) <a href=\"https:\/\/twitter.com\/CABCLRUGBY\/status\/1986478785269584120?ref_src=twsrc%5Etfw\" rel=\"nofollow noopener\" target=\"_blank\">November 6, 2025<\/a><\/p><\/blockquote>\n<p>Rempla\u00e7ants\u2005: 16. Boudou, 17. Abdaladze, 18. Herbst, 19. Malaterre, 20.Peysson, 21. Verdu, 22. Fabien, 23.Affane.<\/p>\n<p><strong>Le XV de d\u00e9part de Mont-de-Marsan :<\/strong> 15.Cortes\u2005; 14. De Nardi. 13. Dupont 12. Wakaya 11. Lodjro 10. Laclau 9. Loustalot (cap.)\u2005; 6. Bertheau, 8. Robic 7.Ponpon\u2005; 5. Liufau, 4. Dussutour\u2005; 3. Prinsloo, 2. Ca\u00efolo, 1. Bultel.<\/p>\n<p>Rempla\u00e7ants\u2005: 16. Lagrange, 17. Goginava, 18. Durand, 19. Tuivaiti, 20.Canut, 21. Darricau, 22. Iashagashvili, 23. Berthaud.<\/p>\n<p>Oyonnax &#8211; Soyaux-Angoul\u00eame<\/p>\n<p><strong>Le XV de d\u00e9part d\u2019Oyonnax :<\/strong> 15. Auradou\u2005; 14. Stark\u00a013. Rabut, 12.Mensa (cap.), 11. Qadiri\u2005; 10. Bouraux, 9. Solinas\u2005; 7. Hermet, 8. Cassiem, 6. Picault 5. Roussel, 4.Guilly\u2005; 3. Vaotoa, 2. Narisia, 1. Abraham.<\/p>\n<p>Rempla\u00e7ants\u2005: 16. Longchamp, 17. Villar, 18. Rotuisolia, 19. Lebreton, 20. Holmes\u00a021. Miquel\u00a022. Sweetnam, 23.Tafili<\/p>\n<p><strong>Le XV de d\u00e9part de Soyaux-Angoul\u00eame :<\/strong> 15. Mey\u2005; 14. Dubecq, 13. Niusalelekitoga, 12. Lafon, 11. Barrett\u2005; 10. Berg\u00e8s, 9. Bau\u2005; 7. Beukeboom, 8. Mitu, 6. Gibouin (cap.)\u2005; 5. L. Morand-Bruyat, 4. Arnold\u2005; 3. Fa\u2019amausili, 2.Augry, 1. Balakarev.<\/p>\n<blockquote data-class=\"twitter-tweet\">\n<p lang=\"fr\" dir=\"ltr\">?? ?????? \\u2694\\ufe0f<br \/>D\u00e9couvrez les 23 violets qui se d\u00e9placeront dans l&rsquo;Ain demain soir pour affronter <a href=\"https:\/\/twitter.com\/OyonnaxRugby?ref_src=twsrc%5Etfw\" rel=\"nofollow noopener\" target=\"_blank\">@OyonnaxRugby<\/a> \\u2935\\ufe0f<\/p>\n<p>\\ud83e\\udd1d Composition offerte par le vieux logis traiteur <a href=\"https:\/\/t.co\/bkADWfLMLX\" rel=\"nofollow\">pic.twitter.com\/bkADWfLMLX<\/a><\/p>\n<p>\u2014 SA XV Charente Rugby (@SAXV_Charente) <a href=\"https:\/\/twitter.com\/SAXV_Charente\/status\/1986478691996651890?ref_src=twsrc%5Etfw\" rel=\"nofollow noopener\" target=\"_blank\">November 6, 2025<\/a><\/p><\/blockquote>\n<p>Rempla\u00e7ants\u2005: 16. Matu\u2019u, 17. Tailhades, 18. E. Morand-Bruyat, 19.Burgaud, 20. Texier, 21. Escoffre, 22. Proult, 23. Liufau.<\/p>\n<p>Dax &#8211; Carcassonne<\/p>\n<p><strong>Le XV de d\u00e9part de Dax :<\/strong> 15. Oltmann\u2005; 14. Naseara, 13. Daguerre, 12. Vatubua, 11. Ben Alla\u2005; 10. Cerisier, 9. Reteau\u2005; 7. Aletti, 8. Ausset, 6. J.-B. Barr\u00e8re (cap.)\u2005; 5.Lemalu, 4. Matthews\u2005; 3. Leatigaga, 2. Hiriart-Urruty, 1. Laboille.<\/p>\n<p>Rempla\u00e7ants\u2005: 16. L. Barr\u00e8re, 17. Casadei, 18. Singer, 19. Ferrer, 20.Ravier, 21. Pardies, 22. Miranda, 23. Dr\u00e9an.<\/p>\n<p><strong>Le XV de d\u00e9part de Carcassonne :<\/strong> 15.Gianet\u2005; 14. Gad\u00e9a, 13. Patilla, 12. Puletua, 11.Tutuvuli\u2005; 10. McPhilips, 9. Takulua\u2005; 7. Parada-Heit, 8. Graham, 6. Dreno\u2005; 5.S. Timani, 4. Manchia (cap.)\u2005; 3. Halanukonuka, 2. Moreno, 1.Taofifenua.<\/p>\n<p>Rempla\u00e7ants\u2005: 16. Spruytte, 17. Agati, 18. Oula\u00ef, 19.Guyot, 20. David, 21. Michet, 22. Bousquet, 23. Fab. Lorenzon.<\/p>\n<p>Valence-Romans &#8211; Aurillac<\/p>\n<p><strong>Le XV de d\u00e9part de Valence-Romans : <\/strong>15. Rozi\u00e8re\u2005; 14. Lane, 13. Guillomot, 12. Marrou (cap.), 11. Idrissi\u2005; 10. M\u00e9ret, 9. Rodor\u2005; 7.Suaud, 8. Bholi, 6.Roux\u2005; 5.Fabr\u00e8gue\u2005; 4. McCauley\u2005; 3. Vial, 2. Marco-Pena, 1. Aleo.<\/p>\n<p>Rempla\u00e7ants\u2005: 16. Idoumi, 17. Pontanier, 18.Huguen, 19. Real, 20.Lhusero, 21. Neiceru, 22.Debricon, 23. Asomua.<\/p>\n<p><strong>Le XV de d\u00e9part d\u2019Aurillac :<\/strong> 15. Van Rensburg\u2005; 14. Delpeuch, 13. Vergnaud, 12.Talalua, 11. Oudard\u2005; 10. Barreau, 9. Hadinegoro\u2005; 7. Huurman, 8. Taulani, 6.De Jong\u2005; 5. Slamani, 4. Bloemen (cap.)\u2005; 3. Tupueluelu, 2. Khonelidze\u2005; 1.Jean-Jacques.<\/p>\n<blockquote data-class=\"twitter-tweet\">\n<p lang=\"fr\" dir=\"ltr\">?? ????? \\u2694\\ufe0f<br \/>~ Voici la composition de votre \u00e9quipe pour la dixi\u00e8me journ\u00e9e de Pro D2. Les ????? &amp; ???? prennent la direction de la Dr\u00f4me pour d\u00e9fier le VRDR sur sa pelouse de Georges Pompidou. ~<\/p>\n<p>\\ud83d\\udd56 Coup d\u2019envoi : Demain \u00e0 19h30 au Georges Pompidou \\ud83d\\udccd <a href=\"https:\/\/t.co\/UXQ1QAHS0R\" rel=\"nofollow\">pic.twitter.com\/UXQ1QAHS0R<\/a><\/p>\n<p>\u2014 Stade Aurillacois Cantal Auvergne (@SArugbyofficiel) <a href=\"https:\/\/twitter.com\/SArugbyofficiel\/status\/1986467361398960510?ref_src=twsrc%5Etfw\" rel=\"nofollow noopener\" target=\"_blank\">November 6, 2025<\/a><\/p><\/blockquote>\n<p>Rempla\u00e7ants\u2005: 16. Nioradze, 17. Mtchedlidze, 18. Jongejan, 19.Delort, 20. Delarue, 21. Bastard, 22. O\u2019Donnell, 23. M. Burduli.<\/p>\n<p>Nevers &#8211; Vannes<\/p>\n<p><strong>Le XV de d\u00e9part de Nevers :<\/strong> 15. Mayo\u2005; 14. Turner, 13. Belaubre, 12. Pommelet, 11.Pasquet\u2005; 10. Le Bourhis, 9. Bouyssou (cap.)\u2005; 7. Kleynhans, 8. Fraser, 6.Kazubek\u2005; 5. Gabriel, 4. Francoz\u2005; 3. Knox, 2. Ma\u2019afu, 1. Ikahehegi.<\/p>\n<p>Rempla\u00e7ants\u2005: 16. Petriashvili, 17. Pkhakadze, 18. Barjaud, 19. David, 20.Coulibaly, 21. Tarel, 22. Manu, 23. Kaikatsishvili.<\/p>\n<p><strong>Le XV de d\u00e9part de Vannes :<\/strong> 15. Surano\u2005; 14.Benmegal, 13. Boulier, 12.Pi.Boudehent, 11.Camou\u2005; 10. Deba\u00ebs, 9. Alania\u2005; 7. Blanc-Mappaz, 8. Boulier (cap.), 6.Augry\u2005; 5. Metz, 4. Desjeux\u2005; 3. Tafili, 2. Cherry, 1.M.Vunipola.<\/p>\n<blockquote data-class=\"twitter-tweet\">\n<p lang=\"fr\" dir=\"ltr\">???????? \\u2694\\ufe0f<\/p>\n<p>Notre partenaire <a href=\"https:\/\/twitter.com\/GroupamaLB?ref_src=twsrc%5Etfw\" rel=\"nofollow noopener\" target=\"_blank\">@GroupamaLB<\/a> vous pr\u00e9sente l\u2019ensemble du groupe qui affrontera Nevers, demain, au Stade du Pr\u00e9-Fleuri ! <\/p>\n<p>\\u25aa\\ufe0f Coup d\u2019envoi ce vendredi 7 novembre \u00e0 21h.<br \/>\\u25aa\\ufe0f Diffusion en direct sur Canal + Sport.<a href=\"https:\/\/twitter.com\/hashtag\/Fiert%C3%A9Bretonne?src=hash&amp;ref_src=twsrc%5Etfw\" rel=\"nofollow noopener\" target=\"_blank\">#Fiert\u00e9Bretonne<\/a> <a href=\"https:\/\/t.co\/AciGETJ6wK\" rel=\"nofollow\">pic.twitter.com\/AciGETJ6wK<\/a><\/p>\n<p>\u2014 Rugby Club Vannes (@RugbyClubVannes) <a href=\"https:\/\/twitter.com\/RugbyClubVannes\/status\/1986478692533739643?ref_src=twsrc%5Etfw\" rel=\"nofollow noopener\" target=\"_blank\">November 6, 2025<\/a><\/p><\/blockquote>\n<p>Rempla\u00e7ants\u2005: 16. B\u00e9ziat, 17. De Benedittis, 18. Marks, 19. Kalamafoni, 20. Judd, 21. Bouthier, 22. Nakosi, 23. Duch\u00eane.<\/p>\n<p>                    <script async src=\"https:\/\/platform.twitter.com\/widgets.js\" charset=\"utf-8\"><\/script><\/p>\n","protected":false},"excerpt":{"rendered":"Ce jeudi d\u00e9bute la dixi\u00e8me journ\u00e9e du championnat. Voici toutes les compositions d&rsquo;\u00e9quipes pour ce nouveau week-end de&hellip;\n","protected":false},"author":2,"featured_media":516632,"comment_status":"","ping_status":"","sticky":false,"template":"","format":"standard","meta":{"footnotes":""},"categories":[1416],"tags":[1011,27,479,1468,60],"class_list":{"0":"post-516631","1":"post","2":"type-post","3":"status-publish","4":"format-standard","5":"has-post-thumbnail","7":"category-rugby","8":"tag-fr","9":"tag-france","10":"tag-rugby","11":"tag-rugby-football","12":"tag-sports"},"share_on_mastodon":{"url":"https:\/\/pubeurope.com\/@fr\/115504510723412269","error":""},"_links":{"self":[{"href":"https:\/\/www.europesays.com\/fr\/wp-json\/wp\/v2\/posts\/516631","targetHints":{"allow":["GET"]}}],"collection":[{"href":"https:\/\/www.europesays.com\/fr\/wp-json\/wp\/v2\/posts"}],"about":[{"href":"https:\/\/www.europesays.com\/fr\/wp-json\/wp\/v2\/types\/post"}],"author":[{"embeddable":true,"href":"https:\/\/www.europesays.com\/fr\/wp-json\/wp\/v2\/users\/2"}],"replies":[{"embeddable":true,"href":"https:\/\/www.europesays.com\/fr\/wp-json\/wp\/v2\/comments?post=516631"}],"version-history":[{"count":0,"href":"https:\/\/www.europesays.com\/fr\/wp-json\/wp\/v2\/posts\/516631\/revisions"}],"wp:featuredmedia":[{"embeddable":true,"href":"https:\/\/www.europesays.com\/fr\/wp-json\/wp\/v2\/media\/516632"}],"wp:attachment":[{"href":"https:\/\/www.europesays.com\/fr\/wp-json\/wp\/v2\/media?parent=516631"}],"wp:term":[{"taxonomy":"category","embeddable":true,"href":"https:\/\/www.europesays.com\/fr\/wp-json\/wp\/v2\/categories?post=516631"},{"taxonomy":"post_tag","embeddable":true,"href":"https:\/\/www.europesays.com\/fr\/wp-json\/wp\/v2\/tags?post=516631"}],"curies":[{"name":"wp","href":"https:\/\/api.w.org\/{rel}","templated":true}]}}