{"id":516659,"date":"2025-11-06T20:12:14","date_gmt":"2025-11-06T20:12:14","guid":{"rendered":"https:\/\/www.europesays.com\/fr\/516659\/"},"modified":"2025-11-06T20:12:14","modified_gmt":"2025-11-06T20:12:14","slug":"kiev-sattaque-a-une-raffinerie-russe-des-mercenaires-lancent-un-sos","status":"publish","type":"post","link":"https:\/\/www.europesays.com\/fr\/516659\/","title":{"rendered":"Kiev s\u2019attaque \u00e0 une raffinerie russe, des mercenaires lancent un SOS"},"content":{"rendered":"<p>Vous avez rat\u00e9 les derniers \u00e9v\u00e9nements sur la <a href=\"https:\/\/www.20minutes.fr\/monde\/ukraine\/\" class=\"c-link c-link--is-underlined\" target=\"_blank\" rel=\"noopener\">guerre en Ukraine<\/a>\u00a0? 20 Minutes fait le point pour vous tous les soirs. Voici l\u2019essentiel de ce jeudi 6\u00a0novembre, 1.352e jour du conflit.<\/p>\n<p>Le fait du jour<\/p>\n<p>L\u2019arm\u00e9e ukrainienne a revendiqu\u00e9 des frappes de drones dans la nuit sur la raffinerie de p\u00e9trole op\u00e9r\u00e9e par la compagnie russe Lukoil \u00e0 Volgograd. \u00ab\u00a0Il s\u2019agit de l\u2019une des plus grandes raffineries de <a href=\"https:\/\/www.20minutes.fr\/monde\/russie\/\" class=\"c-link c-link--is-underlined\" target=\"_blank\" rel=\"noopener\">Russi<\/a>e\u00a0\u00bb, a-t-elle pr\u00e9cis\u00e9 sur Telegram.<\/p>\n<p>Le gouverneur de la r\u00e9gion m\u00e9ridionale russe a confirm\u00e9 une attaque nocturne qui a fait un mort dans le secteur mais sans dire \u00e9voquer la raffinerie. \u00ab\u00a0Des balcons ont \u00e9t\u00e9 endommag\u00e9s et les vitres de logements alentour ont \u00e9t\u00e9 bris\u00e9es. Un civil de 48 ans a \u00e9t\u00e9 tu\u00e9 par des \u00e9clats\u00a0\u00bb, a indiqu\u00e9 le gouverneur Andre\u00ef Botcharov, sur Telegram. Un incendie s\u2019est par ailleurs d\u00e9clar\u00e9 dans une \u00ab\u00a0zone industrielle\u00a0\u00bb en raison de la retomb\u00e9e de d\u00e9bris, a-t-il ajout\u00e9, faisant \u00e9tat de d\u00e9g\u00e2ts dans plusieurs districts de la ville.<\/p>\n<\/p>\n<p>Sur les r\u00e9seaux sociaux, des habitants ont partag\u00e9 images et vid\u00e9os, non v\u00e9rifi\u00e9es par l\u2019AFP, montrant le ciel nocturne illumin\u00e9 de rouge, et faisant entendre le bruit d\u2019explosions retentissant dans les quartiers r\u00e9sidentiels \u00e9loign\u00e9s de la raffinerie.<\/p>\n<p>Volgograd, situ\u00e9 \u00e0 plus de 400 kilom\u00e8tres des combats dans l\u2019est de l\u2019Ukraine, est un centre industriel regroupant des raffineries de gaz et de p\u00e9trole.<\/p>\n<p>La phrase du jour<\/p>\n<blockquote class=\"mx-m@xs mx-xxl@md color-ultramarine c-citation\">\n<p class=\"font-weight-regular@xs text-italic font-source-serif-pro text-l@xs c-citation__content\">\u00ab\u00a0J\u2019ai besoin de plus de 185 avions. Quand je fais le compte [\u2026], j\u2019ai besoin de 230 avions de combat\u00a0\u00bb<\/p>\n<\/blockquote>\n<p>Le g\u00e9n\u00e9ral J\u00e9r\u00f4me Bellanger, chef d\u2019\u00e9tat-major de l\u2019arm\u00e9e de l\u2019Air et de l\u2019Espace fran\u00e7aise, estime que notre flotte d\u2019avions de chasse doit \u00eatre augment\u00e9e \u00ab\u00a0pour tenir dans la dur\u00e9e\u00a0\u00bb. L\u2019aviation de chasse fran\u00e7aise pr\u00e9voit actuellement 185 avions de combat <a href=\"https:\/\/www.20minutes.fr\/dossier\/rafale\" class=\"c-link c-link--is-underlined\" target=\"_blank\" rel=\"noopener\">Rafale<\/a> et Mirage 2000 pour l\u2019arm\u00e9e de l\u2019Air et 41 Rafale pour la Marine.<\/p>\n<p>Le chiffre du jour<\/p>\n<p>13. Le nombre d\u2019ann\u00e9es de prison dont ont \u00e9cop\u00e9 deux Colombiens, de 48 et 37 ans, soup\u00e7onn\u00e9s par <a href=\"https:\/\/www.20minutes.fr\/monde\/moscou\/\" class=\"c-link c-link--is-underlined\" target=\"_blank\" rel=\"noopener\">Moscou<\/a> d\u2019avoir combattu aux c\u00f4t\u00e9s des troupes de Kiev.<\/p>\n<p>La tendance<\/p>\n<p>Sale temps pour les barbouzes. Le gouvernement d\u2019<a href=\"https:\/\/www.20minutes.fr\/dossier\/afrique_du_sud\" class=\"c-link c-link--is-underlined\" target=\"_blank\" rel=\"noopener\">Afrique du Sud<\/a> a r\u00e9v\u00e9l\u00e9 ce jeudi avoir re\u00e7u des appels \u00e0 l\u2019aide de la part de 17 de ses citoyens, \u00e2g\u00e9s de 20 \u00e0 39 ans, ayant rejoint les rangs des mercenaires combattant dans la r\u00e9gion ukrainienne du Donbass et qui demandent \u00e0 \u00eatre rapatri\u00e9s. Les int\u00e9ress\u00e9s ont \u00e9t\u00e9 \u00ab\u00a0app\u00e2t\u00e9s par des contrats de travail lucratifs pour rejoindre les forces mercenaires impliqu\u00e9es dans la guerre entre l\u2019Ukraine et la Russie\u00a0\u00bb, pr\u00e9cise la pr\u00e9sidence sud-africaine, sans dire dans quel camp les combattants en d\u00e9tresse sont engag\u00e9s.<\/p>\n<p><a href=\"http:\/\/www.20minutes.fr\/monde\/ukraine\" class=\"c-link c-btn c-btn--primary\" target=\"_blank\" rel=\"noopener\">Notre dossier sur la guerre en Ukraine<\/a><\/p>\n<p>Le pr\u00e9sident sud-africain Cyril Ramaphosa a ordonn\u00e9 l\u2019ouverture d\u2019une enqu\u00eate sur le recrutement de Sud-Africains dans des activit\u00e9s de mercenariat. La loi interdit aux citoyens du pays de rejoindre des arm\u00e9es \u00e9trang\u00e8res, sauf avec une autorisation du gouvernement.<\/p>\n","protected":false},"excerpt":{"rendered":"Vous avez rat\u00e9 les derniers \u00e9v\u00e9nements sur la guerre en Ukraine\u00a0? 20 Minutes fait le point pour vous&hellip;\n","protected":false},"author":2,"featured_media":516660,"comment_status":"","ping_status":"","sticky":false,"template":"","format":"standard","meta":{"footnotes":""},"categories":[5],"tags":[47,11,5594,1011,27,131,14,74,12,132,135,134,28],"class_list":{"0":"post-516659","1":"post","2":"type-post","3":"status-publish","4":"format-standard","5":"has-post-thumbnail","7":"category-international","8":"tag-actualite","9":"tag-actualites","10":"tag-afrique-du-sud","11":"tag-fr","12":"tag-france","13":"tag-guerre-en-ukraine","14":"tag-international","15":"tag-monde","16":"tag-news","17":"tag-russie","18":"tag-vladimir-poutine","19":"tag-volodymyr-zelensky","20":"tag-world"},"share_on_mastodon":{"url":"https:\/\/pubeurope.com\/@fr\/115504581481349420","error":""},"_links":{"self":[{"href":"https:\/\/www.europesays.com\/fr\/wp-json\/wp\/v2\/posts\/516659","targetHints":{"allow":["GET"]}}],"collection":[{"href":"https:\/\/www.europesays.com\/fr\/wp-json\/wp\/v2\/posts"}],"about":[{"href":"https:\/\/www.europesays.com\/fr\/wp-json\/wp\/v2\/types\/post"}],"author":[{"embeddable":true,"href":"https:\/\/www.europesays.com\/fr\/wp-json\/wp\/v2\/users\/2"}],"replies":[{"embeddable":true,"href":"https:\/\/www.europesays.com\/fr\/wp-json\/wp\/v2\/comments?post=516659"}],"version-history":[{"count":0,"href":"https:\/\/www.europesays.com\/fr\/wp-json\/wp\/v2\/posts\/516659\/revisions"}],"wp:featuredmedia":[{"embeddable":true,"href":"https:\/\/www.europesays.com\/fr\/wp-json\/wp\/v2\/media\/516660"}],"wp:attachment":[{"href":"https:\/\/www.europesays.com\/fr\/wp-json\/wp\/v2\/media?parent=516659"}],"wp:term":[{"taxonomy":"category","embeddable":true,"href":"https:\/\/www.europesays.com\/fr\/wp-json\/wp\/v2\/categories?post=516659"},{"taxonomy":"post_tag","embeddable":true,"href":"https:\/\/www.europesays.com\/fr\/wp-json\/wp\/v2\/tags?post=516659"}],"curies":[{"name":"wp","href":"https:\/\/api.w.org\/{rel}","templated":true}]}}