{"id":516668,"date":"2025-11-06T20:17:13","date_gmt":"2025-11-06T20:17:13","guid":{"rendered":"https:\/\/www.europesays.com\/fr\/516668\/"},"modified":"2025-11-06T20:17:13","modified_gmt":"2025-11-06T20:17:13","slug":"meurthe-et-moselle-un-motard-des-douanes-blesse-dans-un-accident-de-la-circulation-a-messein","status":"publish","type":"post","link":"https:\/\/www.europesays.com\/fr\/516668\/","title":{"rendered":"Meurthe-et-Moselle. Un motard des douanes bless\u00e9 dans un accident de la circulation \u00e0 Messein"},"content":{"rendered":"<p>Un motard des douanes, qui circulait sur la d\u00e9partementale 331 au niveau de la commune de Messein ce jeudi 6 novembre, a \u00e9t\u00e9 bless\u00e9 dans un accident de la circulation survenu vers 18 h 15.<\/p>\n<p>  Transport\u00e9 vers les urgences<\/p>\n<p>\u00c2g\u00e9 de 50 ans, le douanier a \u00e9t\u00e9 transport\u00e9 vers les urgences de l\u2019h\u00f4pital Central de Nancy par les pompiers.<\/p>\n<p>Hors d\u2019usage, sa moto a \u00e9t\u00e9 \u00e9vacu\u00e9e de la chauss\u00e9e par le garage ADL.<\/p>\n<p>D\u2019autres agents des douanes se trouvaient sur les lieux.<\/p>\n<p>Une enqu\u00eate de gendarmerie a \u00e9t\u00e9 ouverte afin de pr\u00e9ciser les causes et circonstances de cet accident o\u00f9 semble impliqu\u00e9 un autre v\u00e9hicule.<\/p>\n","protected":false},"excerpt":{"rendered":"Un motard des douanes, qui circulait sur la d\u00e9partementale 331 au niveau de la commune de Messein ce&hellip;\n","protected":false},"author":2,"featured_media":516669,"comment_status":"","ping_status":"","sticky":false,"template":"","format":"standard","meta":{"footnotes":""},"categories":[9635],"tags":[119,1111,11,9848,1704,1777,674,274,1011,27,775,23885,3457,1702,12,25],"class_list":{"0":"post-516668","1":"post","2":"type-post","3":"status-publish","4":"format-standard","5":"has-post-thumbnail","7":"category-nancy","8":"tag-accident","9":"tag-actu","10":"tag-actualites","11":"tag-cc-moselle-et-madon-54b","12":"tag-edition-nancy-et-agglomeration","13":"tag-eu","14":"tag-europe","15":"tag-faits-divers-justice","16":"tag-fr","17":"tag-france","18":"tag-grand-est","19":"tag-messein","20":"tag-meurthe-et-moselle","21":"tag-nancy","22":"tag-news","23":"tag-republique-francaise"},"share_on_mastodon":{"url":"https:\/\/pubeurope.com\/@fr\/115504601245843531","error":""},"_links":{"self":[{"href":"https:\/\/www.europesays.com\/fr\/wp-json\/wp\/v2\/posts\/516668","targetHints":{"allow":["GET"]}}],"collection":[{"href":"https:\/\/www.europesays.com\/fr\/wp-json\/wp\/v2\/posts"}],"about":[{"href":"https:\/\/www.europesays.com\/fr\/wp-json\/wp\/v2\/types\/post"}],"author":[{"embeddable":true,"href":"https:\/\/www.europesays.com\/fr\/wp-json\/wp\/v2\/users\/2"}],"replies":[{"embeddable":true,"href":"https:\/\/www.europesays.com\/fr\/wp-json\/wp\/v2\/comments?post=516668"}],"version-history":[{"count":0,"href":"https:\/\/www.europesays.com\/fr\/wp-json\/wp\/v2\/posts\/516668\/revisions"}],"wp:featuredmedia":[{"embeddable":true,"href":"https:\/\/www.europesays.com\/fr\/wp-json\/wp\/v2\/media\/516669"}],"wp:attachment":[{"href":"https:\/\/www.europesays.com\/fr\/wp-json\/wp\/v2\/media?parent=516668"}],"wp:term":[{"taxonomy":"category","embeddable":true,"href":"https:\/\/www.europesays.com\/fr\/wp-json\/wp\/v2\/categories?post=516668"},{"taxonomy":"post_tag","embeddable":true,"href":"https:\/\/www.europesays.com\/fr\/wp-json\/wp\/v2\/tags?post=516668"}],"curies":[{"name":"wp","href":"https:\/\/api.w.org\/{rel}","templated":true}]}}