{"id":516674,"date":"2025-11-06T20:20:16","date_gmt":"2025-11-06T20:20:16","guid":{"rendered":"https:\/\/www.europesays.com\/fr\/516674\/"},"modified":"2025-11-06T20:20:16","modified_gmt":"2025-11-06T20:20:16","slug":"carte-guerre-en-ukraine-situation-compliquee-a-pokrovsk-formation-militaire-en","status":"publish","type":"post","link":"https:\/\/www.europesays.com\/fr\/516674\/","title":{"rendered":"CARTE. Guerre en Ukraine\u00a0: \u00ab\u00a0Situation compliqu\u00e9e\u00a0\u00bb \u00e0 Pokrovsk, formation militaire en"},"content":{"rendered":"<p><strong>\u00ab\u00a0Situation compliqu\u00e9e\u00a0\u00bb<\/strong> pour la d\u00e9fense ukrainienne \u00e0 Pokrovsk dans le Donbass, consommation \u00e9lectrique limit\u00e9e en Ukraine, formation militaire pour les citoyens polonais et soldat russe condamn\u00e9 \u00e0 perp\u00e9tuit\u00e9\u2026 Voici le point du jour concernant la guerre en Ukraine ce jeudi 6\u00a0novembre 2025.<\/p>\n<\/p>\n<p>Les combats se multiplient sur le front<\/p>\n<p>Le nombre d\u2019affrontements a pratiquement doubl\u00e9 en vingt-quatre heures, rapporte l\u2019\u00e9tat-major de l\u2019arm\u00e9e ukrainienne cit\u00e9 par Le\u00a0Monde. 276\u00a0combats ont \u00e9t\u00e9 d\u00e9nombr\u00e9s au cours de la journ\u00e9e \u00e9coul\u00e9e, dont 100\u00a0dans le secteur de Pokrovsk.<\/p>\n<p>Dans <a href=\"https:\/\/rennes.maville.com\/actu\/actudet_-ukraine.-pokrovsk-l-epicentre-des-combats-dans-l-est-est-menace-d-etre-investi-par-les-russes-_54135-7052425_actu.Htm\" target=\"_blank\" rel=\"noopener\">cette ville\u00a0au c\u0153ur de l\u2019offensive russe dans l\u2019oblast de Donetsk<\/a>, la menace d\u2019un encerclement se renforce pour les forces ukrainiennes engag\u00e9es. <strong>\u00ab\u00a0La situation est vraiment tr\u00e8s compliqu\u00e9e\u00a0\u00bb<\/strong>, a d\u00e9plor\u00e9 \u00e0 la t\u00e9l\u00e9vision un officier ukrainien pr\u00e9sent dans le secteur, des propos rapport\u00e9s par le RBK-Ukraine.<\/p>\n<p>Les analystes de Deepstate \u00e9voquent la prise de\u00a0Pavlivka, dans le nord de l\u2019oblast ukrainien de Zaporijia, par les forces russes. Elles progressent \u00e9galement en direction de Balahan, quelques kilom\u00e8tres \u00e0 l\u2019est de Pokrovsk, ajoutent-ils. Une information d\u00e9mentie sur Telegram par les Forces de d\u00e9fense du sud de l\u2019Ukraine.<\/p>\n<p>C\u00f4t\u00e9 russe, on estime pouvoir revendiquer <strong>\u00ab\u00a0la partie orientale de Koupiansk dans les cinq prochains jours\u00a0\u00bb<\/strong>, a d\u00e9clar\u00e9 un commandant engag\u00e9 sur ce front, dans une vid\u00e9o publi\u00e9e par le minist\u00e8re de la d\u00e9fense russe.<\/p>\n<p>La consommation \u00e9lectrique limit\u00e9e<\/p>\n<p>La compagnie d\u2019\u00e9nergie Ukrenergo a annonc\u00e9 des coupures de courant volontaires pour les foyers et les entreprises entre 8\u00a0h et 22\u00a0h ce jeudi et ce vendredi. <strong>\u00ab\u00a0En raison de la situation difficile du r\u00e9seau \u00e9lectrique caus\u00e9e par les cons\u00e9quences des tirs russes, des mesures de limitation de la consommation sont appliqu\u00e9es aujourd\u2019hui dans toutes les r\u00e9gions d\u2019Ukraine\u00a0\u00bb<\/strong>, \u00e9crit-elle sur Telegram.<\/p>\n<p>Par ailleurs, huit mines de charbon ont \u00e9t\u00e9 priv\u00e9es d\u2019\u00e9lectricit\u00e9 dans l\u2019oblast de Dnipropetrovsk apr\u00e8s un bombardement russe. <strong>\u00ab\u00a0Au moment de l\u2019incident, 2\u00a0595\u00a0mineurs se trouvaient sous terre\u00a0\u00bb<\/strong>, \u00e9crit le minist\u00e8re de l\u2019\u00e9nergie ukrainien, sur Telegram. Leur \u00e9vacuation est en cours.<\/p>\n<p>Premi\u00e8re condamnation \u00e0 perp\u00e9tuit\u00e9 pour un soldat russe<\/p>\n<p>Un tribunal ukrainien a condamn\u00e9 pour la premi\u00e8re fois un soldat russe \u00e0 la r\u00e9clusion \u00e0 perp\u00e9tuit\u00e9 pour l\u2019ex\u00e9cution d\u2019un prisonnier de guerre ukrainien, ont annonc\u00e9 les services de s\u00e9curit\u00e9 (SBU).<\/p>\n<p>L\u2019accus\u00e9, un citoyen russe de 27\u00a0ans, \u00e9tait accus\u00e9 d\u2019avoir abattu, le 6\u00a0janvier 2024, un soldat ukrainien \u00e0 court de munitions qui s\u2019\u00e9tait rendu, pr\u00e8s du village de Pryioutn\u00e9, dans la r\u00e9gion partiellement occup\u00e9e de Zaporijjia (sud). Ce Russe a \u00e9t\u00e9 captur\u00e9 le jour m\u00eame par les forces ukrainiennes, selon le SBU.<\/p>\n<p>La Pologne lance une formation militaire pour ces citoyens<\/p>\n<p>La Pologne, voisine de l\u2019Ukraine et de la Russie et qui craint d\u2019\u00eatre une prochaine cible de Moscou, veut former militairement jusqu\u2019\u00e0 500\u00a0000\u00a0b\u00e9n\u00e9voles d\u2019ici la fin de l\u2019ann\u00e9e prochaine, a annonc\u00e9 le ministre polonais de la D\u00e9fense, lan\u00e7ant un programme massif de formations. Il s\u2019adresse\u00a0\u00e0 <strong>\u00ab\u00a0tous les citoyens polonais qui voudront en b\u00e9n\u00e9ficier\u00a0\u00bb<\/strong>, a d\u00e9clar\u00e9 \u00e0 la presse le ministre Wladyslaw Kosiniak-Kamysz.<\/p>\n<p>Le programme inclut aussi bien des formations d\u00e9j\u00e0 en place que de nouvelles propositions ayant pour but de <strong>\u00ab\u00a0renforcer la d\u00e9fense nationale et la r\u00e9silience sociale\u00a0\u00bb<\/strong>, selon le ministre.<\/p>\n<p>Des mercenaires sud-africains appellent \u00e0 l\u2019aide<\/p>\n<p>Les autorit\u00e9s sud-africaines ont \u00ab<strong>\u00a0re\u00e7u des appels de d\u00e9tresse de 17\u00a0Sud-Africains, \u00e2g\u00e9s de 20 \u00e0 39\u00a0ans, demandant assistance pour rentrer chez eux et qui sont coinc\u00e9s au Donbass, ravag\u00e9 par la guerre\u00a0\u00bb<\/strong>, a indiqu\u00e9 la pr\u00e9sidence dans un communiqu\u00e9.<\/p>\n<p>Les int\u00e9ress\u00e9s ont \u00e9t\u00e9 <strong>\u00ab\u00a0app\u00e2t\u00e9s par des contrats de travail lucratifs pour rejoindre les forces mercenaires impliqu\u00e9es dans la guerre entre l\u2019Ukraine et la Russie\u00a0\u00bb<\/strong>. Le communiqu\u00e9 n\u2019indique pas clairement dans quel camp ces hommes combattent.<\/p>\n<p>\u00a0<\/p>\n","protected":false},"excerpt":{"rendered":"\u00ab\u00a0Situation compliqu\u00e9e\u00a0\u00bb pour la d\u00e9fense ukrainienne \u00e0 Pokrovsk dans le Donbass, consommation \u00e9lectrique limit\u00e9e en Ukraine, formation militaire&hellip;\n","protected":false},"author":2,"featured_media":516675,"comment_status":"","ping_status":"","sticky":false,"template":"","format":"standard","meta":{"footnotes":""},"categories":[9619],"tags":[1111,11,11617,27203,1777,674,1119,1011,27,1146,4432,3579,12,62389,2437,882,25,1447,2310,220],"class_list":{"0":"post-516674","1":"post","2":"type-post","3":"status-publish","4":"format-standard","5":"has-post-thumbnail","7":"category-toulon","8":"tag-actu","9":"tag-actualites","10":"tag-carte","11":"tag-compliquee","12":"tag-eu","13":"tag-europe","14":"tag-formation","15":"tag-fr","16":"tag-france","17":"tag-guerre","18":"tag-jour","19":"tag-militaire","20":"tag-news","21":"tag-pokrovsk","22":"tag-pologne","23":"tag-provence-alpes-cote-dazur","24":"tag-republique-francaise","25":"tag-situation","26":"tag-toulon","27":"tag-ukraine"},"share_on_mastodon":{"url":"https:\/\/pubeurope.com\/@fr\/115504613282522360","error":""},"_links":{"self":[{"href":"https:\/\/www.europesays.com\/fr\/wp-json\/wp\/v2\/posts\/516674","targetHints":{"allow":["GET"]}}],"collection":[{"href":"https:\/\/www.europesays.com\/fr\/wp-json\/wp\/v2\/posts"}],"about":[{"href":"https:\/\/www.europesays.com\/fr\/wp-json\/wp\/v2\/types\/post"}],"author":[{"embeddable":true,"href":"https:\/\/www.europesays.com\/fr\/wp-json\/wp\/v2\/users\/2"}],"replies":[{"embeddable":true,"href":"https:\/\/www.europesays.com\/fr\/wp-json\/wp\/v2\/comments?post=516674"}],"version-history":[{"count":0,"href":"https:\/\/www.europesays.com\/fr\/wp-json\/wp\/v2\/posts\/516674\/revisions"}],"wp:featuredmedia":[{"embeddable":true,"href":"https:\/\/www.europesays.com\/fr\/wp-json\/wp\/v2\/media\/516675"}],"wp:attachment":[{"href":"https:\/\/www.europesays.com\/fr\/wp-json\/wp\/v2\/media?parent=516674"}],"wp:term":[{"taxonomy":"category","embeddable":true,"href":"https:\/\/www.europesays.com\/fr\/wp-json\/wp\/v2\/categories?post=516674"},{"taxonomy":"post_tag","embeddable":true,"href":"https:\/\/www.europesays.com\/fr\/wp-json\/wp\/v2\/tags?post=516674"}],"curies":[{"name":"wp","href":"https:\/\/api.w.org\/{rel}","templated":true}]}}