{"id":516688,"date":"2025-11-06T20:27:22","date_gmt":"2025-11-06T20:27:22","guid":{"rendered":"https:\/\/www.europesays.com\/fr\/516688\/"},"modified":"2025-11-06T20:27:22","modified_gmt":"2025-11-06T20:27:22","slug":"quatre-voitures-impliquees-des-kilometres-de-bouchons","status":"publish","type":"post","link":"https:\/\/www.europesays.com\/fr\/516688\/","title":{"rendered":"quatre voitures impliqu\u00e9es, des kilom\u00e8tres de bouchons"},"content":{"rendered":"<p>            Par<br \/>\n        <strong><br \/>\n            <a href=\"https:\/\/actu.fr\/auteur\/clemence-pays02-actu-fr\" title=\"Consulter tous les articles de Cl\u00e9mence Pays\" target=\"_blank\" rel=\"noopener\">Cl\u00e9mence Pays<\/a><br \/>\n        <\/strong><\/p>\n<p>        Publi\u00e9 le<\/p>\n<p>            6 nov. 2025 \u00e0 17h43        <\/p>\n<p>[<strong>Mise \u00e0 jour jeudi 6 novembre 2025, \u00e0 19h06 :<\/strong> la circulation est r\u00e9tablie sur l\u2019ensemble des voies. Quelques ralentissements sont toujours en cours sur la rocade ouest.]<\/p>\n<p class=\" wall-content\">Attention si vous empruntez la <a href=\"https:\/\/actu.fr\/tag\/rocade\" target=\"_blank\" rel=\"noopener\">rocade<\/a> de Rennes, ce jeudi 6\u00a0novembre 2025. \u00c0 16h, Bison Fut\u00e9 a signal\u00e9 un <strong>accident<\/strong> entre la porte de Lorient et la porte de Brest\/Villejean, dans le sens int\u00e9rieur de la <strong>N136.<\/strong><\/p>\n<p class=\" wall-content\">Une <strong>\u00ab\u2009r\u00e9duction du nombre de voies,<\/strong> applicable \u00e0 tous les v\u00e9hicules\u2009\u00bb a alors \u00e9t\u00e9 mise en place. \u00c0 17h, cette mesure \u00ab\u2009obligatoire\u2009\u00bb \u00e9tait toujours en cours.<\/p>\n<p class=\" wall-content\">Selon Bison Fut\u00e9,<strong> quatre voitures sont impliqu\u00e9es<\/strong> dans l\u2019accident, qualifi\u00e9 de \u00ab\u2009corporel\u2009\u00bb. Contact\u00e9, le Centre op\u00e9rationnel d\u00e9partemental d\u2019incendie et de secours (Codis) a indiqu\u00e9 qu\u2019aucune intervention des sapeurs-pompiers \u00e9tait en cours sur la rocade.<\/p>\n<p>Des bouchons jusqu\u2019\u00e0 la route de Nantes<\/p>\n<p class=\" wall-content\">\u00c0 17h28, <strong>5,4 kilom\u00e8tres de bouchons<\/strong> \u00e9taient comptabilis\u00e9s par le service d\u2019informations routi\u00e8res, \u00ab\u2009de Noyal-Ch\u00e2tillon-sur-Seiche \u00e0 Rennes\u2009\u00bb, soit entre la porte d\u2019Alma\/Nantes et la porte de Brest\/Villejean, dans le sens int\u00e9rieur.<\/p>\n<p class=\" wall-content\">Au m\u00eame moment, dans le sens ext\u00e9rieur, <strong>7 kilom\u00e8tres de bouchons<\/strong> se sont form\u00e9s sur la m\u00eame portion.<\/p>\n<p class=\" wall-content\">Des <strong>ralentissements<\/strong> sont \u00e9galement en cours sur la <strong>rocade sud<\/strong> et la <strong>rocade est,<\/strong> de la porte de Normandie \u00e0 la porte de Maurepas.<\/p>\n<p class=\" wall-content\">Personnalisez votre actualit\u00e9 en ajoutant vos villes et m\u00e9dias en favori avec <a href=\"https:\/\/moncompte.actu.fr\" title=\"D\u00e9couvez Mon Actu\" rel=\"nofollow noopener\" data-trk=\"{&quot;cta&quot;:{&quot;action&quot;:&quot;https:\\\/\\\/moncompte.actu.fr&quot;,&quot;category&quot;:&quot;mon compte&quot;,&quot;from&quot;:&quot;article footer&quot;,&quot;name&quot;:&quot;Mon actu&quot;,&quot;type&quot;:&quot;cta&quot;}}\" target=\"_blank\">Mon Actu<\/a>.<\/p>\n","protected":false},"excerpt":{"rendered":"Par Cl\u00e9mence Pays Publi\u00e9 le 6 nov. 2025 \u00e0 17h43 [Mise \u00e0 jour jeudi 6 novembre 2025, \u00e0&hellip;\n","protected":false},"author":2,"featured_media":516689,"comment_status":"","ping_status":"","sticky":false,"template":"","format":"standard","meta":{"footnotes":""},"categories":[2821],"tags":[1111,11,829,3542,1777,674,118,1011,27,803,12,584,25,4797],"class_list":{"0":"post-516688","1":"post","2":"type-post","3":"status-publish","4":"format-standard","5":"has-post-thumbnail","7":"category-rennes","8":"tag-actu","9":"tag-actualites","10":"tag-bretagne","11":"tag-circulation","12":"tag-eu","13":"tag-europe","14":"tag-faits-divers","15":"tag-fr","16":"tag-france","17":"tag-info-trafic","18":"tag-news","19":"tag-rennes","20":"tag-republique-francaise","21":"tag-rocade"},"share_on_mastodon":{"url":"https:\/\/pubeurope.com\/@fr\/115504640420514236","error":""},"_links":{"self":[{"href":"https:\/\/www.europesays.com\/fr\/wp-json\/wp\/v2\/posts\/516688","targetHints":{"allow":["GET"]}}],"collection":[{"href":"https:\/\/www.europesays.com\/fr\/wp-json\/wp\/v2\/posts"}],"about":[{"href":"https:\/\/www.europesays.com\/fr\/wp-json\/wp\/v2\/types\/post"}],"author":[{"embeddable":true,"href":"https:\/\/www.europesays.com\/fr\/wp-json\/wp\/v2\/users\/2"}],"replies":[{"embeddable":true,"href":"https:\/\/www.europesays.com\/fr\/wp-json\/wp\/v2\/comments?post=516688"}],"version-history":[{"count":0,"href":"https:\/\/www.europesays.com\/fr\/wp-json\/wp\/v2\/posts\/516688\/revisions"}],"wp:featuredmedia":[{"embeddable":true,"href":"https:\/\/www.europesays.com\/fr\/wp-json\/wp\/v2\/media\/516689"}],"wp:attachment":[{"href":"https:\/\/www.europesays.com\/fr\/wp-json\/wp\/v2\/media?parent=516688"}],"wp:term":[{"taxonomy":"category","embeddable":true,"href":"https:\/\/www.europesays.com\/fr\/wp-json\/wp\/v2\/categories?post=516688"},{"taxonomy":"post_tag","embeddable":true,"href":"https:\/\/www.europesays.com\/fr\/wp-json\/wp\/v2\/tags?post=516688"}],"curies":[{"name":"wp","href":"https:\/\/api.w.org\/{rel}","templated":true}]}}