{"id":516716,"date":"2025-11-06T20:44:14","date_gmt":"2025-11-06T20:44:14","guid":{"rendered":"https:\/\/www.europesays.com\/fr\/516716\/"},"modified":"2025-11-06T20:44:14","modified_gmt":"2025-11-06T20:44:14","slug":"noemie-baiamonte-miss-rhone-alpes-2025-en-route-pour-laventure-miss-france-photos","status":"publish","type":"post","link":"https:\/\/www.europesays.com\/fr\/516716\/","title":{"rendered":"No\u00e9mie Baiamonte, Miss Rh\u00f4ne-Alpes 2025, en route pour l\u2019aventure Miss France (PHOTOS)"},"content":{"rendered":"<p itemprop=\"description\"><strong>La jeune femme a pris la direction de Paris ce jeudi soir.<\/strong><\/p>\n<p>Une voyageuse pas comme les autres ce jeudi soir \u00e0 la gare de la Part-Dieu de Lyon. Il y avait du monde pour accompagner <strong>No\u00e9mie Baiamonte<\/strong>, Miss Rh\u00f4ne-Alpes 2025, sur le quai de son TGV direction Paris o\u00f9 l\u2019aventure Miss France d\u00e9bute ce vendredi matin.<\/p>\n<p>\u00ab\u00a0La pression commence un peu \u00e0 retomber parce que j\u2019ai fini ma valise aujourd\u2019hui. C\u2019\u00e9tait un peu la course. Je suis tr\u00e8s contente d\u2019\u00eatre le jour J\u00a0\u00bb, a confi\u00e9 la jeune femme de 21 ans <a href=\"https:\/\/www.lyonfemmes.com\/article\/251984\/noemie-baiamonte-miss-rhone-alpes-2025-je-veux-prouver-qu-il-faut-toujours-perseverer-dans-la-vie\" target=\"_blank\" rel=\"noopener\">qui entend bien briller<\/a> parmi les autres candidates en lice pour le titre de Miss France 2026.<\/p>\n<p><img loading=\"lazy\" decoding=\"async\" style=\"display: block; margin-left: auto; margin-right: auto;\" src=\"https:\/\/www.europesays.com\/fr\/wp-content\/uploads\/2025\/11\/diapo1-46192.jpg\" alt=\"\" width=\"500\" height=\"333\"\/><img loading=\"lazy\" decoding=\"async\" style=\"display: block; margin-left: auto; margin-right: auto;\" src=\"https:\/\/www.europesays.com\/fr\/wp-content\/uploads\/2025\/11\/diapo2-51479.jpg\" alt=\"\" width=\"500\" height=\"333\"\/><\/p>\n<p>\u00ab\u00a0Il y a un peu d\u2019appr\u00e9hension mais j\u2019ai h\u00e2te de retrouver les autres filles pour pouvoir discuter\u00a0\u00bb,\u00a0a pr\u00e9cis\u00e9 No\u00e9mie Baiamonte concernant le premier jour de l\u2019aventure ce vendredi. \u00ab\u00a0J\u2019esp\u00e8re revenir avec la couronne !\u00a0\u00bb, a ajout\u00e9 l\u2019\u00e9tudiante qui souhaite devenir plasticienne, maquilleuse sp\u00e9cialiste des effets sp\u00e9ciaux.<\/p>\n<p><img loading=\"lazy\" decoding=\"async\" style=\"display: block; margin-left: auto; margin-right: auto;\" src=\"https:\/\/www.europesays.com\/fr\/wp-content\/uploads\/2025\/11\/diapo3-44423.jpg\" alt=\"\" width=\"500\" height=\"333\"\/><img loading=\"lazy\" decoding=\"async\" style=\"display: block; margin-left: auto; margin-right: auto;\" src=\"https:\/\/www.europesays.com\/fr\/wp-content\/uploads\/2025\/11\/diapo4-59230.jpg\" alt=\"\" width=\"500\" height=\"333\"\/><img loading=\"lazy\" decoding=\"async\" style=\"display: block; margin-left: auto; margin-right: auto;\" src=\"https:\/\/www.europesays.com\/fr\/wp-content\/uploads\/2025\/11\/diapo6-65042.jpg\" alt=\"\" width=\"500\" height=\"333\"\/><\/p>\n<p>Le traditionnel voyage de pr\u00e9paration des Miss aura lieu d\u00e8s dimanche direction la Martinique avant les r\u00e9p\u00e9titions pour le grand show pr\u00e9vu le 6 d\u00e9cembre au Z\u00e9nith d\u2019Amiens. Le mot d\u2019ordre de Miss Rh\u00f4ne-Alpes 2025 ? \u00ab\u00a0Je veux rester moi-m\u00eame durant cette aventure, ne pas changer de comportement. Si \u00e7a paye tant mieux ! Miss France, ce n\u2019est qu\u2019une fois dans sa vie !\u00a0\u00bb<\/p>\n<p><strong>A.D.<\/strong><\/p>\n<blockquote class=\"instagram-media\" style=\"background: #FFF; border: 0; border-radius: 3px; box-shadow: 0 0 1px 0 rgba(0,0,0,0.5),0 1px 10px 0 rgba(0,0,0,0.15); margin: 1px; max-width: 540px; min-width: 326px; padding: 0; width: calc(100% - 2px);\" data-instgrm-captioned=\"\" data-instgrm-permalink=\"https:\/\/www.instagram.com\/reel\/DQuaJC4DHZt\/?utm_source=ig_embed&amp;utm_campaign=loading\" data-instgrm-version=\"14\"><p>&#13;<br \/>\n&#13;\n<\/p><\/blockquote>\n<p>\t\t  <script async src=\"\/\/www.instagram.com\/embed.js\"><\/script><\/p>\n","protected":false},"excerpt":{"rendered":"La jeune femme a pris la direction de Paris ce jeudi soir. Une voyageuse pas comme les autres&hellip;\n","protected":false},"author":2,"featured_media":516717,"comment_status":"","ping_status":"","sticky":false,"template":"","format":"standard","meta":{"footnotes":""},"categories":[1889],"tags":[1111,11,2813,2190,2430,1109,251,1112,2811,1777,674,118,1294,4651,1011,27,1922,1110,1114,2428,4903,4902,12,241,316,25,2812,517,800],"class_list":{"0":"post-516716","1":"post","2":"type-post","3":"status-publish","4":"format-standard","5":"has-post-thumbnail","7":"category-lyon","8":"tag-actu","9":"tag-actualites","10":"tag-article","11":"tag-asvel","12":"tag-auvergne-rhone-alpes","13":"tag-breves","14":"tag-culture","15":"tag-depeches","16":"tag-economique","17":"tag-eu","18":"tag-europe","19":"tag-faits-divers","20":"tag-femme","21":"tag-femmes","22":"tag-fr","23":"tag-france","24":"tag-info","25":"tag-informations","26":"tag-infos","27":"tag-lyon","28":"tag-lyonfemme","29":"tag-lyonfemmes","30":"tag-news","31":"tag-ol","32":"tag-politique","33":"tag-republique-francaise","34":"tag-sociale","35":"tag-sport","36":"tag-transports"},"share_on_mastodon":{"url":"https:\/\/pubeurope.com\/@fr\/115504709031837985","error":""},"_links":{"self":[{"href":"https:\/\/www.europesays.com\/fr\/wp-json\/wp\/v2\/posts\/516716","targetHints":{"allow":["GET"]}}],"collection":[{"href":"https:\/\/www.europesays.com\/fr\/wp-json\/wp\/v2\/posts"}],"about":[{"href":"https:\/\/www.europesays.com\/fr\/wp-json\/wp\/v2\/types\/post"}],"author":[{"embeddable":true,"href":"https:\/\/www.europesays.com\/fr\/wp-json\/wp\/v2\/users\/2"}],"replies":[{"embeddable":true,"href":"https:\/\/www.europesays.com\/fr\/wp-json\/wp\/v2\/comments?post=516716"}],"version-history":[{"count":0,"href":"https:\/\/www.europesays.com\/fr\/wp-json\/wp\/v2\/posts\/516716\/revisions"}],"wp:featuredmedia":[{"embeddable":true,"href":"https:\/\/www.europesays.com\/fr\/wp-json\/wp\/v2\/media\/516717"}],"wp:attachment":[{"href":"https:\/\/www.europesays.com\/fr\/wp-json\/wp\/v2\/media?parent=516716"}],"wp:term":[{"taxonomy":"category","embeddable":true,"href":"https:\/\/www.europesays.com\/fr\/wp-json\/wp\/v2\/categories?post=516716"},{"taxonomy":"post_tag","embeddable":true,"href":"https:\/\/www.europesays.com\/fr\/wp-json\/wp\/v2\/tags?post=516716"}],"curies":[{"name":"wp","href":"https:\/\/api.w.org\/{rel}","templated":true}]}}