{"id":516730,"date":"2025-11-06T20:53:16","date_gmt":"2025-11-06T20:53:16","guid":{"rendered":"https:\/\/www.europesays.com\/fr\/516730\/"},"modified":"2025-11-06T20:53:16","modified_gmt":"2025-11-06T20:53:16","slug":"direct-guerre-en-ukraine-un-mort-dans-une-attaque-de-drones-en-russie-moscou-revendique-des-avancees-a-pokrovsk","status":"publish","type":"post","link":"https:\/\/www.europesays.com\/fr\/516730\/","title":{"rendered":"DIRECT. Guerre en Ukraine\u00a0: un mort dans une attaque de drones en Russie, Moscou revendique des avanc\u00e9es \u00e0 Pokrovsk"},"content":{"rendered":"<p>Les combats se poursuivent \u00e0 l\u2019est de l\u2019Ukraine, notamment dans la ville strat\u00e9gique de Pokrovsk (oblast de Donetsk), tandis que de nouvelles attaques de drones ukrainiens frappent des cibles en Russie, <strong>semant l\u2019inqui\u00e9tude sur les ripostes possibles de Moscou<\/strong>. Parall\u00e8lement, des \u00c9tats tiers commencent \u00e0 tirer la sonnette d\u2019alarme sur l\u2019engagement de mercenaires ou de forces irr\u00e9guli\u00e8res.<\/p>\n<p>19h52.Deux Colombiens condamn\u00e9s \u00e0 13 ans de prison en Ukraine occup\u00e9e pour avoir combattu pour Kiev<\/p>\n<p class=\"live-post__amorce\">Deux Colombiens consid\u00e9r\u00e9s comme des \u00ab\u00a0mercenaires\u00a0\u00bb par Moscou ont \u00e9t\u00e9 condamn\u00e9s \u00e0 13 ans de prison dans les territoires d&rsquo;Ukraine occup\u00e9s par la Russie, pour avoir combattu aux c\u00f4t\u00e9s des forces de Kiev, a annonc\u00e9 un tribunal \u00e0 Donetsk (est). Alexander Ante, 48 ans, et Jos\u00e9 Aron Medina Aranda, 37 ans, ont \u00e9t\u00e9 condamn\u00e9s \u00ab\u00a0pour leur participation aux combats aux c\u00f4t\u00e9s des forces arm\u00e9es ukrainiennes\u00a0\u00bb, ont indiqu\u00e9 les procureurs sur Telegram. Des vid\u00e9os diffus\u00e9es par Moscou montrent les deux hommes, menott\u00e9s et portant des tenues de prisonnier russe, escort\u00e9s jusqu&rsquo;au tribunal par des officiers de s\u00e9curit\u00e9 masqu\u00e9s. Les deux hommes ont combattu en 2023 et 2024 pour l&rsquo;Ukraine. En juillet 2024, le journal colombien El Tiempo avait indiqu\u00e9 que les deux hommes avaient \u00e9t\u00e9 arr\u00eat\u00e9s \u00e0 Caracas, la capitale du Venezuela, par la police de ce pays alli\u00e9 de la Russie.<\/p>\n<p>17h23.Des filets paragr\u00eale de Tarn-et-Garonne recycl\u00e9s pour prot\u00e9ger l\u2019Ukraine des attaques de drones russes<\/p>\n<p class=\"live-post__amorce\">De retour d\u2019un voyage aux mille dangers, sur le front ukrainien, le pr\u00e9sident de l\u2019association Occitalien, bas\u00e9e \u00e0 Montauban (Tarn-et-Garonne), se lance dans une collecte insolite dans le d\u00e9partement le plus arboricole de France\u00a0: les filets usagers qui prot\u00e8gent les vergers de la gr\u00eale seront exp\u00e9di\u00e9s en Ukraine. L\u00e0-bas, c\u2019est contre les attaques incessantes de drones qu\u2019ils seront utilis\u00e9s.<\/p>\n<p class=\"std-elt__inline\">\n        <strong>\u00c0 lire aussi :<\/strong><br \/>\n        <a href=\"https:\/\/www.ladepeche.fr\/2025\/11\/06\/des-filets-paragrele-de-tarn-et-garonne-recycles-pour-proteger-lukraine-des-attaques-de-drones-russes-13037326.php\" rel=\"nofollow noopener\" target=\"_blank\">Des filets contre la gr\u00eale du Tarn-et-Garonne recycl\u00e9s pour prot\u00e9ger l\u2019Ukraine des attaques de drones russes<\/a>\n    <\/p>\n<p>17h21.Un soldat russe prend perp\u00e9tuit\u00e9 pour l&rsquo;ex\u00e9cution d&rsquo;un prisonnier de guerre ukrainien<\/p>\n<p class=\"live-post__amorce\">Kiev a condamn\u00e9 pour la premi\u00e8re fois un soldat russe \u00e0 la r\u00e9clusion \u00e0 perp\u00e9tuit\u00e9, pour avoir ex\u00e9cut\u00e9 un prisonnier de guerre ukrainien, ont annonc\u00e9 les services de s\u00e9curit\u00e9s ukrainiens (SBU).<\/p>\n<p class=\"live-post__amorce\">\u00ab\u00a0Il s&rsquo;agit du premier verdict dans l&rsquo;histoire de l&rsquo;Ukraine o\u00f9 un occupant a \u00e9t\u00e9 condamn\u00e9 \u00e0 une telle peine sp\u00e9cifiquement pour l&rsquo;ex\u00e9cution d&rsquo;un soldat des forces de d\u00e9fense\u00a0\u00bb, a d\u00e9clar\u00e9 le SBU dans un communiqu\u00e9.<\/p>\n<p>16h16.Quand les enfants vol\u00e9s reviennent endoctrin\u00e9s<\/p>\n<p class=\"live-post__amorce\">Depuis 2022, pr\u00e8s de 20 000 enfants ukrainiens ont \u00e9t\u00e9 d\u00e9port\u00e9s en Russie. Trois ans plus tard, la plupart y sont toujours, et ceux qui reviennent portent les traces d\u2019un profond endoctrinement \ud83d\udc47<\/p>\n<p class=\"std-elt__inline\">\n        <strong>\u00c0 lire aussi :<\/strong><br \/>\n        <a href=\"https:\/\/www.ladepeche.fr\/2025\/11\/06\/guerre-en-ukraine-il-ma-dit-que-sa-vie-etait-en-russie-quand-les-enfants-voles-reviennent-endoctrines-13036846.php\" rel=\"nofollow noopener\" target=\"_blank\">Guerre en Ukraine\u00a0: \u00ab\u00a0Il m\u2019a dit que sa vie \u00e9tait en Russie\u00a0\u00bb, quand les enfants vol\u00e9s reviennent endoctrin\u00e9s<\/a>\n    <\/p>\n<p>14h42.Plusieurs attaques russes de drones dans la nuit sur des \u00ab\u00a0infrastructures essentielles\u00a0\u00bb<\/p>\n<p class=\"live-post__amorce\">Huit personnes ont \u00e9t\u00e9 bless\u00e9es dans la r\u00e9gion de Dnipro en Ukraine dans des attaques russes de drones dans la nuit, a indiqu\u00e9 Volodymyr Zelensky sur les r\u00e9seaux sociaux.<\/p>\n<p class=\"live-post__amorce\">\u00ab\u00a0Des attaques ont \u00e9galement frapp\u00e9 les r\u00e9gions de Soumy, Kharkiv et Tcherniguiv. Les cibles sont nos infrastructures essentielles &#8211; tout ce qui soutient la vie quotidienne des civils\u00a0\u00bb, a-t-il d\u00e9nonc\u00e9, faisant \u00e9tat de 135 drones tir\u00e9s dans la nuit contre l&rsquo;Ukraine.<\/p>\n<p>11h40.Ce que l&rsquo;on sait des mercenaires sud-africains en d\u00e9tresse sur le front ?<\/p>\n<p class=\"live-post__amorce\">De jeunes ressortissants sud-africains engag\u00e9s dans la guerre en Ukraine sollicitent l\u2019aide de Pretoria pour les rapatrier. Les int\u00e9ress\u00e9s ont \u00e9t\u00e9 \u00ab\u00a0app\u00e2t\u00e9s par des contrats de travail lucratifs pour rejoindre les forces mercenaires impliqu\u00e9es dans la guerre entre l\u2019Ukraine et la Russie\u00a0\u00bb, \u00e9crit la pr\u00e9sidence.<\/p>\n<p class=\"std-elt__inline\">\n        <strong>\u00c0 lire aussi :<\/strong><br \/>\n        <a href=\"https:\/\/www.ladepeche.fr\/2025\/11\/06\/guerre-en-ukraine-des-mercenaires-sud-africains-appates-sur-le-front-appellent-leur-gouvernement-a-laide-13036960.php\" rel=\"nofollow noopener\" target=\"_blank\">Guerre en Ukraine\u00a0: des mercenaires sud-africains \u00ab\u00a0app\u00e2t\u00e9s\u00a0\u00bb sur le front appellent leur gouvernement \u00e0 l\u2019aide<\/a>\n    <\/p>\n<p>09h02.Poutine \u00e9voque une reprise possible des essais nucl\u00e9aires russes<\/p>\n<p class=\"live-post__amorce\">Le pr\u00e9sident russe Vladimir Poutine a d\u00e9clar\u00e9 qu\u2019il envisageait de reprendre les essais nucl\u00e9aires si les \u00c9tats-Unis faisaient de m\u00eame,  <strong>en r\u00e9ponse aux propos de Donald Trump<\/strong>  ordonnant au Pentagone de \u00ab\u00a0commencer \u00e0 tester\u00a0\u00bb les armes am\u00e9ricaines. Le Kremlin affirme vouloir maintenir la \u00ab\u00a0parit\u00e9 strat\u00e9gique\u00a0\u00bb avec Washington.<\/p>\n<p>08h45.R\u00e9union de crise en Belgique apr\u00e8s des survols de drones<\/p>\n<p class=\"live-post__amorce\">Le Premier ministre belge Bart De Wever r\u00e9unit ce matin un conseil national de s\u00e9curit\u00e9 apr\u00e8s de nouveaux survols de drones au-dessus des a\u00e9roports de Bruxelles et de Li\u00e8ge.  <strong>L\u2019espace a\u00e9rien belge a \u00e9t\u00e9 ferm\u00e9 \u00e0 deux reprises mardi soir<\/strong> . Environ 500 passagers ont pass\u00e9 la nuit \u00e0 Zaventem. Des survols ont aussi \u00e9t\u00e9 signal\u00e9s pr\u00e8s de bases militaires. Une enqu\u00eate est en cours.<\/p>\n<p>08h23.Des mercenaires sud-africains en d\u00e9tresse<\/p>\n<p class=\"live-post__amorce\">Le gouvernement sud-africain a annonc\u00e9 enqu\u00eater sur  <strong>le recrutement de 17 de ses citoyens<\/strong> , \u00e2g\u00e9s de 20 \u00e0 39 ans, qui seraient engag\u00e9s comme mercenaires par la Russie dans la r\u00e9gion du Donbass.<\/p>\n<p>07h57.Moscou affirme progresser dans Pokrovsk, Kiev d\u00e9ment<\/p>\n<p class=\"live-post__amorce\">Dans l\u2019est de l\u2019Ukraine, \u00e0 Pokrovsk, la bataille se poursuit pour le contr\u00f4le de cette ville-n\u0153ud. La Russie affirme que ses forces ont progress\u00e9 vers le nord de la ville et  <strong>encerclent des unit\u00e9s ukrainiennes<\/strong>  dans certains quartiers. L\u2019arm\u00e9e ukrainienne, pour sa part, conteste l\u2019encerclement et assure tenir ses positions tout en renfor\u00e7ant ses d\u00e9fenses. Selon DeepState,  <strong>la zone reste \u00ab\u00a0grise\u00a0\u00bb<\/strong> , c\u2019est-\u00e0-dire ni totalement sous contr\u00f4le russe, ni enti\u00e8rement s\u00e9curis\u00e9e par Kiev. Le sort de Pokrovsk pourrait influencer le reste de l\u2019offensive russe dans le Donbass.<\/p>\n<p>07h11.Une attaque \u00e0 Volgograd en Russie fait un mort<\/p>\n<p class=\"live-post__amorce\">Les autorit\u00e9s russes ont confirm\u00e9 t\u00f4t ce matin qu\u2019une attaque par drones ukrainiens a frapp\u00e9 la r\u00e9gion de Volgograd durant la nuit. Le gouverneur Andre\u00ef Botcharov a annonc\u00e9 qu\u2019 <strong>un civil de 48 ans est mort<\/strong>  et qu\u2019un incendie s\u2019est d\u00e9clar\u00e9 dans une zone industrielle. Selon Moscou, plus de 49 drones ont \u00e9t\u00e9 abattus dans cette r\u00e9gion. Du c\u00f4t\u00e9 ukrainien, aucun commentaire officiel n\u2019a \u00e9t\u00e9 publi\u00e9 pour l\u2019instant. L&rsquo;attaque ciblait une raffinerie de Lukoil.<\/p>\n<p>07h03.<\/p>\n<p>Bonjour \u00e0 tous et bienvenue dans ce direct<\/p>\n","protected":false},"excerpt":{"rendered":"Les combats se poursuivent \u00e0 l\u2019est de l\u2019Ukraine, notamment dans la ville strat\u00e9gique de Pokrovsk (oblast de Donetsk),&hellip;\n","protected":false},"author":2,"featured_media":516731,"comment_status":"","ping_status":"","sticky":false,"template":"","format":"standard","meta":{"footnotes":""},"categories":[1591],"tags":[11,1887,12,1885,1886,132],"class_list":{"0":"post-516730","1":"post","2":"type-post","3":"status-publish","4":"format-standard","5":"has-post-thumbnail","7":"category-russie","8":"tag-actualites","9":"tag-federation-de-russie","10":"tag-news","11":"tag-russia","12":"tag-russian-federation","13":"tag-russie"},"share_on_mastodon":{"url":"https:\/\/pubeurope.com\/@fr\/115504742701419919","error":""},"_links":{"self":[{"href":"https:\/\/www.europesays.com\/fr\/wp-json\/wp\/v2\/posts\/516730","targetHints":{"allow":["GET"]}}],"collection":[{"href":"https:\/\/www.europesays.com\/fr\/wp-json\/wp\/v2\/posts"}],"about":[{"href":"https:\/\/www.europesays.com\/fr\/wp-json\/wp\/v2\/types\/post"}],"author":[{"embeddable":true,"href":"https:\/\/www.europesays.com\/fr\/wp-json\/wp\/v2\/users\/2"}],"replies":[{"embeddable":true,"href":"https:\/\/www.europesays.com\/fr\/wp-json\/wp\/v2\/comments?post=516730"}],"version-history":[{"count":0,"href":"https:\/\/www.europesays.com\/fr\/wp-json\/wp\/v2\/posts\/516730\/revisions"}],"wp:featuredmedia":[{"embeddable":true,"href":"https:\/\/www.europesays.com\/fr\/wp-json\/wp\/v2\/media\/516731"}],"wp:attachment":[{"href":"https:\/\/www.europesays.com\/fr\/wp-json\/wp\/v2\/media?parent=516730"}],"wp:term":[{"taxonomy":"category","embeddable":true,"href":"https:\/\/www.europesays.com\/fr\/wp-json\/wp\/v2\/categories?post=516730"},{"taxonomy":"post_tag","embeddable":true,"href":"https:\/\/www.europesays.com\/fr\/wp-json\/wp\/v2\/tags?post=516730"}],"curies":[{"name":"wp","href":"https:\/\/api.w.org\/{rel}","templated":true}]}}