{"id":516737,"date":"2025-11-06T20:57:15","date_gmt":"2025-11-06T20:57:15","guid":{"rendered":"https:\/\/www.europesays.com\/fr\/516737\/"},"modified":"2025-11-06T20:57:15","modified_gmt":"2025-11-06T20:57:15","slug":"un-tres-sale-coup-venu-dallemagne-pour-le-psg","status":"publish","type":"post","link":"https:\/\/www.europesays.com\/fr\/516737\/","title":{"rendered":"Un tr\u00e8s sale coup venu d&rsquo;Allemagne pour le PSG"},"content":{"rendered":"<p><b>Le PSG est en grand danger pour l&rsquo;une de ses p\u00e9pites les plus prometteuses, et attaqu\u00e9e par Francfort apr\u00e8s des matchs remarqu\u00e9s en Youth League.\u00a0<\/b><\/p>\n<p>Enorme espoir offensif du <a href=\"https:\/\/www.foot01.com\/paris\" target=\"_self\" rel=\"noopener\">Paris SG<\/a>, Mathis Jang\u00e9al se r\u00e9gale pour le moment en Youth League. M\u00eame s\u2019il a manqu\u00e9 deux p\u00e9naltys cette semaine contre le Bayern Munich, le joueur de 17 ans compte d\u00e9j\u00e0 deux buts dans cette comp\u00e9tition qui fait saliver forc\u00e9ment les plus grands clubs europ\u00e9ens. Avec aussi 10 minutes de Ligue 1 dans les jambes et une apparition dans le groupe parisien \u00e0 Barcelone, le natif de Longjumeau marque les esprits. Il a \u00e9t\u00e9 r\u00e9compens\u00e9 en 2024 avec la signature de son premier contrat professionnel, qui l\u2019emm\u00e8ne avec le PSG jusqu\u2019en 2026.\u00a0<\/p>\n<p>Pour ce milieu offensif capable aussi de jouer en pointe avec sa puissance physique, le Paris SG est persuad\u00e9 de pouvoir prochainement compter sur lui dans les matchs de haut niveau. Mais la menace rode. Florian Plettenberg, journaliste pour Sky Deutschland, l\u00e2che une petite bombe ce jeudi soir en annon\u00e7ant que l&rsquo;Eintracht Francfort est pr\u00eat \u00e0 faire une grosse offre pour r\u00e9cup\u00e9rer Mathis Jang\u00e9al.\u00a0<\/p>\n<p>Ce n\u2019est pas la premi\u00e8re fois que des clubs lorgnent sur des grands espoirs fran\u00e7ais, m\u00eame si le PSG esp\u00e8re bien que la donne a chang\u00e9 ces derni\u00e8res ann\u00e9es. En effet, le club de la capitale n\u2019h\u00e9site pas \u00e0 faire confiance aux jeunes issus de son centre de formation, et l\u2019id\u00e9e est de montrer au joueur d\u2019origine martiniquaise qu\u2019il y a de la place pour lui \u00e0 l\u2019avenir. Peut-\u00eatre est-ce aussi une des raisons pour lesquelles le champion d\u2019Europe ne recrute pas de trop au mercato \u00e0 chaque fen\u00eatre des transferts.\u00a0<\/p>\n<p>En tout cas, cela ne freine pas l&rsquo;Eintracht Francfort, qui a d\u00e9but\u00e9 des discussions avec les repr\u00e9sentants du joueur de 17 ans en vue d\u2019une arriv\u00e9e prochaine. Mais le fait que Jang\u00e9al soit en fin de contrat \u00e0 l\u2019issue de la saison en cours change forc\u00e9ment la donn\u00e9 pour le PSG, qui va d\u00e9sormais voir la pression monter dans ce dossier.\u00a0<\/p>\n","protected":false},"excerpt":{"rendered":"Le PSG est en grand danger pour l&rsquo;une de ses p\u00e9pites les plus prometteuses, et attaqu\u00e9e par Francfort&hellip;\n","protected":false},"author":2,"featured_media":516738,"comment_status":"","ping_status":"","sticky":false,"template":"","format":"standard","meta":{"footnotes":""},"categories":[1587],"tags":[11,672,1804,1805,1803,1777,674,1801,12,1802],"class_list":{"0":"post-516737","1":"post","2":"type-post","3":"status-publish","4":"format-standard","5":"has-post-thumbnail","7":"category-allemagne","8":"tag-actualites","9":"tag-allemagne","10":"tag-bundesrepublik-deutschland","11":"tag-de","12":"tag-deutschland","13":"tag-eu","14":"tag-europe","15":"tag-germany","16":"tag-news","17":"tag-republique-federale-dallemagne"},"share_on_mastodon":{"url":"https:\/\/pubeurope.com\/@fr\/115504758442425173","error":""},"_links":{"self":[{"href":"https:\/\/www.europesays.com\/fr\/wp-json\/wp\/v2\/posts\/516737","targetHints":{"allow":["GET"]}}],"collection":[{"href":"https:\/\/www.europesays.com\/fr\/wp-json\/wp\/v2\/posts"}],"about":[{"href":"https:\/\/www.europesays.com\/fr\/wp-json\/wp\/v2\/types\/post"}],"author":[{"embeddable":true,"href":"https:\/\/www.europesays.com\/fr\/wp-json\/wp\/v2\/users\/2"}],"replies":[{"embeddable":true,"href":"https:\/\/www.europesays.com\/fr\/wp-json\/wp\/v2\/comments?post=516737"}],"version-history":[{"count":0,"href":"https:\/\/www.europesays.com\/fr\/wp-json\/wp\/v2\/posts\/516737\/revisions"}],"wp:featuredmedia":[{"embeddable":true,"href":"https:\/\/www.europesays.com\/fr\/wp-json\/wp\/v2\/media\/516738"}],"wp:attachment":[{"href":"https:\/\/www.europesays.com\/fr\/wp-json\/wp\/v2\/media?parent=516737"}],"wp:term":[{"taxonomy":"category","embeddable":true,"href":"https:\/\/www.europesays.com\/fr\/wp-json\/wp\/v2\/categories?post=516737"},{"taxonomy":"post_tag","embeddable":true,"href":"https:\/\/www.europesays.com\/fr\/wp-json\/wp\/v2\/tags?post=516737"}],"curies":[{"name":"wp","href":"https:\/\/api.w.org\/{rel}","templated":true}]}}