{"id":516749,"date":"2025-11-06T21:05:21","date_gmt":"2025-11-06T21:05:21","guid":{"rendered":"https:\/\/www.europesays.com\/fr\/516749\/"},"modified":"2025-11-06T21:05:21","modified_gmt":"2025-11-06T21:05:21","slug":"pro-d2-brive-mont-de-marsan-composition-du-stade-montois","status":"publish","type":"post","link":"https:\/\/www.europesays.com\/fr\/516749\/","title":{"rendered":"Pro D2 Brive &#8211; Mont de Marsan : Composition du Stade Montois"},"content":{"rendered":"<p>Mont de Marsan va tenter sa chance du c\u00f4t\u00e9 de Brive<\/p>\n<p>Publi\u00e9 le jeudi  6 novembre 2025 \u00e0 18:15<\/p>\n<p><img loading=\"lazy\" decoding=\"async\" src=\"https:\/\/www.europesays.com\/fr\/wp-content\/uploads\/2025\/11\/690b9b6475080.jpg\" alt=\"\" width=\"1280\" height=\"720\"\/><\/p>\n<p><strong>Mont de Marsan est \u00e0 la recherche de son pass\u00e9 r\u00e9cent. C&rsquo;est plus compliqu\u00e9 depuis quelques saisons et les montois luttent bien loin de la phase finale. Le d\u00e9but de saison n&rsquo;a pas \u00e9t\u00e9 bon mais l&rsquo;\u00e9quipe esp\u00e8re s&rsquo;appuyer sur sa victoire face \u00e0 Nevers pour tenter de faire un coup \u00e0 Brive.<br \/><\/strong><\/p>\n<p>Apr\u00e8s avoir manqu\u00e9 de peu la phase finale en 2024, Mont de Marsan a v\u00e9cu une saison plus que gal\u00e8re la saison derni\u00e8re. De lutter pour la phase finale, il a fallu lutter pour le maintien et ce n&rsquo;est pas le m\u00eame type de pression. Avec plus de bas que de hauts, l&rsquo;\u00e9quipe est parvenu \u00e0 sauver sa place en Pro D2 dans les derni\u00e8res journ\u00e9es. A l&rsquo;intersaison, le mot d&rsquo;ordre \u00e9tait de ne plus revivre une telle saison. <strong>Mais le d\u00e9but de cette saison n&rsquo;est gu\u00e8re encourageant avec d\u00e9j\u00e0 deux d\u00e9faites \u00e0 domicile conc\u00e9d\u00e9es en cinq matchs<\/strong> (Colomiers et Carcassonne). Mais les montois ont du caract\u00e8re comme le montrent les victoires face \u00e0 Grenoble et surtout face \u00e0 Nevers lors d&rsquo;un festival offensif. Maintenant, <strong>il faut r\u00e9gler les probl\u00e8mes \u00e0 l&rsquo;ext\u00e9rieur<\/strong> et quand vous devez vous d\u00e9placer chez une \u00e9quipe en plein doute, deux sentiments se partagent : le sentiment de faire un coup et le sentiment d&rsquo;assister au r\u00e9veil de la b\u00eate bless\u00e9e. Il y a un match \u00e0 jouer et Mont de Marsan va bien voir quel sentiment sera le bon \u00e0 l&rsquo;issue de la rencontre.<\/p>\n<blockquote class=\"twitter-tweet\">\n<p dir=\"ltr\" lang=\"fr\">\ud83c\udf99 La \ud835\udc6b\ud835\udc86\u0301\ud835\udc84\ud835\udc8d\ud835\udc82&rsquo; d&rsquo;avant match pour ce d\u00e9placement \u00e0 Brive<br \/>\ud83d\udc49 La vid\u00e9o compl\u00e8te de la d\u00e9cla <a href=\"https:\/\/t.co\/o0FaTa5BeV\" rel=\"nofollow\">https:\/\/t.co\/o0FaTa5BeV<\/a><br \/>Retrouvez Christophe LOUSTALOT et Cl\u00e9ment BRISCADIEU avant le d\u00e9placement de demain soir face au <a href=\"https:\/\/twitter.com\/CABCLRUGBY?ref_src=twsrc%5Etfw\" rel=\"nofollow noopener\" target=\"_blank\">@CABCLRUGBY<\/a> !<a href=\"https:\/\/twitter.com\/hashtag\/enSMble?src=hash&amp;ref_src=twsrc%5Etfw\" rel=\"nofollow noopener\" target=\"_blank\">#enSMble<\/a> <a href=\"https:\/\/twitter.com\/hashtag\/proD2?src=hash&amp;ref_src=twsrc%5Etfw\" rel=\"nofollow noopener\" target=\"_blank\">#proD2<\/a> <a href=\"https:\/\/t.co\/T9mg9yz4K1\" rel=\"nofollow\">pic.twitter.com\/T9mg9yz4K1<\/a><\/p>\n<p>\u2014 Stade Montois Rugby (@SMR_Rugby) <a href=\"https:\/\/twitter.com\/SMR_Rugby\/status\/1986497559733674125?ref_src=twsrc%5Etfw\" rel=\"nofollow noopener\" target=\"_blank\">November 6, 2025<\/a><\/p><\/blockquote>\n<p>\u00a0<\/p>\n<p><strong>Pour ce d\u00e9placement, Mont de Marsan est priv\u00e9 de Soucouna (\u00e9paule), Osman-Bosch (rachis), Garrault (genou), Maka (genou), Robbe (\u00e9paule), Darquier (cheville), Dufour (rachis), Sayerse (\u00e9paule), Dawai (genou), Eames (jambe), Van Jaarsveld (s\u00e9lection Namibie), Gajion (s\u00e9lection Roumanie), Chachanidze (s\u00e9lection G\u00e9orgie), Alves (s\u00e9lection Portugal), Begic (s\u00e9lection Portugal), Bento (s\u00e9lection Portugal).<br \/><\/strong><\/p>\n<p><strong>\u00a0<\/strong><\/p>\n<p><strong>Voici le XV de d\u00e9part de Mont de Marsan pour le d\u00e9placement \u00e0 Brive :<\/strong><\/p>\n<p><img loading=\"lazy\" decoding=\"async\" src=\"https:\/\/www.europesays.com\/fr\/wp-content\/uploads\/2025\/11\/690cd82241a09.jpg\" alt=\"\" width=\"800\" height=\"1000\"\/>\u00a0<\/p>\n<p style=\"text-align: right;\">\u00a0Image : SMR<\/p>\n<p>\u00a0<\/p>\n<p>                <script async src=\"https:\/\/platform.twitter.com\/widgets.js\" charset=\"utf-8\"><\/script><\/p>\n","protected":false},"excerpt":{"rendered":"Mont de Marsan va tenter sa chance du c\u00f4t\u00e9 de Brive Publi\u00e9 le jeudi 6 novembre 2025 \u00e0&hellip;\n","protected":false},"author":2,"featured_media":516750,"comment_status":"","ping_status":"","sticky":false,"template":"","format":"standard","meta":{"footnotes":""},"categories":[1416],"tags":[1011,27,479,1468,60],"class_list":{"0":"post-516749","1":"post","2":"type-post","3":"status-publish","4":"format-standard","5":"has-post-thumbnail","7":"category-rugby","8":"tag-fr","9":"tag-france","10":"tag-rugby","11":"tag-rugby-football","12":"tag-sports"},"share_on_mastodon":{"url":"https:\/\/pubeurope.com\/@fr\/115504790589465174","error":""},"_links":{"self":[{"href":"https:\/\/www.europesays.com\/fr\/wp-json\/wp\/v2\/posts\/516749","targetHints":{"allow":["GET"]}}],"collection":[{"href":"https:\/\/www.europesays.com\/fr\/wp-json\/wp\/v2\/posts"}],"about":[{"href":"https:\/\/www.europesays.com\/fr\/wp-json\/wp\/v2\/types\/post"}],"author":[{"embeddable":true,"href":"https:\/\/www.europesays.com\/fr\/wp-json\/wp\/v2\/users\/2"}],"replies":[{"embeddable":true,"href":"https:\/\/www.europesays.com\/fr\/wp-json\/wp\/v2\/comments?post=516749"}],"version-history":[{"count":0,"href":"https:\/\/www.europesays.com\/fr\/wp-json\/wp\/v2\/posts\/516749\/revisions"}],"wp:featuredmedia":[{"embeddable":true,"href":"https:\/\/www.europesays.com\/fr\/wp-json\/wp\/v2\/media\/516750"}],"wp:attachment":[{"href":"https:\/\/www.europesays.com\/fr\/wp-json\/wp\/v2\/media?parent=516749"}],"wp:term":[{"taxonomy":"category","embeddable":true,"href":"https:\/\/www.europesays.com\/fr\/wp-json\/wp\/v2\/categories?post=516749"},{"taxonomy":"post_tag","embeddable":true,"href":"https:\/\/www.europesays.com\/fr\/wp-json\/wp\/v2\/tags?post=516749"}],"curies":[{"name":"wp","href":"https:\/\/api.w.org\/{rel}","templated":true}]}}