{"id":516759,"date":"2025-11-06T21:13:13","date_gmt":"2025-11-06T21:13:13","guid":{"rendered":"https:\/\/www.europesays.com\/fr\/516759\/"},"modified":"2025-11-06T21:13:13","modified_gmt":"2025-11-06T21:13:13","slug":"le-faux-gauguin-de-bale-est-vrai-fin-de-lhistoire","status":"publish","type":"post","link":"https:\/\/www.europesays.com\/fr\/516759\/","title":{"rendered":"Le \u00ab\u00a0faux\u00a0\u00bb Gauguin de B\u00e2le est vrai\u00a0:\u00a0fin de l\u2019histoire\u00a0?"},"content":{"rendered":"<p>\n    <strong>VU D\u2019AILLEURS<\/strong> &#8211; Il n\u2019y a plus de doute pour le Kunstmuseum qui livre les preuves de son authenticit\u00e9. Mais l\u2019affaire n\u2019est pas close pour celui qui l\u2019avait contest\u00e9e.<\/p>\n<p class=\"fig-paragraph\">Par Florence Millioud (Tribune de Gen\u00e8ve)<\/p>\n<p class=\"fig-paragraph\">Vacille, vacille pas\u2026 apr\u00e8s neuf mois \u00e0 d\u00e9m\u00ealer les \u00e9vidences et les zones d\u2019ombre de L\u2019autoportrait aux lunettes de\u00a0<a href=\"http:\/\/www.lefigaro.fr\/arts-expositions\/van-gogh-gauguin-riviere-le-paris-canaille-de-la-belle-epoque-a-redecouvrir-a-evian-20250820\" data-fig-type=\"Article\" data-gtm-custom-categorie=\"navigation\" data-gtm-custom-action=\"crossclick\" data-gtm-custom-label=\"Contextuel\" data-gtm-event=\"customEventSPE\" data-fig-domain=\"LEFIGARO\" target=\"_blank\" rel=\"noopener\">Paul Gauguin<\/a>, la toile est de retour sur son clou au<a href=\"http:\/\/www.lefigaro.fr\/arts-expositions\/tous-les-fantomes-de-l-art-ont-rendez-vous-au-kunstmuseum-de-bale-20251105\" data-fig-type=\"Article\" data-gtm-custom-categorie=\"navigation\" data-gtm-custom-action=\"crossclick\" data-gtm-custom-label=\"Contextuel\" data-gtm-event=\"customEventSPE\" data-fig-domain=\"LEFIGARO\" target=\"_blank\" rel=\"noopener\">\u00a0Kunstmuseum de B\u00e2le<\/a>. Secou\u00e9e par une trajectoire complexe \u2013 et m\u00eame digne de l\u2019intrigue d\u2019un roman policier \u2013 mais \u00abauthentique\u00bb pour l\u2019institution qui l\u2019expose depuis huitante ans. Donc fin de l\u2019histoire!<\/p>\n<p class=\"fig-paragraph\">Sauf pour Fabrice Fourmanoir, le sp\u00e9cialiste par qui le doute est arriv\u00e9 plus t\u00f4t cette ann\u00e9e et qui se d\u00e9finit \u00e0 la fois en \u00abamoureux\u00bb de\u00a0Gauguin\u00a0assurant les avoir tous vus et en \u00abchallenger\u00bb. D\u00e9tective de l\u2019art? Il n\u2019aime pas trop le sens du mot. Mais quand on lui demande ses motivations \u00e0 tracer depuis des ann\u00e9es les faux du peintre \u2013 en 2020, le\u00a0<a href=\"https:\/\/www.lefigaro.fr\/arts-expositions\/le-getty-museum-perd-un-gauguin-20200127\" data-fig-type=\"Article\" data-gtm-custom-categorie=\"navigation\" data-gtm-custom-action=\"crossclick\" data-gtm-custom-label=\"Contextuel\" data-gtm-event=\"customEventSPE\" data-fig-domain=\"LEFIGARO\" target=\"_blank\" rel=\"noopener\">Getty Museum<\/a>\u00a0de Los Angeles d\u00e9sattribuait une sculpture apr\u00e8s son signalement et une enqu\u00eate \u00e0 l\u2019interne \u2013 le Fran\u00e7ais avance \u00e0 d\u00e9couvert.<\/p>\n<p class=\"fig-paragraph\">\u00abJe ne vais pas vous raconter ma vie, mais \u00e0 68\u00a0ans, si je ne peux plus faire d\u2019exploits sportifs\u2026<\/p>\n<p class=\"fig-premium-paywall__infos\">\n        Cet article est r\u00e9serv\u00e9 aux abonn\u00e9s.        Il vous reste 87% \u00e0 d\u00e9couvrir.\n    <\/p>\n<p>                <img  data- alt=\"Le Figaro\" class=\"fig-img--complete fig-img\"\/><\/p>\n<p class=\"fig-premium-paywall__title\">Vous avez envie de lire la suite ?<\/p>\n<p class=\"fig-premium-paywall__subtitle\">D\u00e9bloquez tous les articles imm\u00e9diatement.<\/p>\n<p class=\"fig-premium-paywall__connect\">\n                D\u00e9j\u00e0 abonn\u00e9\u00a0?                <a class=\"fig-premium-paywall__connect-link\" href=\"https:\/\/connect.lefigaro.fr\/login?client=horizon_web&amp;type=main&amp;redirect_uri=https%3A%2F%2Fwww.lefigaro.fr%2Farts-expositions%2Fle-faux-gauguin-de-bale-est-vrai-fin-de-l-histoire-20251106\" data-js-gtm=\"{&quot;customCategorie&quot;: &quot;conversion&quot;, &quot;customAction&quot;: &quot;before_Landing_Connexion_paywall_auto&quot;, &quot;customLabel&quot;: &quot;bGVmaWdhcm8uZnJfXzFmMGJiMDdkLTkyYWMtNjRmMC04NjhlLWZkODdiNmYxYTE3Y19fQXJ0aWNsZQ==_Le \u00ab\u00a0faux\u00a0\u00bb Gauguin de B\u00e2le est vrai\u00a0:\u00a0fin de l\u2019histoire\u00a0?_93&quot;, &quot;customIDSPE&quot;: &quot;bGVmaWdhcm8uZnJfXzFmMGJiMDdkLTkyYWMtNjRmMC04NjhlLWZkODdiNmYxYTE3Y19fQXJ0aWNsZQ==&quot;, &quot;event&quot;: &quot;customEventSPE&quot;}\" target=\"_blank\" rel=\"noopener\"><br \/>\n                    Connectez-vous<br \/>\n                <\/a>\n            <\/p>\n","protected":false},"excerpt":{"rendered":"VU D\u2019AILLEURS &#8211; Il n\u2019y a plus de doute pour le Kunstmuseum qui livre les preuves de son&hellip;\n","protected":false},"author":2,"featured_media":516760,"comment_status":"","ping_status":"","sticky":false,"template":"","format":"standard","meta":{"footnotes":""},"categories":[1358],"tags":[1348,1384,1385,7447,1386,58,59,1011,27,20729,3067],"class_list":{"0":"post-516759","1":"post","2":"type-post","3":"status-publish","4":"format-standard","5":"has-post-thumbnail","7":"category-arts-et-design","8":"tag-arts","9":"tag-arts-and-design","10":"tag-arts-et-design","11":"tag-bale","12":"tag-design","13":"tag-divertissement","14":"tag-entertainment","15":"tag-fr","16":"tag-france","17":"tag-paul-gauguin","18":"tag-suisse"},"share_on_mastodon":{"url":"https:\/\/pubeurope.com\/@fr\/115504821216313160","error":""},"_links":{"self":[{"href":"https:\/\/www.europesays.com\/fr\/wp-json\/wp\/v2\/posts\/516759","targetHints":{"allow":["GET"]}}],"collection":[{"href":"https:\/\/www.europesays.com\/fr\/wp-json\/wp\/v2\/posts"}],"about":[{"href":"https:\/\/www.europesays.com\/fr\/wp-json\/wp\/v2\/types\/post"}],"author":[{"embeddable":true,"href":"https:\/\/www.europesays.com\/fr\/wp-json\/wp\/v2\/users\/2"}],"replies":[{"embeddable":true,"href":"https:\/\/www.europesays.com\/fr\/wp-json\/wp\/v2\/comments?post=516759"}],"version-history":[{"count":0,"href":"https:\/\/www.europesays.com\/fr\/wp-json\/wp\/v2\/posts\/516759\/revisions"}],"wp:featuredmedia":[{"embeddable":true,"href":"https:\/\/www.europesays.com\/fr\/wp-json\/wp\/v2\/media\/516760"}],"wp:attachment":[{"href":"https:\/\/www.europesays.com\/fr\/wp-json\/wp\/v2\/media?parent=516759"}],"wp:term":[{"taxonomy":"category","embeddable":true,"href":"https:\/\/www.europesays.com\/fr\/wp-json\/wp\/v2\/categories?post=516759"},{"taxonomy":"post_tag","embeddable":true,"href":"https:\/\/www.europesays.com\/fr\/wp-json\/wp\/v2\/tags?post=516759"}],"curies":[{"name":"wp","href":"https:\/\/api.w.org\/{rel}","templated":true}]}}