{"id":516762,"date":"2025-11-06T21:16:21","date_gmt":"2025-11-06T21:16:21","guid":{"rendered":"https:\/\/www.europesays.com\/fr\/516762\/"},"modified":"2025-11-06T21:16:21","modified_gmt":"2025-11-06T21:16:21","slug":"charles-aznavour-chez-camille-combal-kim-kardashian-revele-en-etre-totalement-fan","status":"publish","type":"post","link":"https:\/\/www.europesays.com\/fr\/516762\/","title":{"rendered":"Charles Aznavour : chez Camille Combal, Kim Kardashian r\u00e9v\u00e8le en \u00eatre totalement fan"},"content":{"rendered":"<p>Charles Aznavour, dont <a href=\"https:\/\/www.public.fr\/charles-aznavour-sept-ans-apres-sa-mort-sa-soeur-le-rejoint\" target=\"_blank\" rel=\"noopener\">la s\u0153ur a perdu la vie<\/a> il y a seulement quelques jours, comptait des millions de fans et l\u2019amour pour sa musique traversait les oc\u00e9ans. La preuve, avec la r\u00e9v\u00e9lation de <a href=\"https:\/\/www.public.fr\/tag\/kim-kardashian\" target=\"_blank\" rel=\"noopener\">Kim Kardashian<\/a> ce mercredi 5 novembre 2025 <a href=\"https:\/\/www.public.fr\/camille-combal-soffre-kim-kardashian-en-interview-premier-animateur-francais-a-se-preter-a-lexercice\" target=\"_blank\" rel=\"noopener\">chez Camille Combal sur NRJ<\/a>. L\u2019ancienne compagne de <a href=\"https:\/\/www.public.fr\/tag\/kanye-west\" target=\"_blank\" rel=\"noopener\">Kanye West<\/a> a confi\u00e9 \u00e0 l\u2019animateur que le chanteur d\u00e9c\u00e9d\u00e9 le 1er octobre 2018 \u00e9tait <strong>l\u2019artiste fran\u00e7ais dont elle \u00e9tait le plus fan.<\/strong><\/p>\n<p>Outre cet amour pour l\u2019interpr\u00e8te de <strong>La Boh\u00e8me<\/strong>, \u00ab\u00a0Kim K\u00a0\u00bb a \u00e9galement profit\u00e9 de son passage sur NRJ pour \u00e9voquer sa carri\u00e8re en tant qu\u2019influenceuse, mais aussi en tant qu\u2019avocate. Si elle ne peut pas encore d\u00e9fendre de clients, la fille de Kris Jenner \u00e9tudie le droit depuis 2018 et a pass\u00e9 l\u2019examen du barreau. De fait, elle pourra bient\u00f4t exercer.\u00a0<\/p>\n<p>Kim Kardashian, pr\u00eate \u00e0 d\u00e9fendre Camille Combal en tant qu&rsquo;avocate<\/p>\n<p>L\u2019occasion pour <a href=\"https:\/\/vsd.fr\/tag\/camille-combal\/\" target=\"_blank\" rel=\"noopener\">Camille Combal<\/a> de rebondir sur cette information lorsqu\u2019il a re\u00e7u Kim Kardashian. \u00ab\u00a0Comme tu l&rsquo;as dit au tout d\u00e9but maintenant, tu es officiellement avocate\u00a0\u00bb, a-t-il lanc\u00e9 avant de demander : \u00ab\u00a0Tu as eu ton dipl\u00f4me d&rsquo;avocat ?\u00a0\u00bb.\u00a0Niecy Nash, sa partenaire dans la s\u00e9rie <strong>All\u2019s Fair<\/strong>, disponible depuis le 4 novembre sur Disney+, pr\u00e9cise alors :\u00a0\u00ab\u00a0Elle a pass\u00e9 le barreau et elle le pourra dans pas longtemps.\u00a0\u00bb\u00a0<\/p>\n<p>\u00ab\u00a0Niecy dit toujours : &lsquo;tu es une avocate et tu joues le r\u00f4le d&rsquo;une avocate \u00e0 la t\u00e9l\u00e9'\u00a0\u00bb, s\u2019amuse alors l\u2019influenceuse. \u00c0 quoi\u00a0Camille Combal r\u00e9pond avec humour :\u00a0\u00ab\u00a0Je peux l&rsquo;appeler alors si j&rsquo;ai une gal\u00e8re ?\u00a0\u00bb.\u00a0\u00ab\u00a0Oui mais moi perso, je miserai sur Niecy si tu as un petit souci\u00a0\u00bb, r\u00e9torque alors la principale int\u00e9ress\u00e9e, avec autant d\u2019humour que <a href=\"https:\/\/www.public.fr\/tag\/camille-combal\" target=\"_blank\" rel=\"noopener\">l\u2019animateur.<\/a>\u00a0<\/p>\n<p>Apr\u00e8s avoir \u00e9voqu\u00e9 cette carri\u00e8re \u00e0 venir en tant qu\u2019avocate, et l\u2019\u00e9ventuelle d\u00e9fense dont pourrait b\u00e9n\u00e9ficier Camille Combal en cas de probl\u00e8mes avec la justice, Kim Kardashian a \u00e9t\u00e9 interrog\u00e9e sur son amour sur la France. Ou plut\u00f4t, sur son chanteur fran\u00e7ais pr\u00e9f\u00e9r\u00e9.<\/p>\n<p>Elle avoue sa passion pour Charles Aznavour <\/p>\n<p>\u00ab\u00a0Est-ce qu\u2019elles connaissent une chanson ? Est-ce qu\u2019elles ont une chanson qu\u2019elles appr\u00e9cient, l\u2019une et l\u2019autre, de fran\u00e7aise ?\u00a0\u00bb, demande en effet l\u2019animateur de <strong>Danse avec les stars, Une famille en or<\/strong>, ou encore <strong>Mask Singer<\/strong> sur TF1. <strong>\u00ab\u00a0Charles Aznavour a toujours \u00e9t\u00e9 mon chanteur pr\u00e9f\u00e9r\u00e9\u00a0\u00bb<\/strong>, r\u00e9pond alors \u00ab\u00a0Kim K\u00a0\u00bb en toute franchise, sans h\u00e9siter une seule seconde.\u00a0<\/p>\n<p>Une r\u00e9ponse permettant aux \u00e9quipes de Camille Combal de s\u2019amuser de la situation. \u00ab\u00a0Kim, on a l&rsquo;imitateur officiel de Charles Aznavour dans l\u2019\u00e9mission\u00a0\u00bb, s\u2019amuse une nouvelle fois l\u2019animateur avant de poursuivre : \u00ab\u00a0il peut faire juste une petite boh\u00e8me\u00a0\u00bb. <\/p>\n<p>L\u2019occasion pour l\u2019un des chroniqueurs du podcast de se lancer dans une imitation, plut\u00f4t r\u00e9ussie, de la Boh\u00e8me. \u00ab\u00a0Elle me fait plaisir la Kim ! Kim elle est pour toi celle l\u00e0\u00a0\u00bb, a l\u00e2ch\u00e9 \u00ab\u00a0l\u2019imitateur officiel de Charles Aznavour\u00a0\u00bb apr\u00e8s son interpr\u00e9tation ayant beaucoup amus\u00e9 Kim Kardashian.\u00a0<\/p>\n<p>\n          Hits &amp; People en continu\n        <\/p>\n<p>\n          Public Radio\n        <\/p>\n<p>      Mentionn\u00e9s dans cet article<\/p>\n<p>      Sur le m\u00eame sujet<\/p>\n","protected":false},"excerpt":{"rendered":"Charles Aznavour, dont la s\u0153ur a perdu la vie il y a seulement quelques jours, comptait des millions&hellip;\n","protected":false},"author":2,"featured_media":516763,"comment_status":"","ping_status":"","sticky":false,"template":"","format":"standard","meta":{"footnotes":""},"categories":[1355],"tags":[193,11775,58,59,1011,27,8932,1361,873,9104],"class_list":{"0":"post-516762","1":"post","2":"type-post","3":"status-publish","4":"format-standard","5":"has-post-thumbnail","7":"category-musique","8":"tag-camille-combal","9":"tag-charles-aznavour","10":"tag-divertissement","11":"tag-entertainment","12":"tag-fr","13":"tag-france","14":"tag-kim-kardashian","15":"tag-music","16":"tag-musique","17":"tag-nrj"},"share_on_mastodon":{"url":"https:\/\/pubeurope.com\/@fr\/115504833153822960","error":""},"_links":{"self":[{"href":"https:\/\/www.europesays.com\/fr\/wp-json\/wp\/v2\/posts\/516762","targetHints":{"allow":["GET"]}}],"collection":[{"href":"https:\/\/www.europesays.com\/fr\/wp-json\/wp\/v2\/posts"}],"about":[{"href":"https:\/\/www.europesays.com\/fr\/wp-json\/wp\/v2\/types\/post"}],"author":[{"embeddable":true,"href":"https:\/\/www.europesays.com\/fr\/wp-json\/wp\/v2\/users\/2"}],"replies":[{"embeddable":true,"href":"https:\/\/www.europesays.com\/fr\/wp-json\/wp\/v2\/comments?post=516762"}],"version-history":[{"count":0,"href":"https:\/\/www.europesays.com\/fr\/wp-json\/wp\/v2\/posts\/516762\/revisions"}],"wp:featuredmedia":[{"embeddable":true,"href":"https:\/\/www.europesays.com\/fr\/wp-json\/wp\/v2\/media\/516763"}],"wp:attachment":[{"href":"https:\/\/www.europesays.com\/fr\/wp-json\/wp\/v2\/media?parent=516762"}],"wp:term":[{"taxonomy":"category","embeddable":true,"href":"https:\/\/www.europesays.com\/fr\/wp-json\/wp\/v2\/categories?post=516762"},{"taxonomy":"post_tag","embeddable":true,"href":"https:\/\/www.europesays.com\/fr\/wp-json\/wp\/v2\/tags?post=516762"}],"curies":[{"name":"wp","href":"https:\/\/api.w.org\/{rel}","templated":true}]}}