{"id":516780,"date":"2025-11-06T21:25:13","date_gmt":"2025-11-06T21:25:13","guid":{"rendered":"https:\/\/www.europesays.com\/fr\/516780\/"},"modified":"2025-11-06T21:25:13","modified_gmt":"2025-11-06T21:25:13","slug":"en-france-aussi-la-peur-du-grand-mechant-mamdani-mediapart","status":"publish","type":"post","link":"https:\/\/www.europesays.com\/fr\/516780\/","title":{"rendered":"En France aussi, la peur du grand m\u00e9chant Mamdani &#8211; Mediapart"},"content":{"rendered":"<ol>\n<li><a href=\"https:\/\/news.google.com\/rss\/articles\/CBMinwFBVV95cUxPcC04czMtRE8xRjdVMXZ6UUxXSFFXMW5GMGZWRnJUZGxkcDJnUXB1Wlg0UVFxNzF5MXZEcGg5SVo2NV9CblROUEFoQ3ZmY3hyVFpiVWVJRFdqSDNVLWNHLXJ2ai1vbVZWejF0Mjh0eVlSdWsyQ2ZqLVBieVBnTXhHMFNsZVNyTEpiTU5yN0tfbzdDY3RGTThPTDBJQWJNczg?oc=5\" target=\"_blank\" rel=\"noopener\">En France aussi, la peur du grand m\u00e9chant Mamdani<\/a>&nbsp;&nbsp;Mediapart<\/li>\n<li><a href=\"https:\/\/news.google.com\/rss\/articles\/CBMirAFBVV95cUxQLUdJWExvM1ZFbVRaTDVhdmxwLXVnUl9xQ0paODZJQVZKZnpJckFzNWxaTjVQeXMwc3hya0w2NTZIZWVodFlfeDIzMS1vRmRrRGNIbW5aeFJCeXY1Q0VYbXRWWXpwZlI2VWxmaTEzRmlSZElTZ0pxRE9salM1OGZENFdFT0p6OVZzalNpMmt5T19VY0dFUE9LMV9nX0FGM0dnZzRpdG83bDVmelgt?oc=5\" target=\"_blank\" rel=\"noopener\">Le nouveau maire de New York, Zohran Mamdani, a-t-il des liens avec les Fr\u00e8res musulmans ?<\/a>&nbsp;&nbsp;20minutes.fr<\/li>\n<li><a href=\"https:\/\/news.google.com\/rss\/articles\/CBMi7gFBVV95cUxPVTc5RFYzWFZLZ3RSUzNQM0hjcVVsRlF5Z29QR3NYdnUyQ2ZCby1CeElfQy03LUV2cmdmVzNNR2Zya2RpV3p0Sk92bVd3Y2pidlM2MFZ1TGtHYjBHRk0wOFo2YklReXJmU2VfNlpDaVlJX0dfa205X3lobm9RR1g4SWxFSnhBbUJCT2pRYlBIMUEyZ1kwX0R2Rnp0dmZaaEFJU09UdzJMTnFVMEFJTXJJS2J6b1daMmVCYzNxZGNEN2JfbWszY3JnNThLdmZ3cnRuQkN5Y2xfR3NENm91UDdlX0V5dXNRXy1Mc3hwV2RB?oc=5\" target=\"_blank\" rel=\"noopener\">Cette r\u00e9action de la Maison Blanche apr\u00e8s les victoires d\u00e9mocrates illustre le d\u00e9pit de Trump<\/a>&nbsp;&nbsp;Le HuffPost<\/li>\n<li><a href=\"https:\/\/news.google.com\/rss\/articles\/CBMijgJBVV95cUxNckp4NFJvWTk2X25CT0xxbUc1TTZrazhnUlE0aVRmM1ZCVU5oVGh0NTI5RklJZ2MtcHZHMTBLWTZ2RFBFNENfdWN4RVNSdFhZdGVTNkpPU3NFZUZpX3hXR0ZvR2NZTU5KLXJrQ0tkZ25ZXzB0b1RXQmowaU9BczJYa28zemJESFhoM3ZkZ3EzZWsyU3h3Qm92YkwyX3dXMWRtWnNSQmpkWU9paDQ0eDN6ZjBvb01NbTVYRHkzZjZmQjM0SDRkQWxuSFJzTnpWZGstazI1Sm5aVjNlanBMazNiRENOMGVJenVJLXFlY1ZSNFEtR1BJVEltUEoxbFFRQ1UxZklPTWZ0RUNlZ3dpRFE?oc=5\" target=\"_blank\" rel=\"noopener\">Aux Etats-Unis, le r\u00e9sultat des scrutins locaux, de la Californie \u00e0 New York, redonne de l\u2019air aux d\u00e9mocrates<\/a>&nbsp;&nbsp;Le Monde.fr<\/li>\n<li><a href=\"https:\/\/news.google.com\/rss\/articles\/CBMiygFBVV95cUxPX09vQVpFbURXTUNOZGk0azFuYUVzRDF0NjhEbmR1ZFo1MmdHSUJSaVZJSS1oMk9VbUYxX29yT0prNjNiakY2VmFSNExiZEhXNlhjanRwa2FxQzE5ZHpRT05vRW5FT3lfUU83ejNMSjE5cmk2OWZhMDRCTkMzVVQxZk1YeXJfQnRVcXpBZnM4cUNFeENKMVF4M0l4aVpBRXo3cjBRVVI4ZXJNY1BiQ1FlWU1xekZwV0U2R25HTTYxQU1HVE9OVzZZbk1n?oc=5\" target=\"_blank\" rel=\"noopener\">Dans les m\u00e9dias arabes, l\u2019\u00e9lection de Mamdani \u00e0 New York, symbole de revanche<\/a>&nbsp;&nbsp;Le Point<\/li>\n<\/ol>\n","protected":false},"excerpt":{"rendered":"En France aussi, la peur du grand m\u00e9chant Mamdani&nbsp;&nbsp;Mediapart Le nouveau maire de New York, Zohran Mamdani, a-t-il&hellip;\n","protected":false},"author":2,"featured_media":516781,"comment_status":"","ping_status":"","sticky":false,"template":"","format":"standard","meta":{"footnotes":""},"categories":[2],"tags":[11,55868,6592,1076,1011,27,7740,500,12,62862],"class_list":{"0":"post-516780","1":"post","2":"type-post","3":"status-publish","4":"format-standard","5":"has-post-thumbnail","7":"category-actualites","8":"tag-actualites","9":"tag-bourgeoisie","10":"tag-droite","11":"tag-extreme-droite","12":"tag-fr","13":"tag-france","14":"tag-gauches","15":"tag-medias","16":"tag-news","17":"tag-zohran-mamdani"},"share_on_mastodon":{"url":"https:\/\/pubeurope.com\/@fr\/115504868535003285","error":""},"_links":{"self":[{"href":"https:\/\/www.europesays.com\/fr\/wp-json\/wp\/v2\/posts\/516780","targetHints":{"allow":["GET"]}}],"collection":[{"href":"https:\/\/www.europesays.com\/fr\/wp-json\/wp\/v2\/posts"}],"about":[{"href":"https:\/\/www.europesays.com\/fr\/wp-json\/wp\/v2\/types\/post"}],"author":[{"embeddable":true,"href":"https:\/\/www.europesays.com\/fr\/wp-json\/wp\/v2\/users\/2"}],"replies":[{"embeddable":true,"href":"https:\/\/www.europesays.com\/fr\/wp-json\/wp\/v2\/comments?post=516780"}],"version-history":[{"count":0,"href":"https:\/\/www.europesays.com\/fr\/wp-json\/wp\/v2\/posts\/516780\/revisions"}],"wp:featuredmedia":[{"embeddable":true,"href":"https:\/\/www.europesays.com\/fr\/wp-json\/wp\/v2\/media\/516781"}],"wp:attachment":[{"href":"https:\/\/www.europesays.com\/fr\/wp-json\/wp\/v2\/media?parent=516780"}],"wp:term":[{"taxonomy":"category","embeddable":true,"href":"https:\/\/www.europesays.com\/fr\/wp-json\/wp\/v2\/categories?post=516780"},{"taxonomy":"post_tag","embeddable":true,"href":"https:\/\/www.europesays.com\/fr\/wp-json\/wp\/v2\/tags?post=516780"}],"curies":[{"name":"wp","href":"https:\/\/api.w.org\/{rel}","templated":true}]}}