{"id":516782,"date":"2025-11-06T21:26:21","date_gmt":"2025-11-06T21:26:21","guid":{"rendered":"https:\/\/www.europesays.com\/fr\/516782\/"},"modified":"2025-11-06T21:26:21","modified_gmt":"2025-11-06T21:26:21","slug":"saint-jean-bonnefonds-la-commune-double-le-nombre-de-policiers-municipaux","status":"publish","type":"post","link":"https:\/\/www.europesays.com\/fr\/516782\/","title":{"rendered":"Saint-Jean-Bonnefonds. La commune double le nombre de policiers municipaux"},"content":{"rendered":"<p>Un nouveau v\u00e9hicule de service vient \u00e9galement compl\u00e9ter les moyens de la brigade. \u00ab\u00a0Il s\u2019agit d\u2019un positionnement de la commune, mais dans le fond nous n\u2019avons pas vraiment le choix. C\u2019est le r\u00e9sultat d\u2019un \u00c9tat de plus en plus absent\u00a0\u00bb, explique Christian Imbert, \u00e9lu en charge de la s\u00e9curit\u00e9 \u00e0 la mairie.<\/p>\n<p>\u00ab\u00a0Autrefois, ce r\u00f4le de vigilance et de proximit\u00e9 \u00e9tait assur\u00e9 par les gardes champ\u00eatres dans les communes rurales. Aujourd\u2019hui, les collectivit\u00e9s doivent financer elles-m\u00eames leur s\u00e9curit\u00e9\u00a0\u00bb&#8230;<\/p>\n","protected":false},"excerpt":{"rendered":"Un nouveau v\u00e9hicule de service vient \u00e9galement compl\u00e9ter les moyens de la brigade. \u00ab\u00a0Il s\u2019agit d\u2019un positionnement de&hellip;\n","protected":false},"author":2,"featured_media":516783,"comment_status":"","ping_status":"","sticky":false,"template":"","format":"standard","meta":{"footnotes":""},"categories":[9653],"tags":[1111,11,2430,7539,1777,674,1011,27,12,25,4001,9664,9663,104],"class_list":{"0":"post-516782","1":"post","2":"type-post","3":"status-publish","4":"format-standard","5":"has-post-thumbnail","7":"category-saint-etienne","8":"tag-actu","9":"tag-actualites","10":"tag-auvergne-rhone-alpes","11":"tag-edition-loire-sud","12":"tag-eu","13":"tag-europe","14":"tag-fr","15":"tag-france","16":"tag-news","17":"tag-republique-francaise","18":"tag-saint-etienne","19":"tag-saint-etienne-bassin","20":"tag-saint-jean-bonnefonds","21":"tag-societe"},"share_on_mastodon":{"url":"https:\/\/pubeurope.com\/@fr\/115504872511256054","error":""},"_links":{"self":[{"href":"https:\/\/www.europesays.com\/fr\/wp-json\/wp\/v2\/posts\/516782","targetHints":{"allow":["GET"]}}],"collection":[{"href":"https:\/\/www.europesays.com\/fr\/wp-json\/wp\/v2\/posts"}],"about":[{"href":"https:\/\/www.europesays.com\/fr\/wp-json\/wp\/v2\/types\/post"}],"author":[{"embeddable":true,"href":"https:\/\/www.europesays.com\/fr\/wp-json\/wp\/v2\/users\/2"}],"replies":[{"embeddable":true,"href":"https:\/\/www.europesays.com\/fr\/wp-json\/wp\/v2\/comments?post=516782"}],"version-history":[{"count":0,"href":"https:\/\/www.europesays.com\/fr\/wp-json\/wp\/v2\/posts\/516782\/revisions"}],"wp:featuredmedia":[{"embeddable":true,"href":"https:\/\/www.europesays.com\/fr\/wp-json\/wp\/v2\/media\/516783"}],"wp:attachment":[{"href":"https:\/\/www.europesays.com\/fr\/wp-json\/wp\/v2\/media?parent=516782"}],"wp:term":[{"taxonomy":"category","embeddable":true,"href":"https:\/\/www.europesays.com\/fr\/wp-json\/wp\/v2\/categories?post=516782"},{"taxonomy":"post_tag","embeddable":true,"href":"https:\/\/www.europesays.com\/fr\/wp-json\/wp\/v2\/tags?post=516782"}],"curies":[{"name":"wp","href":"https:\/\/api.w.org\/{rel}","templated":true}]}}