{"id":516788,"date":"2025-11-06T21:30:25","date_gmt":"2025-11-06T21:30:25","guid":{"rendered":"https:\/\/www.europesays.com\/fr\/516788\/"},"modified":"2025-11-06T21:30:25","modified_gmt":"2025-11-06T21:30:25","slug":"donald-trump-fustige-la-figure-democrate-nancy-pelosi","status":"publish","type":"post","link":"https:\/\/www.europesays.com\/fr\/516788\/","title":{"rendered":"Donald Trump fustige la figure d\u00e9mocrate Nancy Pelosi"},"content":{"rendered":"<p>\n    Figure embl\u00e9matique de la sc\u00e8ne politique am\u00e9ricaine des quatre derni\u00e8res d\u00e9cennies, l\u2019\u00e9lue d\u00e9mocrate, qui prendra sa retraite au terme de son mandat en janvier 2027, a \u00e9t\u00e9 vivement critiqu\u00e9e par Donald Trump.<\/p>\n<p class=\"fig-paragraph\">Donald Trump a r\u00e9agi jeudi \u00e0 l&rsquo;annonce\u00a0<a href=\"http:\/\/www.lefigaro.fr\/international\/nancy-pelosi-figure-democrate-du-congres-americain-annonce-sa-retraite-20251106\" target=\"_blank\" data-fig-type=\"NewsFlash\" rel=\"noopener\" data-gtm-custom-categorie=\"navigation\" data-gtm-custom-action=\"crossclick\" data-gtm-custom-label=\"Contextuel\" data-gtm-event=\"customEventSPE\" data-fig-domain=\"LEFIGARO\">de la retraite de Nancy Pelosi<\/a>, figure du Parti d\u00e9mocrate et f\u00e9roce opposante du pr\u00e9sident am\u00e9ricain, en la qualifiant de \u00abfemme horrible qui a fait du mauvais boulot\u00bb.<\/p>\n<p class=\"fig-paragraph\">\u00abJe pense qu&rsquo;elle rend un grand service au pays en prenant sa retraite\u00bb, a-t-il dit \u00e0 propos de l&rsquo;ancienne pr\u00e9sidente de la Chambre des repr\u00e9sentants, pendant un \u00e9change avec la presse dans le Bureau ovale.<\/p>\n","protected":false},"excerpt":{"rendered":"Figure embl\u00e9matique de la sc\u00e8ne politique am\u00e9ricaine des quatre derni\u00e8res d\u00e9cennies, l\u2019\u00e9lue d\u00e9mocrate, qui prendra sa retraite au&hellip;\n","protected":false},"author":2,"featured_media":516789,"comment_status":"","ping_status":"","sticky":false,"template":"","format":"standard","meta":{"footnotes":""},"categories":[9635],"tags":[1111,11,75,1777,674,1011,27,775,1702,63733,12,25],"class_list":{"0":"post-516788","1":"post","2":"type-post","3":"status-publish","4":"format-standard","5":"has-post-thumbnail","7":"category-nancy","8":"tag-actu","9":"tag-actualites","10":"tag-donald-trump","11":"tag-eu","12":"tag-europe","13":"tag-fr","14":"tag-france","15":"tag-grand-est","16":"tag-nancy","17":"tag-nancy-pelosi","18":"tag-news","19":"tag-republique-francaise"},"share_on_mastodon":{"url":"https:\/\/pubeurope.com\/@fr\/115504888150715739","error":""},"_links":{"self":[{"href":"https:\/\/www.europesays.com\/fr\/wp-json\/wp\/v2\/posts\/516788","targetHints":{"allow":["GET"]}}],"collection":[{"href":"https:\/\/www.europesays.com\/fr\/wp-json\/wp\/v2\/posts"}],"about":[{"href":"https:\/\/www.europesays.com\/fr\/wp-json\/wp\/v2\/types\/post"}],"author":[{"embeddable":true,"href":"https:\/\/www.europesays.com\/fr\/wp-json\/wp\/v2\/users\/2"}],"replies":[{"embeddable":true,"href":"https:\/\/www.europesays.com\/fr\/wp-json\/wp\/v2\/comments?post=516788"}],"version-history":[{"count":0,"href":"https:\/\/www.europesays.com\/fr\/wp-json\/wp\/v2\/posts\/516788\/revisions"}],"wp:featuredmedia":[{"embeddable":true,"href":"https:\/\/www.europesays.com\/fr\/wp-json\/wp\/v2\/media\/516789"}],"wp:attachment":[{"href":"https:\/\/www.europesays.com\/fr\/wp-json\/wp\/v2\/media?parent=516788"}],"wp:term":[{"taxonomy":"category","embeddable":true,"href":"https:\/\/www.europesays.com\/fr\/wp-json\/wp\/v2\/categories?post=516788"},{"taxonomy":"post_tag","embeddable":true,"href":"https:\/\/www.europesays.com\/fr\/wp-json\/wp\/v2\/tags?post=516788"}],"curies":[{"name":"wp","href":"https:\/\/api.w.org\/{rel}","templated":true}]}}