{"id":516800,"date":"2025-11-06T21:37:11","date_gmt":"2025-11-06T21:37:11","guid":{"rendered":"https:\/\/www.europesays.com\/fr\/516800\/"},"modified":"2025-11-06T21:37:11","modified_gmt":"2025-11-06T21:37:11","slug":"une-enquete-ouverte-sur-les-causes-du-deces","status":"publish","type":"post","link":"https:\/\/www.europesays.com\/fr\/516800\/","title":{"rendered":"une enqu\u00eate ouverte sur les causes du d\u00e9c\u00e8s"},"content":{"rendered":"<p>Un corps a \u00e9t\u00e9 retrouv\u00e9, ce jeudi 6\u00a0novembre, dans un immeuble situ\u00e9 au 2, rue Edouard-Branly, \u00e0 proximit\u00e9 des quais de l\u2019Is\u00e8re dans le quartier de la gare \u00e0 Grenoble.<\/p>\n<p>Ce sont les sapeurs-pompiers, appel\u00e9s pour une personne ne r\u00e9pondant pas aux appels, qui ont fait la macabre d\u00e9couverte vers 17 heures, apr\u00e8s avoir enfonc\u00e9 la porte du logement.<\/p>\n<p>  La th\u00e8se criminelle ne serait pas privil\u00e9gi\u00e9e \u00e0 ce stade<\/p>\n<p>Selon nos informations, une femme semblant \u00e2g\u00e9e d\u2019une quarantaine d\u2019ann\u00e9es \u2013 et qui serait l\u2019occupante des lieux \u2014 gisait sans vie dans cet appartement o\u00f9 r\u00e9gnait un grand d\u00e9sordre.<\/p>\n<p>D\u00e8s lors, un obstacle m\u00e9dico-l\u00e9gal a \u00e9t\u00e9 pos\u00e9\u00a0par un m\u00e9decin et les policiers grenoblois ont \u00e9t\u00e9 alert\u00e9s. Sur place, ils ont proc\u00e9d\u00e9 aux constatations d\u2019usage et ouvert une enqu\u00eate pour \u00e9tablir les circonstances de sa mort. L\u2019autopsie, qui devrait \u00eatre pratiqu\u00e9e rapidement, devrait les \u00e9clairer sur la date et les causes pr\u00e9cises du d\u00e9c\u00e8s.<\/p>\n<p>\u00c0 ce stade, l\u2019hypoth\u00e8se criminelle ne serait pas privil\u00e9gi\u00e9e, selon une source judiciaire.<\/p>\n","protected":false},"excerpt":{"rendered":"Un corps a \u00e9t\u00e9 retrouv\u00e9, ce jeudi 6\u00a0novembre, dans un immeuble situ\u00e9 au 2, rue Edouard-Branly, \u00e0 proximit\u00e9&hellip;\n","protected":false},"author":2,"featured_media":516801,"comment_status":"","ping_status":"","sticky":false,"template":"","format":"standard","meta":{"footnotes":""},"categories":[9566],"tags":[1111,11,2430,271,272,112,1777,674,274,107,1011,27,2731,2732,108,1985,12,25],"class_list":{"0":"post-516800","1":"post","2":"type-post","3":"status-publish","4":"format-standard","5":"has-post-thumbnail","7":"category-grenoble","8":"tag-actu","9":"tag-actualites","10":"tag-auvergne-rhone-alpes","11":"tag-crime","12":"tag-delit-et-contravention","13":"tag-edition-grenoble-agglomeration","14":"tag-eu","15":"tag-europe","16":"tag-faits-divers-justice","17":"tag-fil-info","18":"tag-fr","19":"tag-france","20":"tag-grenoble","21":"tag-grenoble-bassin","22":"tag-isere","23":"tag-metropole-de-grenoble","24":"tag-news","25":"tag-republique-francaise"},"share_on_mastodon":{"url":"https:\/\/pubeurope.com\/@fr\/115504915645611433","error":""},"_links":{"self":[{"href":"https:\/\/www.europesays.com\/fr\/wp-json\/wp\/v2\/posts\/516800","targetHints":{"allow":["GET"]}}],"collection":[{"href":"https:\/\/www.europesays.com\/fr\/wp-json\/wp\/v2\/posts"}],"about":[{"href":"https:\/\/www.europesays.com\/fr\/wp-json\/wp\/v2\/types\/post"}],"author":[{"embeddable":true,"href":"https:\/\/www.europesays.com\/fr\/wp-json\/wp\/v2\/users\/2"}],"replies":[{"embeddable":true,"href":"https:\/\/www.europesays.com\/fr\/wp-json\/wp\/v2\/comments?post=516800"}],"version-history":[{"count":0,"href":"https:\/\/www.europesays.com\/fr\/wp-json\/wp\/v2\/posts\/516800\/revisions"}],"wp:featuredmedia":[{"embeddable":true,"href":"https:\/\/www.europesays.com\/fr\/wp-json\/wp\/v2\/media\/516801"}],"wp:attachment":[{"href":"https:\/\/www.europesays.com\/fr\/wp-json\/wp\/v2\/media?parent=516800"}],"wp:term":[{"taxonomy":"category","embeddable":true,"href":"https:\/\/www.europesays.com\/fr\/wp-json\/wp\/v2\/categories?post=516800"},{"taxonomy":"post_tag","embeddable":true,"href":"https:\/\/www.europesays.com\/fr\/wp-json\/wp\/v2\/tags?post=516800"}],"curies":[{"name":"wp","href":"https:\/\/api.w.org\/{rel}","templated":true}]}}