{"id":516810,"date":"2025-11-06T21:42:18","date_gmt":"2025-11-06T21:42:18","guid":{"rendered":"https:\/\/www.europesays.com\/fr\/516810\/"},"modified":"2025-11-06T21:42:18","modified_gmt":"2025-11-06T21:42:18","slug":"en-direct-ligue-conference-le-match-semballe-au-bk-hacken-ou-le-racing-mene-dun-but-1-2","status":"publish","type":"post","link":"https:\/\/www.europesays.com\/fr\/516810\/","title":{"rendered":"En direct Ligue Conf\u00e9rence. Le match s&#8217;emballe au BK H\u00e4cken, o\u00f9 le Racing m\u00e8ne d&rsquo;un but (1-2)\u00a0!"},"content":{"rendered":"<p>&#13;<br \/>\n                                                    En direct&#13;<br \/>\n                        &#13;\n                                            <\/p>\n<p>Pour la troisi\u00e8me journ\u00e9e de Ligue Conf\u00e9rence, ce jeudi, le Racing est \u00e0 G\u00f6teborg pour y affronter le BK H\u00e4cken. Apr\u00e8s une victoire\u00a0au\u00a0Slovan Bratislava\u00a0et un nul \u00e0 domicile contre Jagiellonia Bialystok, Liam Rosenior et ses hommes font la course en t\u00eate gr\u00e2ce\u00a0aux buts de Julio Enciso (21e) et Martial Godo (60e).<\/p>\n<p>&#13;<br \/>\n              De notre envoy\u00e9 sp\u00e9cial \u00e0 G\u00f6teborg, S\u00e9bastien Keller &#8211; &#13;<br \/>\n        &#13;<br \/>\n          Aujourd&rsquo;hui \u00e0 11:00&#13;<br \/>\n    &#13;<br \/>\n                  | mis \u00e0 jour aujourd&rsquo;hui \u00e0 22:39&#13;<br \/>\n              &#8211; Temps de lecture : &#13;<br \/>\n  &#13;\n<\/p>\n<p>                        &#13;<br \/>\n    &#13;<br \/>\n    &#13;<br \/>\n    <a href=\"https:\/\/cdn-s-www.dna.fr\/images\/95DBE5EC-412B-4818-A82C-9063B98D9152\/NW_raw\/diego-moreira-met-du-rythme-photo-jm-loos-1762465157.jpg\" title=\"Diego Moreira met du rythme. Photo JM Loos\" class=\"chocolat-image GA-tracking\" data-ga_type=\"click\" data-ga_category=\"D\u00e9tail\" data-ga_action=\"zoomer\" data-ga_label=\"aggrandir image\" target=\"_blank\" rel=\"noopener\">&#13;<br \/>\n        <img src=\"https:\/\/www.europesays.com\/fr\/wp-content\/uploads\/2025\/11\/diego-moreira-met-du-rythme-photo-jm-loos-1762465157.jpg\"   alt=\"Diego Moreira met du rythme. Photo JM Loos\" fetchpriority=\"high\" decoding=\"async\" data-mobile=\"NW_detail_M|1762465157\" data-base=\"NW_detail|1762465157\"\/>&#13;<br \/>\n    <\/a>&#13;<br \/>\n    Diego Moreira met du rythme. Photo JM Loos<\/p>\n","protected":false},"excerpt":{"rendered":"&#13; En direct&#13; &#13; Pour la troisi\u00e8me journ\u00e9e de Ligue Conf\u00e9rence, ce jeudi, le Racing est \u00e0 G\u00f6teborg&hellip;\n","protected":false},"author":2,"featured_media":516811,"comment_status":"","ping_status":"","sticky":false,"template":"","format":"standard","meta":{"footnotes":""},"categories":[2820],"tags":[328,1111,11,2649,3545,1777,674,107,63,1011,27,775,3544,12,41281,25,517,640],"class_list":{"0":"post-516810","1":"post","2":"type-post","3":"status-publish","4":"format-standard","5":"has-post-thumbnail","7":"category-strasbourg","8":"tag-a-la-une","9":"tag-actu","10":"tag-actualites","11":"tag-bas-rhin","12":"tag-direct-sport","13":"tag-eu","14":"tag-europe","15":"tag-fil-info","16":"tag-football","17":"tag-fr","18":"tag-france","19":"tag-grand-est","20":"tag-matchs-en-direct","21":"tag-news","22":"tag-racing-club-strasbourg-masculin","23":"tag-republique-francaise","24":"tag-sport","25":"tag-strasbourg"},"share_on_mastodon":{"url":"https:\/\/pubeurope.com\/@fr\/115504935925114961","error":""},"_links":{"self":[{"href":"https:\/\/www.europesays.com\/fr\/wp-json\/wp\/v2\/posts\/516810","targetHints":{"allow":["GET"]}}],"collection":[{"href":"https:\/\/www.europesays.com\/fr\/wp-json\/wp\/v2\/posts"}],"about":[{"href":"https:\/\/www.europesays.com\/fr\/wp-json\/wp\/v2\/types\/post"}],"author":[{"embeddable":true,"href":"https:\/\/www.europesays.com\/fr\/wp-json\/wp\/v2\/users\/2"}],"replies":[{"embeddable":true,"href":"https:\/\/www.europesays.com\/fr\/wp-json\/wp\/v2\/comments?post=516810"}],"version-history":[{"count":0,"href":"https:\/\/www.europesays.com\/fr\/wp-json\/wp\/v2\/posts\/516810\/revisions"}],"wp:featuredmedia":[{"embeddable":true,"href":"https:\/\/www.europesays.com\/fr\/wp-json\/wp\/v2\/media\/516811"}],"wp:attachment":[{"href":"https:\/\/www.europesays.com\/fr\/wp-json\/wp\/v2\/media?parent=516810"}],"wp:term":[{"taxonomy":"category","embeddable":true,"href":"https:\/\/www.europesays.com\/fr\/wp-json\/wp\/v2\/categories?post=516810"},{"taxonomy":"post_tag","embeddable":true,"href":"https:\/\/www.europesays.com\/fr\/wp-json\/wp\/v2\/tags?post=516810"}],"curies":[{"name":"wp","href":"https:\/\/api.w.org\/{rel}","templated":true}]}}