{"id":516816,"date":"2025-11-06T21:45:17","date_gmt":"2025-11-06T21:45:17","guid":{"rendered":"https:\/\/www.europesays.com\/fr\/516816\/"},"modified":"2025-11-06T21:45:17","modified_gmt":"2025-11-06T21:45:17","slug":"chalets-rouges-vin-chaud-entre-amis-tartiflettes-louverture-du-marche-de-noel-de-nantes","status":"publish","type":"post","link":"https:\/\/www.europesays.com\/fr\/516816\/","title":{"rendered":"Chalets rouges, vin chaud entre amis, tartiflettes\u2026 L\u2019ouverture du march\u00e9 de No\u00ebl de Nantes,"},"content":{"rendered":"<p>Il approche \u00e0 grand pas le temps du chocolat chaud, du vin \u00e0 la cannelle entre amis, de la tartiflette aux lardons en famille. Le march\u00e9 de No\u00ebl de Nantes a commenc\u00e9 son installation d\u00e8s ce d\u00e9but novembre. Les chalets sont pos\u00e9s sur la place du Commerce. Avec ceux de la place Royale, ils seront encore 200\u00a0cette ann\u00e9e, r\u00e9partis entre les diff\u00e9rentes activit\u00e9s.<\/p>\n<p>Un dosage \u00e9labor\u00e9 avec l\u2019exp\u00e9rience de la\u00a0soci\u00e9t\u00e9 nantaise 2A organisation. <strong>\u00ab\u00a025\u00a0% d\u2019alimentation sur place, 25\u00a0% d\u2019alimentation \u00e0 emporter ou \u00e0 offrir. Les autres chalets sont les jeux, la d\u00e9co, le pr\u00eat-\u00e0-porter, les bijoux, le bien-\u00eatre et le cosm\u00e9tique\u00a0\u00bb,<\/strong> d\u00e9taille Thibault Delourme, pr\u00e9sident de 2A organisation.<\/p>\n<p><a href=\"https:\/\/nantes.maville.com\/actu\/actudet_--nous-allons-depasser-le-million-de-visiteurs-a-nantes-le-marche-de-noel-fait-le-plein-_8-6610066_actu.Htm?utm_source=troove&amp;utm_medium=site\" target=\"_blank\" rel=\"noopener\">Le march\u00e9 de No\u00ebl nantais, le plus grand du Grand Ouest, a d\u00e9pass\u00e9 le million de visiteurs l\u2019an dernier.<\/a> L\u2019ouverture au public est annonc\u00e9e jeudi 20\u00a0novembre, \u00e0 11\u00a0h. L\u2019inauguration officielle aura lieu le lendemain.<\/p>\n<p>\u00a0<\/p>\n","protected":false},"excerpt":{"rendered":"Il approche \u00e0 grand pas le temps du chocolat chaud, du vin \u00e0 la cannelle entre amis, de&hellip;\n","protected":false},"author":2,"featured_media":516817,"comment_status":"","ping_status":"","sticky":false,"template":"","format":"standard","meta":{"footnotes":""},"categories":[2818],"tags":[1111,11,16266,10334,55765,6100,1777,674,1011,27,2089,766,12,15830,14570,2636,25,40976,63734,933,1662],"class_list":{"0":"post-516816","1":"post","2":"type-post","3":"status-publish","4":"format-standard","5":"has-post-thumbnail","7":"category-nantes","8":"tag-actu","9":"tag-actualites","10":"tag-amis","11":"tag-bientot","12":"tag-chalets","13":"tag-chaud","14":"tag-eu","15":"tag-europe","16":"tag-fr","17":"tag-france","18":"tag-marche","19":"tag-nantes","20":"tag-news","21":"tag-noel","22":"tag-ouverture","23":"tag-pays-de-la-loire","24":"tag-republique-francaise","25":"tag-rouges","26":"tag-tartiflettes","27":"tag-tres","28":"tag-vin"},"share_on_mastodon":{"url":"https:\/\/pubeurope.com\/@fr\/115504947152862757","error":""},"_links":{"self":[{"href":"https:\/\/www.europesays.com\/fr\/wp-json\/wp\/v2\/posts\/516816","targetHints":{"allow":["GET"]}}],"collection":[{"href":"https:\/\/www.europesays.com\/fr\/wp-json\/wp\/v2\/posts"}],"about":[{"href":"https:\/\/www.europesays.com\/fr\/wp-json\/wp\/v2\/types\/post"}],"author":[{"embeddable":true,"href":"https:\/\/www.europesays.com\/fr\/wp-json\/wp\/v2\/users\/2"}],"replies":[{"embeddable":true,"href":"https:\/\/www.europesays.com\/fr\/wp-json\/wp\/v2\/comments?post=516816"}],"version-history":[{"count":0,"href":"https:\/\/www.europesays.com\/fr\/wp-json\/wp\/v2\/posts\/516816\/revisions"}],"wp:featuredmedia":[{"embeddable":true,"href":"https:\/\/www.europesays.com\/fr\/wp-json\/wp\/v2\/media\/516817"}],"wp:attachment":[{"href":"https:\/\/www.europesays.com\/fr\/wp-json\/wp\/v2\/media?parent=516816"}],"wp:term":[{"taxonomy":"category","embeddable":true,"href":"https:\/\/www.europesays.com\/fr\/wp-json\/wp\/v2\/categories?post=516816"},{"taxonomy":"post_tag","embeddable":true,"href":"https:\/\/www.europesays.com\/fr\/wp-json\/wp\/v2\/tags?post=516816"}],"curies":[{"name":"wp","href":"https:\/\/api.w.org\/{rel}","templated":true}]}}