{"id":516830,"date":"2025-11-06T21:52:14","date_gmt":"2025-11-06T21:52:14","guid":{"rendered":"https:\/\/www.europesays.com\/fr\/516830\/"},"modified":"2025-11-06T21:52:14","modified_gmt":"2025-11-06T21:52:14","slug":"deux-de-chute-pour-lille-battu-sur-le-fil-par-letoile-rouge","status":"publish","type":"post","link":"https:\/\/www.europesays.com\/fr\/516830\/","title":{"rendered":"deux de chute pour Lille, battu sur le fil par l\u2019\u00c9toile Rouge"},"content":{"rendered":"<p>\n    Le Losc s\u2019est inclin\u00e9 en toute fin de rencontre sur le terrain de l\u2019\u00c9toile Rouge de Belgrade ce jeudi, en Ligue Europa.<\/p>\n<p class=\"fig-paragraph\">Lille a conc\u00e9d\u00e9 sa deuxi\u00e8me d\u00e9faite cons\u00e9cutive en\u00a0<a href=\"https:\/\/www.lefigaro.fr\/sports\/football\/ligue-europa\/classement\" target=\"_blank\" rel=\"sponsored noopener\" data-gtm-custom-categorie=\"navigation\" data-gtm-custom-action=\"crossclick\" data-gtm-custom-label=\"Contextuel\" data-gtm-event=\"customEventSPE\">Ligue Europa<\/a>, cette fois \u00e0 Belgrade contre l\u2019\u00c9toile rouge (<a href=\"https:\/\/www.lefigaro.fr\/sports\/football\/live\/ligue-europa\/2025\/2602008\/etoile-rouge-lille\" target=\"_blank\" rel=\"sponsored noopener\" data-gtm-custom-categorie=\"navigation\" data-gtm-custom-action=\"crossclick\" data-gtm-custom-label=\"Contextuel\" data-gtm-event=\"customEventSPE\">1-0<\/a>), \u00e0 la suite d\u2019un p\u00e9nalty conc\u00e9d\u00e9 par son gardien Berke \u00d6zer en fin de match, jeudi soir. En manque d\u2019adresse et d\u2019inspiration avec une \u00e9quipe remani\u00e9e, le Losc se dirigeait vers un match nul d\u00e9cevant quand \u00d6zer a fauch\u00e9 le capitaine du club serbe Mirko Ivanic, auteur d\u2019une perc\u00e9e dans la surface. Marko Arnautovic n\u2019a alors laiss\u00e9 aucune chance au Turc de r\u00e9parer son erreur, d\u2019une frappe puissante et pr\u00e9cise (85e).<\/p>\n<p class=\"fig-paragraph\">La pire conclusion possible d\u2019une soir\u00e9e o\u00f9 les joueurs de Bruno Genesio ont sembl\u00e9 manquer d\u2019allant, leur mal r\u00e9current cette saison, en particulier en coupe d\u2019Europe, qui expliquait d\u00e9j\u00e0\u00a0<a href=\"http:\/\/www.lefigaro.fr\/sports\/football\/ligue-europa\/ligue-europa-lille-s-effondre-a-domicile-au-terme-d-un-match-spectaculaire-nice-craque-encore-a-vigo-20251023\" data-fig-type=\"NewsFlash\" data-gtm-custom-categorie=\"navigation\" data-gtm-custom-action=\"crossclick\" data-gtm-custom-label=\"Contextuel\" data-gtm-event=\"customEventSPE\" data-fig-domain=\"LEFIGARO\" target=\"_blank\" rel=\"noopener\">leur d\u00e9convenue \u00e0 domicile contre le PAOK (4-3)<\/a>. Apr\u00e8s deux succ\u00e8s contre Brann Bergen (2-1) et sur le terrain de l\u2019AS Rome (1-0), Lille retombe dans le milieu du\u00a0<a href=\"https:\/\/www.lefigaro.fr\/sports\/football\/ligue-europa\/classement\" target=\"_blank\" rel=\"sponsored noopener\" data-gtm-custom-categorie=\"navigation\" data-gtm-custom-action=\"crossclick\" data-gtm-custom-label=\"Contextuel\" data-gtm-event=\"customEventSPE\">classement<\/a>\u00a0de la phase de ligue avec six points.<\/p>\n<p>                                    <a class=\"fig-a11y-skip a11y-hidden\" href=\"#fig-a11y-skip-main-inarticle\"><br \/>\n        Passer la publicit\u00e9<br \/>\n    <\/a><\/p>\n<p>Turnover perdant<\/p>\n<p class=\"fig-paragraph\">Les Dogues ont pourtant, sur le papier, un effectif pour disputer plusieurs comp\u00e9titions tambour battant. Mais paradoxalement, si le banc lillois a \u00e9t\u00e9 tr\u00e8s performant cette saison pour conclure les matches, il peine \u00e0 prendre le relais des titulaires lorsqu\u2019il s\u2019agit de les d\u00e9buter. Ainsi, Calvin Verdonk, Marius Broholm, Tiago Santos, Nabil Bentaleb et Ngal\u2019ayel Mukau ne sont pas parvenus \u00e0 faire oublier les titulaires habituels. Parmi eux, seul Broholm s\u2019est montr\u00e9 \u00e0 son avantage, avec une frappe enroul\u00e9e dangereuse (24e) et une passe en position de N.10 qui aurait d\u00fb \u00eatre d\u00e9cisive pour Hamza Igamane, qui a perdu son duel avec le gardien Matheus Magalh\u00e3es (63e).<\/p>\n<p class=\"fig-paragraph\">Le portier br\u00e9silien a \u00e9t\u00e9 l\u2019artisan majeur du succ\u00e8s de l\u2019\u00c9toile rouge, au Marakana, stoppant une premi\u00e8re frappe flottante d\u2019Igamane (44e) et r\u00e9ussissant surtout un arr\u00eat d\u00e9terminant face \u00e0 Olivier Giroud (90e), avant qu\u2019Ayyoub Bouaddi ne trouve la barre transversale. Le contraste est clair avec la performance d\u2019\u00d6zer, qui avait pourtant bien d\u00e9but\u00e9, repoussant deux tentatives de suite (4e) apr\u00e8s un corner des Serbes. Constant dans l\u2019inconstance cette saison, Lille voudra se relancer \u00e0 Strasbourg dimanche (17h15) en Ligue 1 avant d\u2019envisager, en fin de mois, la venue du Dinamo Zagreb en Ligue Europa.<\/p>\n","protected":false},"excerpt":{"rendered":"Le Losc s\u2019est inclin\u00e9 en toute fin de rencontre sur le terrain de l\u2019\u00c9toile Rouge de Belgrade ce&hellip;\n","protected":false},"author":2,"featured_media":516831,"comment_status":"","ping_status":"","sticky":false,"template":"","format":"standard","meta":{"footnotes":""},"categories":[2815],"tags":[1111,11,1777,674,1011,27,811,1307,2267,12,25],"class_list":{"0":"post-516830","1":"post","2":"type-post","3":"status-publish","4":"format-standard","5":"has-post-thumbnail","7":"category-lille","8":"tag-actu","9":"tag-actualites","10":"tag-eu","11":"tag-europe","12":"tag-fr","13":"tag-france","14":"tag-hauts-de-france","15":"tag-lille","16":"tag-losc","17":"tag-news","18":"tag-republique-francaise"},"share_on_mastodon":{"url":"https:\/\/pubeurope.com\/@fr\/115504974723200862","error":""},"_links":{"self":[{"href":"https:\/\/www.europesays.com\/fr\/wp-json\/wp\/v2\/posts\/516830","targetHints":{"allow":["GET"]}}],"collection":[{"href":"https:\/\/www.europesays.com\/fr\/wp-json\/wp\/v2\/posts"}],"about":[{"href":"https:\/\/www.europesays.com\/fr\/wp-json\/wp\/v2\/types\/post"}],"author":[{"embeddable":true,"href":"https:\/\/www.europesays.com\/fr\/wp-json\/wp\/v2\/users\/2"}],"replies":[{"embeddable":true,"href":"https:\/\/www.europesays.com\/fr\/wp-json\/wp\/v2\/comments?post=516830"}],"version-history":[{"count":0,"href":"https:\/\/www.europesays.com\/fr\/wp-json\/wp\/v2\/posts\/516830\/revisions"}],"wp:featuredmedia":[{"embeddable":true,"href":"https:\/\/www.europesays.com\/fr\/wp-json\/wp\/v2\/media\/516831"}],"wp:attachment":[{"href":"https:\/\/www.europesays.com\/fr\/wp-json\/wp\/v2\/media?parent=516830"}],"wp:term":[{"taxonomy":"category","embeddable":true,"href":"https:\/\/www.europesays.com\/fr\/wp-json\/wp\/v2\/categories?post=516830"},{"taxonomy":"post_tag","embeddable":true,"href":"https:\/\/www.europesays.com\/fr\/wp-json\/wp\/v2\/tags?post=516830"}],"curies":[{"name":"wp","href":"https:\/\/api.w.org\/{rel}","templated":true}]}}