{"id":516832,"date":"2025-11-06T21:53:13","date_gmt":"2025-11-06T21:53:13","guid":{"rendered":"https:\/\/www.europesays.com\/fr\/516832\/"},"modified":"2025-11-06T21:53:13","modified_gmt":"2025-11-06T21:53:13","slug":"separe-de-sa-soeur-a-la-naissance-ce-marseillais-partage-avec-elle-laventure","status":"publish","type":"post","link":"https:\/\/www.europesays.com\/fr\/516832\/","title":{"rendered":"s\u00e9par\u00e9 de sa s\u0153ur \u00e0 la naissance, ce Marseillais partage avec elle l&rsquo;aventure"},"content":{"rendered":"<p>Le dicton ne dit-il pas \u00ab\u00a0jamais deux sans trois\u00a0\u00bb ? Alors qu&rsquo;un <strong>bin\u00f4me 100% made in Marseille, Missak et Fabien<\/strong>, participe \u00e0 cette 21e saison de \u00ab\u00a0<strong>P\u00e9kin Express : sur la route des glaces<\/strong>\u00ab\u00a0, un troisi\u00e8me candidat de la cit\u00e9 phoc\u00e9enne est \u00e0 l&rsquo;affiche, le sac rouge solidement accroch\u00e9 sur son dos. \u00ab\u00a0Je m&rsquo;appelle Rapha\u00ebl, j&rsquo;ai 25 ans et je suis de Marseille\u00a0\u00bb, se pr\u00e9sente celui qui est dans la vie de tous les jours jardinier-paysagiste.<\/p>\n<p>\u00ab\u00a0Des retrouvailles fusionnelles avec ma s\u0153ur\u00a0\u00bb<br \/>\n<img alt=\"Sonide Rapha\u00ebl - LA ROUTE DES GLACES CANDIDATS - PEKIN EXPRESS Saison 21\" loading=\"lazy\" decoding=\"async\" data-nimg=\"fill\" class=\" TwicCore_img__i9TC1 undefined  undefined\" style=\"position:absolute;height:100%;width:100%;left:0;top:0;right:0;bottom:0;color:transparent;background-size:cover;background-position:50% 50%;background-repeat:no-repeat;background-image:url(&quot;data:image\/svg+xml;charset=utf-8,%3Csvg xmlns='http:\/\/www.w3.org\/2000\/svg' %3E%3Cfilter id='b' color-interpolation-filters='sRGB'%3E%3CfeGaussianBlur stdDeviation='20'\/%3E%3CfeColorMatrix values='1 0 0 0 0 0 1 0 0 0 0 0 1 0 0 0 0 0 100 -1' result='s'\/%3E%3CfeFlood x='0' y='0' width='100%25' height='100%25'\/%3E%3CfeComposite operator='out' in='s'\/%3E%3CfeComposite in2='SourceGraphic'\/%3E%3CfeGaussianBlur stdDeviation='20'\/%3E%3C\/filter%3E%3Cimage width='100%25' height='100%25' x='0' y='0' preserveAspectRatio='none' style='filter: url(%23b);' href='https:\/\/pictures.laprovence.com\/cdn-cgi\/image\/blur=250\/media\/melody\/2025\/11\/06\/sonide-raphael-la-route-des-glaces-candidats-pekin-express-saison-21-1762452043_f05454993a096355454993a0919545v_.jpg'\/%3E%3C\/svg%3E&quot;)\"   src=\"https:\/\/www.europesays.com\/fr\/wp-content\/uploads\/2025\/11\/sonide-raphael-la-route-des-glaces-candidats-pekin-express-saison-21-1762452043_f05454993a0963554549.jpeg\"\/>Sonide Rapha\u00ebl &#8211; LA ROUTE DES GLACES CANDIDATS &#8211; PEKIN EXPRESS Saison 21 \/ PHOTO PATRICK ROBERT \/ M6<\/p>\n<p>Pour l&rsquo;aventure, ce colosse au rire communicatif est accompagn\u00e9 de sa s\u0153ur \u00e2g\u00e9e \u00e9galement de 25 ans. \u00ab\u00a0Elle est toujours motiv\u00e9e pour faire plein de choses, elle voulait une vraie exp\u00e9rience de vie avec moi, quelque chose de pas commun\u00a0\u00bb, explique Rapha\u00ebl. La raison ? Leur vie, au parcours singulier.<\/p>\n<p><strong>N\u00e9s \u00e0 Ha\u00efti, Sonide et lui sont s\u00e9par\u00e9s \u00e0 l&rsquo;\u00e2ge de 3 ans<\/strong> et grandissent dans des familles diff\u00e9rentes. Lui \u00e0 Marseille, elle en Bretagne. \u00ab\u00a0J&rsquo;ai rencontr\u00e9 ma s\u0153ur \u00e0 l&rsquo;\u00e2ge de 17 ans. J&rsquo;ai toujours su qu&rsquo;elle \u00e9tait l\u00e0, mais on n&rsquo;avait jamais pris contact. Il manquait ce petit pas vers l&rsquo;autre pour savoir &lsquo;qu&rsquo;on existe vraiment\u00a0\u00bb, rembobine Rapha\u00ebl.\u00a0<\/p>\n<p>Puis un dimanche, c&rsquo;est Sonide qui prend les devants. Elle d\u00e9croche son t\u00e9l\u00e9phone. \u00ab\u00a0On a parl\u00e9 jusqu&rsquo;au soir, \u00e0 se raconter nos vies, \u00e0 essayer de se d\u00e9couvrir, reprend le Marseillais \u00e9mu. \u00c0 la fin, on s&rsquo;est fix\u00e9 une date pour se rencontrer.\u00a0\u00bb\u00a0<\/p>\n<p>Depuis, ils ne se s\u00e9parent plus. Bien s\u00fbr, impossible pour eux de rattraper le temps perdu. \u00ab\u00a0Les retrouvailles avec ma s\u0153ur ont \u00e9t\u00e9 fusionnelles, se souvient Rapha\u00ebl. Quand on s&rsquo;est vu pour la premi\u00e8re fois, \u00e7a coulait de source entre nous. On parlait comme si on ne s&rsquo;\u00e9tait juste pas vu depuis quelques mois\u00a0\u00bb. <\/p>\n<p>Leur volont\u00e9 est de cr\u00e9er de nouvelles choses, des souvenirs et un avenir. \u00ab\u00a0P\u00e9kin Express, c&rsquo;est notre moment de vie en commun. On a r\u00e9ellement tiss\u00e9 des liens, partag\u00e9 quelque chose, v\u00e9cu ensemble, se r\u00e9jouit le jeune homme de 25 ans. Finalement, on s&rsquo;\u00e9tait toujours vu que sur des moments joyeux. On n&rsquo;avait jamais \u00e9t\u00e9 dans le dur ensemble. L\u00e0 dans P\u00e9kin Express, on a du bon moment, du moins bon, mais dans tous les cas, on a \u00e9t\u00e9 solidaires.\u00a0\u00bb<\/p>\n<p>\u00ab\u00a0J&rsquo;ai pr\u00e9par\u00e9 des fiches en anglais&#8230; pour rien !\u00a0\u00bb<br \/>\n<img alt=\"Rapha\u00ebl a grandi \u00e0 Marseille. \u00c0 l'\u00e2ge de 17 ans, il rencontre pour la premi\u00e8re fois sa soeur qui elle a \u00e9t\u00e9 \u00e9lev\u00e9e en Bretagne.\" loading=\"lazy\" decoding=\"async\" data-nimg=\"fill\" class=\" TwicCore_img__i9TC1 undefined  undefined\" style=\"position:absolute;height:100%;width:100%;left:0;top:0;right:0;bottom:0;color:transparent;background-size:cover;background-position:50% 50%;background-repeat:no-repeat;background-image:url(&quot;data:image\/svg+xml;charset=utf-8,%3Csvg xmlns='http:\/\/www.w3.org\/2000\/svg' %3E%3Cfilter id='b' color-interpolation-filters='sRGB'%3E%3CfeGaussianBlur stdDeviation='20'\/%3E%3CfeColorMatrix values='1 0 0 0 0 0 1 0 0 0 0 0 1 0 0 0 0 0 100 -1' result='s'\/%3E%3CfeFlood x='0' y='0' width='100%25' height='100%25'\/%3E%3CfeComposite operator='out' in='s'\/%3E%3CfeComposite in2='SourceGraphic'\/%3E%3CfeGaussianBlur stdDeviation='20'\/%3E%3C\/filter%3E%3Cimage width='100%25' height='100%25' x='0' y='0' preserveAspectRatio='none' style='filter: url(%23b);' href='https:\/\/pictures.laprovence.com\/cdn-cgi\/image\/blur=250\/media\/melody\/2025\/11\/06\/portrait-de-raphael-de-pekin-express-041125gbr02-041125gbr02-1762452044_64fd49913a09698fd49913a098cfd4v_.jpg'\/%3E%3C\/svg%3E&quot;)\"   src=\"https:\/\/www.europesays.com\/fr\/wp-content\/uploads\/2025\/11\/portrait-de-raphael-de-pekin-express-041125gbr02-041125gbr02-1762452044_64fd49913a09698fd49913a098cf.jpeg\"\/>Rapha\u00ebl a grandi \u00e0 Marseille. \u00c0 l&rsquo;\u00e2ge de 17 ans, il rencontre pour la premi\u00e8re fois sa soeur qui elle a \u00e9t\u00e9 \u00e9lev\u00e9e en Bretagne. \/ PHOTO GILLES BADER (LA PROVENCE)<\/p>\n<p>C&rsquo;est finalement sur les pistes enneig\u00e9es du Kazakhstan que les fr\u00e8re et s\u0153ur vont apprendre \u00e0 se conna\u00eetre vraiment. \u00ab\u00a0La force de ma s\u0153ur, c&rsquo;est son envie, sourit le Marseillais. M\u00eame si c&rsquo;est dur, elle va foncer. Elle va se plaindre, mais elle va toujours avancer. J&rsquo;admire cette qualit\u00e9\u00a0\u00bb. De son c\u00f4t\u00e9, Rapha\u00ebl mise, lui, sur sa motivation in\u00e9branlable. \u00ab\u00a0C&rsquo;est tr\u00e8s difficile de me faire baisser les bras. Surtout quand je vois Sonide autant motiv\u00e9e \u00e0 c\u00f4t\u00e9.\u00a0\u00bb<\/p>\n<p>La destination a \u00e9t\u00e9 une surprise. Lui qui s&rsquo;imaginait d\u00e9couvrir l&rsquo;Alaska polaire se retrouve en Asie centrale. \u00ab\u00a0On s&rsquo;est imm\u00e9diatement dit que l\u00e0 \u00e7a allait \u00eatre dur. C&rsquo;est un pays o\u00f9 on n&rsquo;aurait jamais imagin\u00e9 mettre un pied\u00a0\u00bb, reconna\u00eet Rapha\u00ebl. C\u00f4t\u00e9 appr\u00e9hension, le fr\u00e8re et la s\u0153ur en avaient pour les \u00e9preuves, mais pas pour le froid ou l&rsquo;autostop. Vivre P\u00e9kin Express est pour eux un \u00ab\u00a0plongeon vers l&rsquo;inconnu et le d\u00e9passement de soi\u00a0\u00bb.<\/p>\n<p>\u00ab\u00a0On devait se pr\u00e9parer&#8230; mais les jours ont pass\u00e9 et on n&rsquo;a rien fait, l\u00e2che dans un rire le jeune homme.\u00a0J&rsquo;avais fait des fiches pour r\u00e9viser l&rsquo;anglais, mais les Kazakhs ne le parlent pas ! Donc mes fiches n&rsquo;ont servi \u00e0 rien. Finalement, on est all\u00e9s \u00e0 l&rsquo;audace, simple. \u00c0 la marseillaise !\u00a0\u00bb\u00a0<\/p>\n<p>Une aventure avec sa s\u0153ur, sa premi\u00e8re. Et si \u00ab\u00a0P\u00e9kin Express\u00a0\u00bb frappe une nouvelle fois \u00e0 sa porte, il n&rsquo;h\u00e9sitera pas une seule seconde \u00e0 repartir&#8230;<\/p>\n","protected":false},"excerpt":{"rendered":"Le dicton ne dit-il pas \u00ab\u00a0jamais deux sans trois\u00a0\u00bb ? Alors qu&rsquo;un bin\u00f4me 100% made in Marseille, Missak&hellip;\n","protected":false},"author":2,"featured_media":516833,"comment_status":"","ping_status":"","sticky":false,"template":"","format":"standard","meta":{"footnotes":""},"categories":[2814],"tags":[17,1111,11,2511,19001,251,1777,674,6507,1011,27,884,12,14455,2484,882,25,63735,4717],"class_list":{"0":"post-516832","1":"post","2":"type-post","3":"status-publish","4":"format-standard","5":"has-post-thumbnail","7":"category-marseille","8":"tag-17","9":"tag-actu","10":"tag-actualites","11":"tag-cest","12":"tag-commun","13":"tag-culture","14":"tag-eu","15":"tag-europe","16":"tag-express","17":"tag-fr","18":"tag-france","19":"tag-marseille","20":"tag-news","21":"tag-notre","22":"tag-pekin","23":"tag-provence-alpes-cote-dazur","24":"tag-republique-francaise","25":"tag-separe","26":"tag-vie"},"share_on_mastodon":{"url":"https:\/\/pubeurope.com\/@fr\/115504979325710756","error":""},"_links":{"self":[{"href":"https:\/\/www.europesays.com\/fr\/wp-json\/wp\/v2\/posts\/516832","targetHints":{"allow":["GET"]}}],"collection":[{"href":"https:\/\/www.europesays.com\/fr\/wp-json\/wp\/v2\/posts"}],"about":[{"href":"https:\/\/www.europesays.com\/fr\/wp-json\/wp\/v2\/types\/post"}],"author":[{"embeddable":true,"href":"https:\/\/www.europesays.com\/fr\/wp-json\/wp\/v2\/users\/2"}],"replies":[{"embeddable":true,"href":"https:\/\/www.europesays.com\/fr\/wp-json\/wp\/v2\/comments?post=516832"}],"version-history":[{"count":0,"href":"https:\/\/www.europesays.com\/fr\/wp-json\/wp\/v2\/posts\/516832\/revisions"}],"wp:featuredmedia":[{"embeddable":true,"href":"https:\/\/www.europesays.com\/fr\/wp-json\/wp\/v2\/media\/516833"}],"wp:attachment":[{"href":"https:\/\/www.europesays.com\/fr\/wp-json\/wp\/v2\/media?parent=516832"}],"wp:term":[{"taxonomy":"category","embeddable":true,"href":"https:\/\/www.europesays.com\/fr\/wp-json\/wp\/v2\/categories?post=516832"},{"taxonomy":"post_tag","embeddable":true,"href":"https:\/\/www.europesays.com\/fr\/wp-json\/wp\/v2\/tags?post=516832"}],"curies":[{"name":"wp","href":"https:\/\/api.w.org\/{rel}","templated":true}]}}