{"id":516836,"date":"2025-11-06T21:55:20","date_gmt":"2025-11-06T21:55:20","guid":{"rendered":"https:\/\/www.europesays.com\/fr\/516836\/"},"modified":"2025-11-06T21:55:20","modified_gmt":"2025-11-06T21:55:20","slug":"ville-et-metropole-de-lyon-distinguees-par-le-label-europeen-gold-pour-leur-action-climatique","status":"publish","type":"post","link":"https:\/\/www.europesays.com\/fr\/516836\/","title":{"rendered":"Ville et M\u00e9tropole de Lyon distingu\u00e9es par le label europ\u00e9en \u201cGold\u201d pour leur action climatique"},"content":{"rendered":"<p itemprop=\"description\"><strong>Nouvelle reconnaissance pour Lyon et la M\u00e9tropole sur la sc\u00e8ne europ\u00e9enne.<\/strong><\/p>\n<p>Les deux collectivit\u00e9s viennent d\u2019obtenir le niveau \u201cGold\u201d de l\u2019European Energy Award, la plus haute distinction attribu\u00e9e aux territoires engag\u00e9s dans la transition \u00e9nerg\u00e9tique.<\/p>\n<p>Ce label, d\u00e9cern\u00e9 ce jeudi \u00e0 Saas-Fee en Suisse, vient couronner plusieurs ann\u00e9es de politiques locales en mati\u00e8re de climat, d\u2019air et d\u2019\u00e9nergie. Il intervient seulement quelques mois apr\u00e8s l\u2019obtention de la cinqui\u00e8me \u00e9toile du label national Climat-Air-\u00c9nergie (CAE), d\u00e9livr\u00e9 par l\u2019ADEME dans le cadre du programme Territoire Engag\u00e9 Transition \u00c9cologique.<\/p>\n<p>Avec cette double labellisation, Lyon rejoint un cercle restreint de collectivit\u00e9s europ\u00e9ennes reconnues pour leurs efforts en faveur de la sobri\u00e9t\u00e9 \u00e9nerg\u00e9tique, des mobilit\u00e9s durables et du d\u00e9veloppement des \u00e9nergies renouvelables.<\/p>\n<p>La M\u00e9tropole de Lyon devient ainsi le territoire le plus peupl\u00e9 d\u2019Europe \u00e0 d\u00e9crocher le niveau Gold, tandis que la Ville de Lyon est la commune fran\u00e7aise la plus importante \u00e0 recevoir cette distinction, juste derri\u00e8re Leipzig en Allemagne \u00e0 l\u2019\u00e9chelle europ\u00e9enne.<\/p>\n<p>En France, seules 19 collectivit\u00e9s sont labellis\u00e9es Gold sur les 93 engag\u00e9es dans la d\u00e9marche de l\u2019European Energy Award.<\/p>\n<p>Cette distinction met en lumi\u00e8re les engagements conjoints des deux institutions pour r\u00e9duire les consommations d\u2019\u00e9nergie, les \u00e9missions de gaz \u00e0 effet de serre et am\u00e9liorer la qualit\u00e9 de l\u2019air.<\/p>\n","protected":false},"excerpt":{"rendered":"Nouvelle reconnaissance pour Lyon et la M\u00e9tropole sur la sc\u00e8ne europ\u00e9enne. Les deux collectivit\u00e9s viennent d\u2019obtenir le niveau&hellip;\n","protected":false},"author":2,"featured_media":516837,"comment_status":"","ping_status":"","sticky":false,"template":"","format":"standard","meta":{"footnotes":""},"categories":[1889],"tags":[1111,11,2813,2190,2430,1109,251,1112,2811,1777,674,118,1011,27,1922,1110,1114,2428,2810,12,241,316,25,2812,517,800],"class_list":{"0":"post-516836","1":"post","2":"type-post","3":"status-publish","4":"format-standard","5":"has-post-thumbnail","7":"category-lyon","8":"tag-actu","9":"tag-actualites","10":"tag-article","11":"tag-asvel","12":"tag-auvergne-rhone-alpes","13":"tag-breves","14":"tag-culture","15":"tag-depeches","16":"tag-economique","17":"tag-eu","18":"tag-europe","19":"tag-faits-divers","20":"tag-fr","21":"tag-france","22":"tag-info","23":"tag-informations","24":"tag-infos","25":"tag-lyon","26":"tag-lyonmag","27":"tag-news","28":"tag-ol","29":"tag-politique","30":"tag-republique-francaise","31":"tag-sociale","32":"tag-sport","33":"tag-transports"},"share_on_mastodon":{"url":"https:\/\/pubeurope.com\/@fr\/115504987005838655","error":""},"_links":{"self":[{"href":"https:\/\/www.europesays.com\/fr\/wp-json\/wp\/v2\/posts\/516836","targetHints":{"allow":["GET"]}}],"collection":[{"href":"https:\/\/www.europesays.com\/fr\/wp-json\/wp\/v2\/posts"}],"about":[{"href":"https:\/\/www.europesays.com\/fr\/wp-json\/wp\/v2\/types\/post"}],"author":[{"embeddable":true,"href":"https:\/\/www.europesays.com\/fr\/wp-json\/wp\/v2\/users\/2"}],"replies":[{"embeddable":true,"href":"https:\/\/www.europesays.com\/fr\/wp-json\/wp\/v2\/comments?post=516836"}],"version-history":[{"count":0,"href":"https:\/\/www.europesays.com\/fr\/wp-json\/wp\/v2\/posts\/516836\/revisions"}],"wp:featuredmedia":[{"embeddable":true,"href":"https:\/\/www.europesays.com\/fr\/wp-json\/wp\/v2\/media\/516837"}],"wp:attachment":[{"href":"https:\/\/www.europesays.com\/fr\/wp-json\/wp\/v2\/media?parent=516836"}],"wp:term":[{"taxonomy":"category","embeddable":true,"href":"https:\/\/www.europesays.com\/fr\/wp-json\/wp\/v2\/categories?post=516836"},{"taxonomy":"post_tag","embeddable":true,"href":"https:\/\/www.europesays.com\/fr\/wp-json\/wp\/v2\/tags?post=516836"}],"curies":[{"name":"wp","href":"https:\/\/api.w.org\/{rel}","templated":true}]}}