{"id":516843,"date":"2025-11-06T22:00:13","date_gmt":"2025-11-06T22:00:13","guid":{"rendered":"https:\/\/www.europesays.com\/fr\/516843\/"},"modified":"2025-11-06T22:00:13","modified_gmt":"2025-11-06T22:00:13","slug":"ce-tirage-au-sort-de-paris-vous-permettra-davoir-un-voisin-celebre-au-cimetiere","status":"publish","type":"post","link":"https:\/\/www.europesays.com\/fr\/516843\/","title":{"rendered":"Ce tirage au sort de Paris vous permettra d\u2019avoir un voisin c\u00e9l\u00e8bre&#8230; au cimeti\u00e8re"},"content":{"rendered":"<p class=\"mb-4 text-lg md:leading-8 break-words\">FRANCE &#8211; Rejoindre les \u00e9toiles aux c\u00f4t\u00e9s de stars. La ville de <a href=\"https:\/\/fr.news.yahoo.com\/%C3%A0-paris-octog%C3%A9naire-%C3%A9t%C3%A9-incin%C3%A9r%C3%A9e-194515585.html\" data-ylk=\"slk:Paris;elm:context_link;itc:0;sec:content-canvas;outcm:mb_qualified_link;_E:mb_qualified_link;ct:story;\" class=\"link  yahoo-link\" target=\"_blank\" rel=\"noopener\">Paris <\/a>a lanc\u00e9 cette semaine un tirage au sort in\u00e9dit qui permettra aux heureux gagnants un repos \u00e9ternel dans des<a href=\"https:\/\/fr.news.yahoo.com\/cimeti%C3%A8res-lyonnais-tarification-sociale-rendre-100309393.html\" data-ylk=\"slk:tombes;elm:context_link;itc:0;sec:content-canvas;outcm:mb_qualified_link;_E:mb_qualified_link;ct:story;\" class=\"link  yahoo-link\" target=\"_blank\" rel=\"noopener\"> tombes <\/a>patrimoniales \u00e0 l\u2019abandon, et surtout proches de celles de c\u00e9l\u00e9brit\u00e9s. Mais il y a une contrepartie\u00a0: payer la restauration des monuments fun\u00e9raires.<\/p>\n<p class=\"mb-4 text-lg md:leading-8 break-words\">Depuis lundi 3\u00a0novembre, la mairie propose ainsi trente monuments \u00e0 la vente sur tirage au sort\u00a0: 10 au P\u00e8re-Lachaise, 10 \u00e0 Montparnasse et 10 \u00e0 Montmartre.<\/p>\n<p class=\"mb-4 text-lg md:leading-8 break-words\"><a href=\"https:\/\/fr.news.yahoo.com\/l-acad%C3%A9mie-fran%C3%A7aise-conna%C3%AEt-nom-192834380.html\" data-ylk=\"slk:L\u2019Acad\u00e9mie fran\u00e7aise conna\u00eet le nom de ses deux nouveaux pensionnaires;elm:context_link;itc:0;sec:content-canvas;outcm:mb_qualified_link;_E:mb_qualified_link;ct:story;\" class=\"link  yahoo-link\" target=\"_blank\" rel=\"noopener\"> L\u2019Acad\u00e9mie fran\u00e7aise conna\u00eet le nom de ses deux nouveaux pensionnaires <\/a><\/p>\n<p class=\"mb-4 text-lg md:leading-8 break-words\">Le patrimoine des cimeti\u00e8res parisiens compte au total 634\u00a0000 concessions mais reposer pr\u00e8s de Jim Morrison au P\u00e8re-Lachaise ou de Simone de Beauvoir \u00e0 Montparnasse restait un v\u0153u pieux, les cimeti\u00e8res historiques \u00e9tant satur\u00e9s depuis le d\u00e9but du XXe\u00a0si\u00e8cle. R\u00e9sultat\u00a0: ces lieux regorgent de s\u00e9pultures \u00e0 l\u2019abandon que leur valeur patrimoniale emp\u00eache de d\u00e9truire.<\/p>\n<p><strong>Un \u00ab\u00a0int\u00e9r\u00eat \u00e9cologique\u00a0\u00bb<\/strong><\/p>\n<p class=\"mb-4 text-lg md:leading-8 break-words\">Signe de l\u2019int\u00e9r\u00eat, \u00ab\u00a0d\u00e8s les 24 premi\u00e8res heures on a eu 1\u00a0000 clics sur les dossiers de candidature\u00a0\u00bb, a indiqu\u00e9 \u00e0 l\u2019AFP Paul Simondon, adjoint \u00e0 la maire de Paris Anne Hidalgo charg\u00e9 des affaires fun\u00e9raires.<\/p>\n<p class=\"mb-4 text-lg md:leading-8 break-words\">Les candidats doivent \u00ab\u00a0fournir des devis d\u2019entreprises de marbrerie sp\u00e9cialis\u00e9es pour montrer qu\u2019ils connaissent le co\u00fbt de la r\u00e9novation, afin qu\u2019il n\u2019y ait pas de surprise\u00a0\u00bb, a expliqu\u00e9 l\u2019\u00e9lu. Si les conditions de restauration et d\u2019achat ne sont pas remplies, \u00ab\u00a0la vente du monument est annul\u00e9e et l\u2019acqu\u00e9reur perd son investissement\u00a0\u00bb, pr\u00e9vient la Ville. Voici le lien pour d\u00e9poser si vous le souhaitez <a href=\"https:\/\/www.paris.fr\/pages\/sauver-un-monument-funeraire-en-obtenant-une-concession-32799\" rel=\"nofollow noopener\" target=\"_blank\" data-ylk=\"slk:votre candidature;elm:context_link;itc:0;sec:content-canvas\" class=\"link \">votre candidature<\/a>.<\/p>\n<p class=\"mb-4 text-lg md:leading-8 break-words\">Ce m\u00e9canisme de restauration\u00a0permet \u00ab\u00a0pour la premi\u00e8re fois aux familles d\u2019anticiper l\u2019achat d\u2019une concession intramuros\u00a0\u00bb, fait valoir Paul Simondon. Le dispositif a \u00e9t\u00e9 selon l\u2019adjoint \u00ab\u00a0valid\u00e9 par les services de l\u2019\u00c9tat, permettant de lier l\u2019achat du monument, relevant du domaine priv\u00e9, \u00e0 l\u2019obtention de la concession publique\u00a0\u00bb.<\/p>\n<p class=\"mb-4 text-lg md:leading-8 break-words\">Ce premier tirage au sort constitue un test et la mairie r\u00e9fl\u00e9chit \u00e0 \u00e9tendre le dispositif, a ajout\u00e9 Paul Simondon, soulignant l\u2019\u00ab\u00a0int\u00e9r\u00eat \u00e9cologique\u00a0\u00bb du r\u00e9emploi des monuments fun\u00e9raires.<\/p>\n<p class=\"mb-4 text-lg md:leading-8 break-words\"><a href=\"https:\/\/fr.news.yahoo.com\/gremlins-vont-faire-retour-3e-201625726.html\" data-ylk=\"slk:Les Gremlins vont faire leur retour pour un 3e film, 35\u00a0ans apr\u00e8s le dernier;elm:context_link;itc:0;sec:content-canvas;outcm:mb_qualified_link;_E:mb_qualified_link;ct:story;\" class=\"link  yahoo-link\" target=\"_blank\" rel=\"noopener\"> Les Gremlins vont faire leur retour pour un 3e film, 35\u00a0ans apr\u00e8s le dernier <\/a><\/p>\n<p class=\"mb-4 text-lg md:leading-8 break-words\"><a href=\"https:\/\/fr.news.yahoo.com\/pr%C3%A9sident-foudroy%C3%A9-netflix-raconte-destin-170007795.html\" data-ylk=\"slk:\u00ab\u00a0Un pr\u00e9sident foudroy\u00e9\u00a0\u00bb sur Netflix raconte le destin de James Garfield (et de son assassin);elm:context_link;itc:0;sec:content-canvas;outcm:mb_qualified_link;_E:mb_qualified_link;ct:story;\" class=\"link  yahoo-link\" target=\"_blank\" rel=\"noopener\"> \u00ab\u00a0Un pr\u00e9sident foudroy\u00e9\u00a0\u00bb sur Netflix raconte le destin de James Garfield (et de son assassin) <\/a><\/p>\n","protected":false},"excerpt":{"rendered":"FRANCE &#8211; Rejoindre les \u00e9toiles aux c\u00f4t\u00e9s de stars. La ville de Paris a lanc\u00e9 cette semaine un&hellip;\n","protected":false},"author":2,"featured_media":516844,"comment_status":"","ping_status":"","sticky":false,"template":"","format":"standard","meta":{"footnotes":""},"categories":[1888],"tags":[1111,1928,11,1927,1777,674,1011,27,6913,1913,63736,12,1926,626,1925,6914,25,14839,16207],"class_list":{"0":"post-516843","1":"post","2":"type-post","3":"status-publish","4":"format-standard","5":"has-post-thumbnail","7":"category-paris","8":"tag-actu","9":"tag-actu-paris","10":"tag-actualites","11":"tag-actualites-paris","12":"tag-eu","13":"tag-europe","14":"tag-fr","15":"tag-france","16":"tag-jim-morrison","17":"tag-la-ville","18":"tag-monuments-funeraires","19":"tag-news","20":"tag-news-paris","21":"tag-paris","22":"tag-paris-news","23":"tag-pere-lachaise","24":"tag-republique-francaise","25":"tag-simone-de-beauvoir","26":"tag-tirage-au-sort"},"share_on_mastodon":{"url":"https:\/\/pubeurope.com\/@fr\/115505006105328698","error":""},"_links":{"self":[{"href":"https:\/\/www.europesays.com\/fr\/wp-json\/wp\/v2\/posts\/516843","targetHints":{"allow":["GET"]}}],"collection":[{"href":"https:\/\/www.europesays.com\/fr\/wp-json\/wp\/v2\/posts"}],"about":[{"href":"https:\/\/www.europesays.com\/fr\/wp-json\/wp\/v2\/types\/post"}],"author":[{"embeddable":true,"href":"https:\/\/www.europesays.com\/fr\/wp-json\/wp\/v2\/users\/2"}],"replies":[{"embeddable":true,"href":"https:\/\/www.europesays.com\/fr\/wp-json\/wp\/v2\/comments?post=516843"}],"version-history":[{"count":0,"href":"https:\/\/www.europesays.com\/fr\/wp-json\/wp\/v2\/posts\/516843\/revisions"}],"wp:featuredmedia":[{"embeddable":true,"href":"https:\/\/www.europesays.com\/fr\/wp-json\/wp\/v2\/media\/516844"}],"wp:attachment":[{"href":"https:\/\/www.europesays.com\/fr\/wp-json\/wp\/v2\/media?parent=516843"}],"wp:term":[{"taxonomy":"category","embeddable":true,"href":"https:\/\/www.europesays.com\/fr\/wp-json\/wp\/v2\/categories?post=516843"},{"taxonomy":"post_tag","embeddable":true,"href":"https:\/\/www.europesays.com\/fr\/wp-json\/wp\/v2\/tags?post=516843"}],"curies":[{"name":"wp","href":"https:\/\/api.w.org\/{rel}","templated":true}]}}