{"id":516853,"date":"2025-11-06T22:05:21","date_gmt":"2025-11-06T22:05:21","guid":{"rendered":"https:\/\/www.europesays.com\/fr\/516853\/"},"modified":"2025-11-06T22:05:21","modified_gmt":"2025-11-06T22:05:21","slug":"le-pays-paralyse-des-milliers-de-vols-annules","status":"publish","type":"post","link":"https:\/\/www.europesays.com\/fr\/516853\/","title":{"rendered":"le pays paralys\u00e9, des milliers de vols annul\u00e9s"},"content":{"rendered":"<p>      lire plus tard<\/p>\n<p id=\"dialog__title\" class=\"dialog__title\">Pour sauvegarder cet article, connectez-vous ou cr\u00e9ez un compte franceinfo<\/p>\n<p class=\"dialog__description\">Sans paiement. Sans abonnement.<\/p>\n<p>        Fermer la fen\u00eatre d\u2019activation des notifications France Info<\/p>\n<p>      cr\u00e9er votre compte<\/p>\n<p>      se connecter<\/p>\n<p>        Fermer la fen\u00eatre de pr\u00e9sentation<\/p>\n<p>    Publi\u00e9 le 06\/11\/2025 22:49<\/p>\n<p>      Mis \u00e0 jour le 06\/11\/2025 22:51<\/p>\n<p>        Temps de lecture : 2min &#8211; vid\u00e9o : 2min<\/p>\n<p>    <img decoding=\"async\" class=\"francetv-player-wrapper__image\" alt=\"Budget bloqu\u00e9 aux \u00c9tats-Unis : le pays paralys\u00e9, des milliers de vols annul\u00e9s\"  width=\"432\" height=\"243\" src=\"https:\/\/www.europesays.com\/fr\/wp-content\/uploads\/2025\/11\/budget-bloque-aux-etats-unis-le-pays-paralyse-des-milliers-de-vols-annules-690d16dda1c41841285094.jp.jpeg\" fetchpriority=\"high\"\/><\/p>\n<p>              Budget bloqu\u00e9 aux \u00c9tats-Unis : le pays paralys\u00e9, des milliers de vols annul\u00e9s<br \/>\n                    (France 2)<\/p>\n<p>      2min<\/p>\n<p>\n  Des milliers de vols nationaux ont d\u00e9j\u00e0 \u00e9t\u00e9 annul\u00e9s pour le week-end du 11 et 12 novembre en raison du plus long shutdown de l\u2019histoire am\u00e9ricaine. La paralysie budg\u00e9taire dure depuis 37 jours, et les contr\u00f4leurs a\u00e9riens ne sont plus r\u00e9mun\u00e9r\u00e9s.\n<\/p>\n<p><strong>Ce texte correspond \u00e0 une partie de la retranscription du reportage ci-dessus. Cliquez sur la vid\u00e9o pour la regarder en int\u00e9gralit\u00e9.<\/strong><\/p>\n<p>Des fils ininterrompus jusqu&rsquo;\u00e0 l&rsquo;ext\u00e9rieur de l&rsquo;a\u00e9roport au Texas. Des heures et des heures d&rsquo;attente, faute de suffisamment d&#8217;employ\u00e9s pr\u00e9sents \u00e0 la s\u00e9curit\u00e9. \u00ab\u00a0Je ne savais pas \u00e0 quel point le shutdown \u00e9tait s\u00e9rieux. Eh bien, je m&rsquo;en rends compte \u00e0 l&rsquo;a\u00e9roport, c&rsquo;est n&rsquo;importe quoi\u00a0\u00bb, d\u00e9plore un usager de l&rsquo;a\u00e9roport. Il y a d\u00e9j\u00e0 de nombreux vols retard\u00e9s chaque jour, mais cela va encore empirer.<\/p>\n<p>D\u00e8s vendredi matin, <a href=\"https:\/\/www.franceinfo.fr\/monde\/usa\/il-nous-manque-2-000-controleurs-aeriens-le-gouvernement-americain-impose-des-suppressions-de-vols-a-partir-de-vendredi-a-cause-du-shutdown_7597571.html\" rel=\"nofollow noopener\" target=\"_blank\">10 % des vols seront annul\u00e9s dans 40 a\u00e9roports du pays<\/a>. La raison ? Il n&rsquo;y a toujours pas d&rsquo;accord au Capitol sur le budget depuis maintenant 37 jours. Avec ce <a href=\"https:\/\/www.franceinfo.fr\/monde\/usa\/presidentielle\/donald-trump\/apres-deux-semaines-de-shutdown-aux-etats-unis-republicains-et-democrates-se-rejettent-la-faute_7553845.html\" rel=\"nofollow noopener\" target=\"_blank\">shutdown<\/a>, des milliers d&#8217;employ\u00e9s f\u00e9d\u00e9raux sont au ch\u00f4mage. D&rsquo;autres doivent travailler sans \u00eatre pay\u00e9s, comme les agents de s\u00e9curit\u00e9 ou les contr\u00f4leurs a\u00e9riens. \u00ab\u00a0On re\u00e7oit z\u00e9ro dollar sur notre feuille de paie. Vous imaginez comme c&rsquo;est stressant ?\u00a0\u00bb, alerte l&rsquo;un d&rsquo;eux.<\/p>\n<p>R\u00e9sultat, certains pr\u00e9f\u00e8rent se faire porter p\u00e2le. Il n&rsquo;y a plus assez de contr\u00f4leurs a\u00e9riens pour garantir la s\u00e9curit\u00e9 de tous les vols. \u00ab\u00a0Certains ont pris des petits boulots \u00e0 c\u00f4t\u00e9. Bien s\u00fbr, on leur demande de venir travailler, mais on n&rsquo;est pas na\u00effs. On comprend qu&rsquo;ils essayent de payer leurs factures quotidiennes\u00a0\u00bb, a d\u00e9clar\u00e9 Sean Duffy, secr\u00e9taire d&rsquo;\u00c9tat am\u00e9ricain aux transports.<\/p>\n<p>Jeudi matin, \u00e0 l&rsquo;a\u00e9roport Reagan \u00e0 Washington, certains ont anticip\u00e9 leur voyage. Un consultant, lui, part sans savoir quand il pourra rentrer. Il a re\u00e7u un mail de la compagnie. Son vol retour risque d&rsquo;\u00eatre annul\u00e9 : \u00ab\u00a0Je suis en train de r\u00e9fl\u00e9chir \u00e0 un plan B : louer une voiture, trouver un train, mais je suis vraiment inquiet de ne pas pouvoir rentrer chez moi\u00a0\u00bb.<\/p>\n<p>Des associations organisent m\u00eame des distributions de nourriture dans l&rsquo;enceinte des a\u00e9roports pour tenter d&rsquo;aider les employ\u00e9s f\u00e9d\u00e9raux. Donald Trump a convoqu\u00e9 les \u00e9lus r\u00e9publicains et leur a demand\u00e9 de trouver une solution pour passer en force au Congr\u00e8s et ainsi mettre fin au shutdown, mais il se refuse toujours au moindre compromis avec les d\u00e9mocrates.<\/p>\n","protected":false},"excerpt":{"rendered":"lire plus tard Pour sauvegarder cet article, connectez-vous ou cr\u00e9ez un compte franceinfo Sans paiement. Sans abonnement. Fermer&hellip;\n","protected":false},"author":2,"featured_media":516854,"comment_status":"","ping_status":"","sticky":false,"template":"","format":"standard","meta":{"footnotes":""},"categories":[1589],"tags":[11,73,1866,12,1864,1865,1863,308],"class_list":{"0":"post-516853","1":"post","2":"type-post","3":"status-publish","4":"format-standard","5":"has-post-thumbnail","7":"category-etats-unis","8":"tag-actualites","9":"tag-etats-unis","10":"tag-etats-unis-damerique","11":"tag-news","12":"tag-united-states","13":"tag-united-states-of-america","14":"tag-us","15":"tag-usa"},"share_on_mastodon":{"url":"https:\/\/pubeurope.com\/@fr\/115505026580328222","error":""},"_links":{"self":[{"href":"https:\/\/www.europesays.com\/fr\/wp-json\/wp\/v2\/posts\/516853","targetHints":{"allow":["GET"]}}],"collection":[{"href":"https:\/\/www.europesays.com\/fr\/wp-json\/wp\/v2\/posts"}],"about":[{"href":"https:\/\/www.europesays.com\/fr\/wp-json\/wp\/v2\/types\/post"}],"author":[{"embeddable":true,"href":"https:\/\/www.europesays.com\/fr\/wp-json\/wp\/v2\/users\/2"}],"replies":[{"embeddable":true,"href":"https:\/\/www.europesays.com\/fr\/wp-json\/wp\/v2\/comments?post=516853"}],"version-history":[{"count":0,"href":"https:\/\/www.europesays.com\/fr\/wp-json\/wp\/v2\/posts\/516853\/revisions"}],"wp:featuredmedia":[{"embeddable":true,"href":"https:\/\/www.europesays.com\/fr\/wp-json\/wp\/v2\/media\/516854"}],"wp:attachment":[{"href":"https:\/\/www.europesays.com\/fr\/wp-json\/wp\/v2\/media?parent=516853"}],"wp:term":[{"taxonomy":"category","embeddable":true,"href":"https:\/\/www.europesays.com\/fr\/wp-json\/wp\/v2\/categories?post=516853"},{"taxonomy":"post_tag","embeddable":true,"href":"https:\/\/www.europesays.com\/fr\/wp-json\/wp\/v2\/tags?post=516853"}],"curies":[{"name":"wp","href":"https:\/\/api.w.org\/{rel}","templated":true}]}}