{"id":516855,"date":"2025-11-06T22:06:23","date_gmt":"2025-11-06T22:06:23","guid":{"rendered":"https:\/\/www.europesays.com\/fr\/516855\/"},"modified":"2025-11-06T22:06:23","modified_gmt":"2025-11-06T22:06:23","slug":"affaire-epstein-voici-pourquoi-des-membres-du-congres-americain-veulent-entendre-lex-prince-andrew","status":"publish","type":"post","link":"https:\/\/www.europesays.com\/fr\/516855\/","title":{"rendered":"Affaire Epstein : voici pourquoi des membres du Congr\u00e8s am\u00e9ricain veulent entendre l&rsquo;ex-prince Andrew"},"content":{"rendered":"<ul class=\"jsx-862013697 ArticleChapo__List\">\n<li class=\"jsx-862013697 ArticleChapo__List_Item flex\">Andrew, deuxi\u00e8me fils de la reine Elizabeth II et fr\u00e8re du roi Charles III, a \u00e9t\u00e9 d\u00e9chu de l&rsquo;ensemble de ses titres \u00e0 la fin du mois d&rsquo;octobre dernier.<\/li>\n<li class=\"jsx-862013697 ArticleChapo__List_Item flex\">Le membre de la famille royale a \u00e9t\u00e9 derni\u00e8rement cit\u00e9 dans les m\u00e9moires posthumes de Virginia Giuffre, principale accusatrice dans l&rsquo;affaire Epstein.<\/li>\n<li class=\"jsx-862013697 ArticleChapo__List_Item flex\">Plusieurs membres d\u00e9mocrates du Congr\u00e8s am\u00e9ricain souhaitent entendre l&rsquo;ex-prince britannique, \u00ab\u00a0susceptible de d\u00e9tenir des informations pr\u00e9cieuses sur les crimes commis par M. Epstein et ses complices\u00a0\u00bb.<\/li>\n<\/ul>\n<p data-module=\"article-paragraph\" class=\"jsx-3046738180 Paragraph\">Il est susceptible \u00ab\u00a0de d\u00e9tenir des informations pr\u00e9cieuses\u00a0\u00bb. Des membres d\u00e9mocrates du Congr\u00e8s am\u00e9ricain ont demand\u00e9 jeudi \u00e0 l&rsquo;ex-prince Andrew, tout juste d\u00e9chu de l&rsquo;ensemble de ses titres, de t\u00e9moigner devant eux \u00e0 propos de ses liens avec le d\u00e9funt criminel sexuel Jeffrey Epstein. La lettre a \u00e9t\u00e9 adress\u00e9e \u00e0 celui qui ne peut d\u00e9sormais plus se pr\u00e9valoir que du nom d&rsquo;Andrew Mountbatten Windsor, par 16 \u00e9lus d\u00e9mocrates de la commission de supervision de la Chambre des repr\u00e9sentants.<\/p>\n<p data-module=\"article-paragraph\" class=\"jsx-3046738180 Paragraph Paragraph__End\">\u00ab\u00a0Il a \u00e9t\u00e9 rapport\u00e9 publiquement que votre amiti\u00e9 avec M. Epstein a d\u00e9but\u00e9 en 1999 et que vous \u00eates rest\u00e9 proche de lui pendant et apr\u00e8s sa condamnation en 2008 pour prox\u00e9n\u00e9tisme impliquant des mineurs\u00a0\u00bb, affirme la lettre, qui \u00e9voque aussi <a href=\"https:\/\/www.tf1info.fr\/culture\/il-se-comportait-comme-s-il-avait-des-droits-sur-moi-le-temoignage-posthume-de-virginia-giuffre-accable-le-prince-andrew-affaire-epstein-2400936.html\" target=\"_blank\" rel=\"noopener\">les accusations d&rsquo;agressions sexuelles port\u00e9es par Virginia Giuffre<\/a> contre le fr\u00e8re du roi Charles III.<\/p>\n<p>Une r\u00e9ponse attendue avant le 20 novembre<\/p>\n<p data-module=\"article-paragraph\" class=\"jsx-3046738180 Paragraph Paragraph__End\">La commission estime qu&rsquo;Andrew est susceptible \u00ab\u00a0de d\u00e9tenir des informations pr\u00e9cieuses <a href=\"https:\/\/www.tf1info.fr\/international\/mort-de-jeffrey-epstein-ghislaine-maxwell-a-repondu-a-toutes-les-questions-du-ministere-de-la-justice-2385074.html\" target=\"_blank\" rel=\"noopener\">sur les crimes commis par M. Epstein<\/a> et ses complices\u00a0\u00bb, et lui demande de \u00ab\u00a0se rendre disponible pour un entretien qui sera retranscrit\u00a0\u00bb. Les \u00e9lus demandent une r\u00e9ponse \u00ab\u00a0avant le 20 novembre 2025\u00a0\u00bb. Mais la d\u00e9marche semble avoir peu de chances d&rsquo;aboutir, les d\u00e9mocrates \u00e9tant minoritaires et les \u00e9trangers ne pouvant \u00eatre contraints \u00e0 se soumettre \u00e0 ce genre de requ\u00eate du Congr\u00e8s am\u00e9ricain.<\/p>\n<p>Deuxi\u00e8me fils d&rsquo;Elizabeth II, <a href=\"https:\/\/www.tf1info.fr\/culture\/train-de-vie-logement-affaire-epstein-quel-avenir-pour-l-ex-prince-andrew-2404100.html\" target=\"_blank\" rel=\"noopener\">Andrew a \u00e9t\u00e9 d\u00e9chu de l&rsquo;ensemble de ses titres<\/a> et somm\u00e9 de d\u00e9m\u00e9nager de sa luxueuse demeure de Royal Lodge \u00e0 Windsor. La privation de ses titres d&rsquo;altesse royale et de prince, annonc\u00e9e la semaine derni\u00e8re, a \u00e9t\u00e9 prise par une d\u00e9cision du roi Charles III officiellement publi\u00e9e mercredi. Le monarque a \u00e9t\u00e9 contraint d&rsquo;intervenir face au nouveau scandale d\u00e9clench\u00e9 par la publication des m\u00e9moires posthumes de Virginia Giuffre, principale accusatrice d&rsquo;Epstein.<\/p>\n<p><img decoding=\"async\" src=\"https:\/\/www.europesays.com\/fr\/wp-content\/uploads\/2025\/11\/ghislaine-maxwell-prince-andrew-virginia-giuffre-04fcad-1@1x.jpeg\" alt=\"Le prince Andrew pose avec Virginia Giuffre et Ghislaine Maxwell. La photo aurait \u00e9t\u00e9 prise en 2001 \u00e0 Londres. - Handout \/ US District Court - Southern District of New York (SDNY) \/ AFP\" loading=\"lazy\" importance=\"low\" fetchpriority=\"low\" class=\"\" data-module=\"article-image\"\/>Le prince Andrew pose avec Virginia Giuffre et Ghislaine Maxwell. La photo aurait \u00e9t\u00e9 prise en 2001 \u00e0 Londres. &#8211; Handout \/ US District Court &#8211; Southern District of New York (SDNY) \/ AFP<a href=\"https:\/\/www.tf1info.fr\/culture\/royaume-uni-une-fille-normale-a-fait-tomber-un-prince-la-famille-de-virginia-giuffre-se-felicite-de-la-chute-de-prince-andrew-2403902.html\" rel=\"noopener\" class=\"jsx-3308031228 Link flex\" target=\"_blank\"><img decoding=\"async\" src=\"https:\/\/www.europesays.com\/fr\/wp-content\/uploads\/2025\/11\/prince-andrew-virginia-giuffre-0a29c0-4@1x.jpeg\" alt=\"Le prince Andrew et Virginia Giuffre, qui l'accuse de viol alors qu'elle n'avait que 17 ans au d\u00e9but des ann\u00e9es 2000.\" loading=\"lazy\" importance=\"low\" fetchpriority=\"low\" class=\"\" aria-hidden=\"true\"\/><\/p>\n<p class=\"jsx-3657663356 ReadMoreArticle__Title\">Lire aussi<\/p>\n<p class=\"jsx-3657663356\">\u00ab\u00a0Une fille normale a fait tomber un prince\u00a0\u00bb : la famille de Virginia Giuffre se f\u00e9licite de la chute d&rsquo;Andrew<\/p>\n<p><\/a><\/p>\n<p data-module=\"article-paragraph\" class=\"jsx-3046738180 Paragraph Paragraph__End\">Cette derni\u00e8re, qui s&rsquo;est suicid\u00e9e en avril 2025, y raconte avoir eu trois rapports sexuels contraints avec Andrew, notamment quand elle avait 17 ans, alors qu&rsquo;elle \u00e9tait sous la coupe de Jeffrey Epstein. L&rsquo;homme est mort en prison en 2019 dans l&rsquo;attente de son proc\u00e8s. Andrew a toujours rejet\u00e9 les accusations de Virginia Giuffre. En 2022, il avait conclu un accord financier avec elle pour mettre fin \u00e0 des poursuites aux \u00c9tats-Unis.<\/p>\n<p>S.J avec AFP<\/p>\n","protected":false},"excerpt":{"rendered":"Andrew, deuxi\u00e8me fils de la reine Elizabeth II et fr\u00e8re du roi Charles III, a \u00e9t\u00e9 d\u00e9chu de&hellip;\n","protected":false},"author":2,"featured_media":516856,"comment_status":"","ping_status":"","sticky":false,"template":"","format":"standard","meta":{"footnotes":""},"categories":[1588],"tags":[1111,3824,11,581,251,20075,1777,674,1922,2041,12,546,4795,473,1853,1851,1850,1852],"class_list":{"0":"post-516855","1":"post","2":"type-post","3":"status-publish","4":"format-standard","5":"has-post-thumbnail","7":"category-royaume-uni","8":"tag-actu","9":"tag-actualite-culture","10":"tag-actualites","11":"tag-charles-iii","12":"tag-culture","13":"tag-elizabeth-ii","14":"tag-eu","15":"tag-europe","16":"tag-info","17":"tag-medias-et-divertissement","18":"tag-news","19":"tag-prince-andrew","20":"tag-roi-charles-iii","21":"tag-royaume-uni","22":"tag-royaume-uni-de-grande-bretagne-et-dirlande-du-nord","23":"tag-uk","24":"tag-united-kingdom","25":"tag-united-kingdom-of-great-britain-and-northern-ireland"},"share_on_mastodon":{"url":"https:\/\/pubeurope.com\/@fr\/115505029860965956","error":""},"_links":{"self":[{"href":"https:\/\/www.europesays.com\/fr\/wp-json\/wp\/v2\/posts\/516855","targetHints":{"allow":["GET"]}}],"collection":[{"href":"https:\/\/www.europesays.com\/fr\/wp-json\/wp\/v2\/posts"}],"about":[{"href":"https:\/\/www.europesays.com\/fr\/wp-json\/wp\/v2\/types\/post"}],"author":[{"embeddable":true,"href":"https:\/\/www.europesays.com\/fr\/wp-json\/wp\/v2\/users\/2"}],"replies":[{"embeddable":true,"href":"https:\/\/www.europesays.com\/fr\/wp-json\/wp\/v2\/comments?post=516855"}],"version-history":[{"count":0,"href":"https:\/\/www.europesays.com\/fr\/wp-json\/wp\/v2\/posts\/516855\/revisions"}],"wp:featuredmedia":[{"embeddable":true,"href":"https:\/\/www.europesays.com\/fr\/wp-json\/wp\/v2\/media\/516856"}],"wp:attachment":[{"href":"https:\/\/www.europesays.com\/fr\/wp-json\/wp\/v2\/media?parent=516855"}],"wp:term":[{"taxonomy":"category","embeddable":true,"href":"https:\/\/www.europesays.com\/fr\/wp-json\/wp\/v2\/categories?post=516855"},{"taxonomy":"post_tag","embeddable":true,"href":"https:\/\/www.europesays.com\/fr\/wp-json\/wp\/v2\/tags?post=516855"}],"curies":[{"name":"wp","href":"https:\/\/api.w.org\/{rel}","templated":true}]}}