{"id":516857,"date":"2025-11-06T22:07:13","date_gmt":"2025-11-06T22:07:13","guid":{"rendered":"https:\/\/www.europesays.com\/fr\/516857\/"},"modified":"2025-11-06T22:07:13","modified_gmt":"2025-11-06T22:07:13","slug":"en-allemagne-un-couple-surpris-en-plein-acte-sexuel-a-140-km-h-sur-lautoroute","status":"publish","type":"post","link":"https:\/\/www.europesays.com\/fr\/516857\/","title":{"rendered":"En Allemagne, un couple surpris en plein acte sexuel \u00e0 140 km\/h sur l&rsquo;autoroute"},"content":{"rendered":"<p>            Par<br \/>\n        <strong><br \/>\n            <a href=\"https:\/\/actu.fr\/auteur\/briac-trebert\" title=\"Consulter tous les articles de Briac Tr\u00e9bert\" target=\"_blank\" rel=\"noopener\">Briac Tr\u00e9bert<\/a><br \/>\n        <\/strong><\/p>\n<p>        Publi\u00e9 le<\/p>\n<p>            6 nov. 2025 \u00e0 19h49        <\/p>\n<p>La voiture zigzaguait, rapporte la police, <a href=\"https:\/\/www.presseportal.de\/blaulicht\/pm\/11187\/6151566\" target=\"_blank\" rel=\"noopener\">dans un communiqu\u00e9<\/a>. D\u2019apr\u00e8s les t\u00e9moignages, elle a menac\u00e9 \u00e0 plusieurs reprises de quitter la route ce lundi 3 novembre 2025, d\u00e9taille le media <a href=\"https:\/\/www.spiegel.de\/panorama\/justiz\/a1-in-muenster-polizei-stoppt-paerchen-nach-sex-bei-tempo-140-a-b08e5229-c67c-4416-8884-26842dbb3ef1\" target=\"_blank\" rel=\"noopener\">Der Spiegel<\/a>. Un camion a m\u00eame d\u00fb se garer sur la bande d\u2019arr\u00eat d\u2019urgence. Et, lorsqu\u2019un t\u00e9moin a d\u00e9pass\u00e9 la Ford, il a finalement compris la raison de cette conduite inhabituelle\u2026<\/p>\n<p class=\" wall-content\">Un couple a \u00e9t\u00e9 interpell\u00e9 sur l\u2019autoroute A1 en <a href=\"https:\/\/actu.fr\/tag\/allemagne\" target=\"_blank\" rel=\"noopener\">Allemagne<\/a>, pr\u00e8s de M\u00fcnster (Rh\u00e9nanie-du-Nord-Westphalie, le Land le plus peupl\u00e9 d\u2019Allemagne), apr\u00e8s avoir \u00e9t\u00e9 surpris en plein \u00e9bat sexuel dans un v\u00e9hicule, alors que l\u2019homme conduisait.<\/p>\n<p>Le v\u00e9hicule roulait avec une \u00ab conduite incertaine \u00bb<\/p>\n<p class=\" wall-content\">\u00ab Le t\u00e9moin a d\u00e9crit une Ford roulant \u00e0 environ 140 km\/h \u00bb, \u00e9crivent les forces de l\u2019ordre. Les deux passagers, le conducteur de 37 ans et une femme de 33 ans, ont finalement \u00e9t\u00e9 stopp\u00e9s dans une station-service de M\u00fcnster o\u00f9 ils effectuaient un arr\u00eat.<\/p>\n<p class=\" wall-content\">L\u2019homme, de nationalit\u00e9 allemande, est poursuivi pour sa conduite dangereuse, d\u00e9taille la police locale, une infraction pour entrave dangereuse \u00e0 la circulation routi\u00e8re, dont la sanction peut aller jusqu\u2019\u00e0 cinq ans d\u2019emprisonnement, selon le Code p\u00e9nal allemand. Un risque \u00ab d\u2019une longue p\u00e9riode d\u2019abstinence obligatoire \u00bb, pr\u00e9f\u00e8re en sourire le m\u00e9dia <a href=\"https:\/\/www.bild.de\/regional\/nordrhein-westfalen\/verkehrsverstoss-auf-der-a1-paerchen-wird-im-auto-intim-bei-140-km-h-690afaa91d404fd31fc8a2ec\" target=\"_blank\" rel=\"noopener\">Bild<\/a>\u2026<\/p>\n<p class=\" wall-content\">Personnalisez votre actualit\u00e9 en ajoutant vos villes et m\u00e9dias en favori avec <a href=\"https:\/\/moncompte.actu.fr\" title=\"D\u00e9couvez Mon Actu\" rel=\"nofollow noopener\" data-trk=\"{&quot;cta&quot;:{&quot;action&quot;:&quot;https:\\\/\\\/moncompte.actu.fr&quot;,&quot;category&quot;:&quot;mon compte&quot;,&quot;from&quot;:&quot;article footer&quot;,&quot;name&quot;:&quot;Mon actu&quot;,&quot;type&quot;:&quot;cta&quot;}}\" target=\"_blank\">Mon Actu<\/a>.<\/p>\n","protected":false},"excerpt":{"rendered":"Par Briac Tr\u00e9bert Publi\u00e9 le 6 nov. 2025 \u00e0 19h49 La voiture zigzaguait, rapporte la police, dans un&hellip;\n","protected":false},"author":2,"featured_media":516858,"comment_status":"","ping_status":"","sticky":false,"template":"","format":"standard","meta":{"footnotes":""},"categories":[1587],"tags":[11,672,1804,1805,1803,1777,674,1801,1757,74,12,1802],"class_list":{"0":"post-516857","1":"post","2":"type-post","3":"status-publish","4":"format-standard","5":"has-post-thumbnail","7":"category-allemagne","8":"tag-actualites","9":"tag-allemagne","10":"tag-bundesrepublik-deutschland","11":"tag-de","12":"tag-deutschland","13":"tag-eu","14":"tag-europe","15":"tag-germany","16":"tag-insolite","17":"tag-monde","18":"tag-news","19":"tag-republique-federale-dallemagne"},"share_on_mastodon":{"url":"https:\/\/pubeurope.com\/@fr\/115505033641125516","error":""},"_links":{"self":[{"href":"https:\/\/www.europesays.com\/fr\/wp-json\/wp\/v2\/posts\/516857","targetHints":{"allow":["GET"]}}],"collection":[{"href":"https:\/\/www.europesays.com\/fr\/wp-json\/wp\/v2\/posts"}],"about":[{"href":"https:\/\/www.europesays.com\/fr\/wp-json\/wp\/v2\/types\/post"}],"author":[{"embeddable":true,"href":"https:\/\/www.europesays.com\/fr\/wp-json\/wp\/v2\/users\/2"}],"replies":[{"embeddable":true,"href":"https:\/\/www.europesays.com\/fr\/wp-json\/wp\/v2\/comments?post=516857"}],"version-history":[{"count":0,"href":"https:\/\/www.europesays.com\/fr\/wp-json\/wp\/v2\/posts\/516857\/revisions"}],"wp:featuredmedia":[{"embeddable":true,"href":"https:\/\/www.europesays.com\/fr\/wp-json\/wp\/v2\/media\/516858"}],"wp:attachment":[{"href":"https:\/\/www.europesays.com\/fr\/wp-json\/wp\/v2\/media?parent=516857"}],"wp:term":[{"taxonomy":"category","embeddable":true,"href":"https:\/\/www.europesays.com\/fr\/wp-json\/wp\/v2\/categories?post=516857"},{"taxonomy":"post_tag","embeddable":true,"href":"https:\/\/www.europesays.com\/fr\/wp-json\/wp\/v2\/tags?post=516857"}],"curies":[{"name":"wp","href":"https:\/\/api.w.org\/{rel}","templated":true}]}}