{"id":516859,"date":"2025-11-06T22:08:25","date_gmt":"2025-11-06T22:08:25","guid":{"rendered":"https:\/\/www.europesays.com\/fr\/516859\/"},"modified":"2025-11-06T22:08:25","modified_gmt":"2025-11-06T22:08:25","slug":"pas-de-miracle-pour-lasvel-battue-par-les-champions-deurope","status":"publish","type":"post","link":"https:\/\/www.europesays.com\/fr\/516859\/","title":{"rendered":"pas de miracle pour l\u2019Asvel, battue par les champions d\u2019Europe"},"content":{"rendered":"<p>\n    Lyon-Villeurbanne s\u2019est inclin\u00e9 sur le parquet du Fener ce jeudi, \u00e0 Istanbul, lors de la neuvi\u00e8me journ\u00e9e de l\u2019Euroligue.<\/p>\n<p class=\"fig-paragraph\">Jamais deux sans trois. Battue par l\u2019Etoile rouge (79-65) et fess\u00e9s par le Zalgiris (96-59) lors de ses deux derni\u00e8res sorties en Euroligue, l\u2019Asvel a de nouveau c\u00e9d\u00e9 sur le parquet de Fenerbah\u00e7e (81-67) ce jeudi, lors de la neuvi\u00e8me journ\u00e9e. Une Asvel toujours plus diminu\u00e9e (Harrison, De Colo, Heurtel, Jackson, Lighty, Ajin\u00e7a). Dans ces conditions, c\u2019est d\u00e9j\u00e0 beau d\u2019avoir vu la Green Team rester au contact jusque dans le troisi\u00e8me quart (45-39).<\/p>\n<p class=\"fig-paragraph\">Au petit trot, les champions d\u2019Europe sortants se sont d\u00e9tach\u00e9s par la suite (57-44, puis 59-48 fin 3e QT). Ils n\u2019ont gu\u00e8re \u00e9t\u00e9 inqui\u00e9t\u00e9s lors du quatri\u00e8me quart (68-52), m\u00eame si les visiteurs n\u2019ont jamais coul\u00e9 (81-67 score final). \u00c0 noter les 18 points d\u2019Armel Traor\u00e9, sorti\u2026 en boitant du c\u00f4t\u00e9 de la lanterne rouge au classement (2v-7d). Un nouveau p\u00e9pin en vue pour l\u2019Asvel\u00a0?<\/p>\n","protected":false},"excerpt":{"rendered":"Lyon-Villeurbanne s\u2019est inclin\u00e9 sur le parquet du Fener ce jeudi, \u00e0 Istanbul, lors de la neuvi\u00e8me journ\u00e9e de&hellip;\n","protected":false},"author":2,"featured_media":516860,"comment_status":"","ping_status":"","sticky":false,"template":"","format":"standard","meta":{"footnotes":""},"categories":[1586],"tags":[11,2190,1777,2183,674,1011,27,12,25],"class_list":{"0":"post-516859","1":"post","2":"type-post","3":"status-publish","4":"format-standard","5":"has-post-thumbnail","7":"category-europe","8":"tag-actualites","9":"tag-asvel","10":"tag-eu","11":"tag-euroligue","12":"tag-europe","13":"tag-fr","14":"tag-france","15":"tag-news","16":"tag-republique-francaise"},"share_on_mastodon":{"url":"https:\/\/pubeurope.com\/@fr\/115505037671081142","error":""},"_links":{"self":[{"href":"https:\/\/www.europesays.com\/fr\/wp-json\/wp\/v2\/posts\/516859","targetHints":{"allow":["GET"]}}],"collection":[{"href":"https:\/\/www.europesays.com\/fr\/wp-json\/wp\/v2\/posts"}],"about":[{"href":"https:\/\/www.europesays.com\/fr\/wp-json\/wp\/v2\/types\/post"}],"author":[{"embeddable":true,"href":"https:\/\/www.europesays.com\/fr\/wp-json\/wp\/v2\/users\/2"}],"replies":[{"embeddable":true,"href":"https:\/\/www.europesays.com\/fr\/wp-json\/wp\/v2\/comments?post=516859"}],"version-history":[{"count":0,"href":"https:\/\/www.europesays.com\/fr\/wp-json\/wp\/v2\/posts\/516859\/revisions"}],"wp:featuredmedia":[{"embeddable":true,"href":"https:\/\/www.europesays.com\/fr\/wp-json\/wp\/v2\/media\/516860"}],"wp:attachment":[{"href":"https:\/\/www.europesays.com\/fr\/wp-json\/wp\/v2\/media?parent=516859"}],"wp:term":[{"taxonomy":"category","embeddable":true,"href":"https:\/\/www.europesays.com\/fr\/wp-json\/wp\/v2\/categories?post=516859"},{"taxonomy":"post_tag","embeddable":true,"href":"https:\/\/www.europesays.com\/fr\/wp-json\/wp\/v2\/tags?post=516859"}],"curies":[{"name":"wp","href":"https:\/\/api.w.org\/{rel}","templated":true}]}}