{"id":516868,"date":"2025-11-06T22:15:13","date_gmt":"2025-11-06T22:15:13","guid":{"rendered":"https:\/\/www.europesays.com\/fr\/516868\/"},"modified":"2025-11-06T22:15:13","modified_gmt":"2025-11-06T22:15:13","slug":"le-sua-veut-afficher-un-autre-visage-a-lexterieur","status":"publish","type":"post","link":"https:\/\/www.europesays.com\/fr\/516868\/","title":{"rendered":"le SUA veut afficher un autre visage \u00e0 l\u2019ext\u00e9rieur"},"content":{"rendered":"<p>\u00ab\u00a0Si on veut grandir, cela passera par des victoires \u00e0 l\u2019ext\u00e9rieur\u00a0\u00bb, reconna\u00eet le capitaine Arnaud Duputs, de retour dans la peau d\u2019un titulaire apr\u00e8s \u00eatre entr\u00e9 en cours de match contre Dax. Un constat partag\u00e9 par Dave Ryan, l\u2019entra\u00eeneur des avants, qui va un peu plus loin dans la r\u00e9flexion. \u00ab\u00a0Si on veut \u00eatre une \u00e9quipe de haut de tableau, il faut encha\u00eener les performances, et c\u2019est ce que l\u2019on cherche.\u00a0\u00bb<\/p>\n<p>Pour ce faire, l\u2019encadrement agenais a opt\u00e9 pour un groupe moins exp\u00e9rimental qu\u2019\u00e0 Valence. Une \u00e9quipe avec \u00ab\u00a0un peu plus de consistance\u00a0\u00bb, dixit l\u2019Irlandais, et un banc tr\u00e8s solide. Ce qui ne sera pas de trop pour viser un second succ\u00e8s hors d\u2019Armandie. D\u2019autant que les Biarrots surfent sur une belle dynamique de deux victoires (20-21 \u00e0 Angoul\u00eame, 35-13 contre le Stade Montois) et un nul (23-23 \u00e0 Carcassonne).<\/p>\n<p>Savoir placer le curseur<\/p>\n<p>Sur la pelouse d\u2019Aguilera, les Agenais vont devoir <a href=\"https:\/\/www.sudouest.fr\/lot-et-garonne\/agen\/rugby-pro-d2-battu-par-le-leader-colomiers-un-su-agen-imprecis-rentre-dans-le-rang-26194108.php#:~:text=Sans%20avoir%20le%20sentiment%20d,sur%20la%20pelouse%20de%20Colomiers.\" target=\"_blank\" rel=\"follow nofollow noopener\">\u00e9viter de distribuer les cadeaux<\/a> &#8211; comme \u00e0 Colomiers &#8211; et faire preuve de constance dans l\u2019effort et l\u2019intensit\u00e9, pour ne pas revivre la seconde mi-temps de Valence. Aussi &#8211; et surtout &#8211; ils vont devoir soigner leur indiscipline.<\/p>\n","protected":false},"excerpt":{"rendered":"\u00ab\u00a0Si on veut grandir, cela passera par des victoires \u00e0 l\u2019ext\u00e9rieur\u00a0\u00bb, reconna\u00eet le capitaine Arnaud Duputs, de retour&hellip;\n","protected":false},"author":2,"featured_media":516869,"comment_status":"","ping_status":"","sticky":false,"template":"","format":"standard","meta":{"footnotes":""},"categories":[1416],"tags":[1011,27,479,1468,60],"class_list":{"0":"post-516868","1":"post","2":"type-post","3":"status-publish","4":"format-standard","5":"has-post-thumbnail","7":"category-rugby","8":"tag-fr","9":"tag-france","10":"tag-rugby","11":"tag-rugby-football","12":"tag-sports"},"share_on_mastodon":{"url":"https:\/\/pubeurope.com\/@fr\/115505065153925758","error":""},"_links":{"self":[{"href":"https:\/\/www.europesays.com\/fr\/wp-json\/wp\/v2\/posts\/516868","targetHints":{"allow":["GET"]}}],"collection":[{"href":"https:\/\/www.europesays.com\/fr\/wp-json\/wp\/v2\/posts"}],"about":[{"href":"https:\/\/www.europesays.com\/fr\/wp-json\/wp\/v2\/types\/post"}],"author":[{"embeddable":true,"href":"https:\/\/www.europesays.com\/fr\/wp-json\/wp\/v2\/users\/2"}],"replies":[{"embeddable":true,"href":"https:\/\/www.europesays.com\/fr\/wp-json\/wp\/v2\/comments?post=516868"}],"version-history":[{"count":0,"href":"https:\/\/www.europesays.com\/fr\/wp-json\/wp\/v2\/posts\/516868\/revisions"}],"wp:featuredmedia":[{"embeddable":true,"href":"https:\/\/www.europesays.com\/fr\/wp-json\/wp\/v2\/media\/516869"}],"wp:attachment":[{"href":"https:\/\/www.europesays.com\/fr\/wp-json\/wp\/v2\/media?parent=516868"}],"wp:term":[{"taxonomy":"category","embeddable":true,"href":"https:\/\/www.europesays.com\/fr\/wp-json\/wp\/v2\/categories?post=516868"},{"taxonomy":"post_tag","embeddable":true,"href":"https:\/\/www.europesays.com\/fr\/wp-json\/wp\/v2\/tags?post=516868"}],"curies":[{"name":"wp","href":"https:\/\/api.w.org\/{rel}","templated":true}]}}