{"id":51688,"date":"2025-04-25T12:02:14","date_gmt":"2025-04-25T12:02:14","guid":{"rendered":"https:\/\/www.europesays.com\/fr\/51688\/"},"modified":"2025-04-25T12:02:14","modified_gmt":"2025-04-25T12:02:14","slug":"lallemagne-donne-un-coup-daccelerateur-avec-marvel","status":"publish","type":"post","link":"https:\/\/www.europesays.com\/fr\/51688\/","title":{"rendered":"l&rsquo;Allemagne donne un coup d&rsquo;acc\u00e9l\u00e9rateur avec Marvel"},"content":{"rendered":"<p>Contrairement \u00e0 ce que l&rsquo;on pourrait croire, l&rsquo;Allemagne n&rsquo;a pas totalement tourn\u00e9 le dos au nucl\u00e9aire. Si Berlin a dit adieu \u00e0 ses derni\u00e8res centrales\u00a0 en activit\u00e9 il y a bient\u00f4t deux ans, l&rsquo;histoire allemande de l&rsquo;atome civil n&rsquo;est pas finie, loin de l\u00e0. En effet, si le gouvernement f\u00e9d\u00e9ral a d\u00e9cid\u00e9 de cesser\u00a0l&rsquo;exploitation de la fission nucl\u00e9aire, le pays met le paquet sur la fusion nucl\u00e9aire.<\/p>\n<p>Outre un \u00e9cosyst\u00e8me de recherche consacr\u00e9 \u00e0 cette technologie de rupture parmi les plus importants du Vieux Continent, soutenu \u00e0 hauteur de plusieurs centaines de millions d&rsquo;euros chaque ann\u00e9e (soit bien plus qu&rsquo;en France), Berlin entend aussi s&rsquo;illustrer sur le plan industriel et mise, entre autres, sur la start-up Marvel Fusion.<\/p>\n<p>Laquelle vient d&rsquo;annoncer la finalisation d&rsquo;un nouveau tour de table de 113 millions d&rsquo;euros, portant la totalit\u00e9 des montants lev\u00e9s depuis sa cr\u00e9ation, en 2019, \u00e0 385 millions d&rsquo;euros, dont 170 millions d&rsquo;euros sous forme d&rsquo;investissements priv\u00e9s et 215 millions d&rsquo;euros sous forme de projets de coop\u00e9ration publique. \u00ab Ce qui fait de Marvel Fusion la soci\u00e9t\u00e9 europ\u00e9enne de fusion la mieux financ\u00e9e \u00bb, se targuent ses fondateurs dans un communiqu\u00e9 de presse.<\/p>\n","protected":false},"excerpt":{"rendered":"Contrairement \u00e0 ce que l&rsquo;on pourrait croire, l&rsquo;Allemagne n&rsquo;a pas totalement tourn\u00e9 le dos au nucl\u00e9aire. Si Berlin&hellip;\n","protected":false},"author":2,"featured_media":51689,"comment_status":"","ping_status":"","sticky":false,"template":"","format":"standard","meta":{"footnotes":""},"categories":[1587],"tags":[17,11,672,3396,1804,1129,3952,14476,1805,1803,7687,1777,674,14475,1801,3442,12,5654,1802],"class_list":{"0":"post-51688","1":"post","2":"type-post","3":"status-publish","4":"format-standard","5":"has-post-thumbnail","7":"category-allemagne","8":"tag-17","9":"tag-actualites","10":"tag-allemagne","11":"tag-avec","12":"tag-bundesrepublik-deutschland","13":"tag-climat","14":"tag-coup","15":"tag-daccelerateur","16":"tag-de","17":"tag-deutschland","18":"tag-donne","19":"tag-eu","20":"tag-europe","21":"tag-fusion","22":"tag-germany","23":"tag-lallemagne","24":"tag-news","25":"tag-nucleaire","26":"tag-republique-federale-dallemagne"},"share_on_mastodon":{"url":"https:\/\/pubeurope.com\/@fr\/114398504303672864","error":""},"_links":{"self":[{"href":"https:\/\/www.europesays.com\/fr\/wp-json\/wp\/v2\/posts\/51688","targetHints":{"allow":["GET"]}}],"collection":[{"href":"https:\/\/www.europesays.com\/fr\/wp-json\/wp\/v2\/posts"}],"about":[{"href":"https:\/\/www.europesays.com\/fr\/wp-json\/wp\/v2\/types\/post"}],"author":[{"embeddable":true,"href":"https:\/\/www.europesays.com\/fr\/wp-json\/wp\/v2\/users\/2"}],"replies":[{"embeddable":true,"href":"https:\/\/www.europesays.com\/fr\/wp-json\/wp\/v2\/comments?post=51688"}],"version-history":[{"count":0,"href":"https:\/\/www.europesays.com\/fr\/wp-json\/wp\/v2\/posts\/51688\/revisions"}],"wp:featuredmedia":[{"embeddable":true,"href":"https:\/\/www.europesays.com\/fr\/wp-json\/wp\/v2\/media\/51689"}],"wp:attachment":[{"href":"https:\/\/www.europesays.com\/fr\/wp-json\/wp\/v2\/media?parent=51688"}],"wp:term":[{"taxonomy":"category","embeddable":true,"href":"https:\/\/www.europesays.com\/fr\/wp-json\/wp\/v2\/categories?post=51688"},{"taxonomy":"post_tag","embeddable":true,"href":"https:\/\/www.europesays.com\/fr\/wp-json\/wp\/v2\/tags?post=51688"}],"curies":[{"name":"wp","href":"https:\/\/api.w.org\/{rel}","templated":true}]}}