{"id":516880,"date":"2025-11-06T22:25:21","date_gmt":"2025-11-06T22:25:21","guid":{"rendered":"https:\/\/www.europesays.com\/fr\/516880\/"},"modified":"2025-11-06T22:25:21","modified_gmt":"2025-11-06T22:25:21","slug":"christine-bravo-devient-chroniqueuse-dans-tout-beau-tout-neuf-cyril-hanouna-tres-heureux-de-laccueillir-dans-lemission-video","status":"publish","type":"post","link":"https:\/\/www.europesays.com\/fr\/516880\/","title":{"rendered":"Christine Bravo devient chroniqueuse dans Tout beau tout neuf ! Cyril Hanouna tr\u00e8s heureux de l&rsquo;accueillir dans l&rsquo;\u00e9mission (VIDEO)"},"content":{"rendered":"<p>Depuis le 1er septembre, Cyril Hanouna a pris les commandes de Tout beau, tout neuf sur W9. L&rsquo;animateur a choisi de s&rsquo;entourer d&rsquo;une toute nouvelle bande de chroniqueurs pour cette nouvelle aventure. S&rsquo;il a r\u00e9uni des visages bien connus des t\u00e9l\u00e9spectateurs de C8 comme <a href=\"https:\/\/www.programme-tv.net\/biographie\/75560-maillet-geraldine\/\" data-link-people=\"ed551d46-8ab0-4c95-99cb-6e679875e24c\" target=\"_blank\" rel=\"noopener\">G\u00e9raldine Maillet<\/a>, <a href=\"https:\/\/www.programme-tv.net\/biographie\/9864-benaim-valerie\/\" data-link-people=\"94df6d69-972b-4696-b537-3e0e6060c661\" target=\"_blank\" rel=\"noopener\">Val\u00e9rie Bena\u00efm<\/a>, <a href=\"https:\/\/www.programme-tv.net\/biographie\/353826-aabou-raymond\/\" data-link-people=\"381d09a0-8e53-4bfa-a321-64592296fc0b\" target=\"_blank\" rel=\"noopener\">Raymond Aabou<\/a> ou <a href=\"https:\/\/www.programme-tv.net\/biographie\/84416-morini-bosc-isabelle\/\" data-link-people=\"e8d536d5-4a98-4aec-aee8-0871e1551f3a\" target=\"_blank\" rel=\"noopener\">Isabelle Morini-Bosc<\/a>, il a \u00e9galement fait appel \u00e0 quelques nouvelles t\u00eates, comme <a href=\"https:\/\/www.programme-tv.net\/biographie\/4051101-loustau-shana\/\" data-link-people=\"b34c9ee9-ecb6-4890-93da-db3023df7f3d\" target=\"_blank\" rel=\"noopener\">Shana Loustau<\/a>, transfuge de CNews, ou Nawarra. Ils ont \u00e9t\u00e9 rejoints, depuis le d\u00e9but de la saison, par <a href=\"https:\/\/www.programme-tv.net\/biographie\/48590-delormeau-matthieu\/\" data-link-people=\"4a7b875f-0ef8-4ac7-bbb6-8282fef8c354\" target=\"_blank\" rel=\"noopener\">Matthieu Delormeau<\/a> qui a fait son grand retour \u00e0 la t\u00e9l\u00e9vision, mais aussi<a href=\"https:\/\/www.programme-tv.net\/news\/tv\/390592-tout-beau-tout-neuf-une-nouvelle-chroniqueuse-remplace-isabelle-morini-bosc-dans-l-emission-de-cyril-hanouna-et-ce-n-est-pas-une-inconnue-pour-les-fans-de-tpmp\/\" data-api-deeplink=\"teleloisirs:\/\/news\/390592\" target=\"_blank\" rel=\"noopener\"> Fiona Deshayes<\/a> ou <a href=\"https:\/\/www.programme-tv.net\/news\/tv\/387815-qui-est-ad-laurent-le-nouveau-chroniqueur-de-cyril-hanouna-dans-tout-beau-tout-neuf\/\" data-api-deeplink=\"teleloisirs:\/\/news\/387815\" target=\"_blank\" rel=\"noopener\">AD Laurent<\/a>. Mais ce mardi 4 octobre, Cyril Hanouna a teas\u00e9 l&rsquo;arriv\u00e9e prochaine d&rsquo;une nouvelle chroniqueuse sur le plateau. \u00ab\u00a0Je vais trahir un secret ce soir. Il y a une future chroniqueuse qui r\u00e9agit en direct. Une future chroniqueuse qui va venir nous rejoindre prochainement\u00a0\u00bb, a-t-il annonc\u00e9 sans livrer son nom.<\/p>\n<p>                        Christine Bravo fait part de sa joie de rejoindre la bande de Tout beau, tout neuf<\/p>\n<p>En octobre dernier, Christine Bravo avait fait forte impression sur le plateau de l&rsquo;\u00e9mission, donnant son avis cash sur la t\u00e9l\u00e9vision actuelle.<a href=\"https:\/\/www.programme-tv.net\/news\/tv\/389996-il-y-a-des-gens-dans-cette-equipe-christine-bravo-bientot-chroniqueuse-dans-tout-beau-tout-neuf-sa-reponse-qui-en-dit-long\/\" data-api-deeplink=\"teleloisirs:\/\/news\/389996\" target=\"_blank\" rel=\"noopener\"> Gilles Verdez et Val\u00e9rie Bena\u00efm lui avaient alors demand\u00e9 si elle aimerait rejoindre Tout beau, tout neuf en tant que chroniqueuse<\/a>. \u00ab\u00a0Vous avez raison, si je vivais \u00e0 Paris, je le ferais avec beaucoup de plaisir\u00a0\u00bb, avait-elle bott\u00e9 en touche.<a href=\"https:\/\/www.programme-tv.net\/news\/tv\/390092-christine-bravo-cash-sur-cyril-hanouna-elle-reagit-aux-allusions-de-gilles-verdez-et-de-geraldine-maillet-concernant-son-arrivee-dans-la-bande-de-tout-beau-tout-neuf\/\" data-api-deeplink=\"teleloisirs:\/\/news\/390092\" target=\"_blank\" rel=\"noopener\"> Le lendemain, elle avait reconnu sur Instagram que cette proposition pourrait bien la tenter<\/a>. \u00ab\u00a0Vous savez comme moi qu\u2019il n\u2019y a plus de r\u00e9el espace de libert\u00e9 \u00e0 la t\u00e9l\u00e9vision, contrairement \u00e0 mon \u00e9poque. Il se trouve que quoiqu\u2019on pense de Cyril Hanouna, son programme reste une exception dans le paysage audiovisuel aseptis\u00e9 que nous subissons\u00a0\u00bb, avait-elle rappel\u00e9. Avant de conclure : \u00ab\u00a0Alors qui sait\u00a0\u00bb. Ce jeudi 6 novembre, Cyril Hanouna a appel\u00e9 en direct la complice de <a href=\"https:\/\/www.programme-tv.net\/biographie\/534-ruquier-laurent\/\" data-link-people=\"dd4ff7d1-a72b-4b67-a7ba-3f07ccd164cd\" target=\"_blank\" rel=\"noopener\">Laurent Ruquier<\/a> pour confirmer son arriv\u00e9e autour de la table de Tout beau, tout neuf. \u00ab\u00a0<b>Pour moi, c&rsquo;est un cadeau immense parce qu&rsquo;elle sait que je l&rsquo;aime. C&rsquo;est Christine Bravo qui est avec nous\u00a0\u00bb<\/b>, a-t-il lanc\u00e9. Celle-ci a indiqu\u00e9 qu&rsquo;elle \u00e9tait \u00ab\u00a0tr\u00e8s honor\u00e9e\u00a0\u00bb d&rsquo;int\u00e9grer \u00ab\u00a0une \u00e9mission en direct o\u00f9 la parole est libre\u00a0\u00bb. <b>\u00ab\u00a0J&rsquo;ai bas\u00e9 toute ma carri\u00e8re t\u00e9l\u00e9visuelle sur la libert\u00e9 et l&rsquo;irr\u00e9v\u00e9rence et chez vous, je vais renfiler mes chaussons\u00a0\u00bb,<\/b> s&rsquo;est-elle r\u00e9jouie. \u00ab\u00a0Christine, elle a un avis sur tout et elle conna\u00eet tout\u00a0\u00bb, a soulign\u00e9 Cyril Hanouna.<\/p>\n<p>            Christine Bravo avait \u00e9voqu\u00e9 sa petite retraite dans Tout beau, tout neuf<\/p>\n<p><a href=\"https:\/\/www.programme-tv.net\/news\/people\/389993-je-n-ai-pas-une-grosse-retraite-christine-bravo-fait-des-revelations-sur-ses-finances-sur-le-plateau-de-tout-beau-tout-neuf\/\" data-api-deeplink=\"teleloisirs:\/\/news\/389993\" target=\"_blank\" rel=\"noopener\">Tr\u00e8s cash, Christine Bravo avait \u00e9voqu\u00e9 sans langue de bois sa maigre retraite sur le plateau de Cyril Hanouna.<\/a> \u00ab\u00a0J&rsquo;ai gard\u00e9 un patrimoine, mais si je n&rsquo;avais pas investi dans la pierre il y a trente ans&#8230; Je serais \u00e0 la ramasse\u00a0\u00bb, avait-elle reconnu. Elle en avait profit\u00e9 pour faire un constat amer sur la t\u00e9l\u00e9vision actuelle. \u00ab\u00a0J&rsquo;ai tr\u00e8s bien gagn\u00e9 ma vie. \u00c0 l\u2019\u00e9poque, on gagnait un fric monstre \u00e0 la t\u00e9l\u00e9. Maintenant, c&rsquo;est devenu tr\u00e8s dur\u00a0\u00bb, avait-elle d\u00e9plor\u00e9.<\/p>\n","protected":false},"excerpt":{"rendered":"Depuis le 1er septembre, Cyril Hanouna a pris les commandes de Tout beau, tout neuf sur W9. L&rsquo;animateur&hellip;\n","protected":false},"author":2,"featured_media":516881,"comment_status":"","ping_status":"","sticky":false,"template":"","format":"standard","meta":{"footnotes":""},"categories":[1356],"tags":[31049,244,1083,58,59,1011,27,252,22497,49534,1364,2395],"class_list":{"0":"post-516880","1":"post","2":"type-post","3":"status-publish","4":"format-standard","5":"has-post-thumbnail","7":"category-television","8":"tag-christine-bravo","9":"tag-commentaire","10":"tag-cyril-hanouna","11":"tag-divertissement","12":"tag-entertainment","13":"tag-fr","14":"tag-france","15":"tag-television","16":"tag-tout-beau","17":"tag-tout-n9uf","18":"tag-tv","19":"tag-w9"},"share_on_mastodon":{"url":"https:\/\/pubeurope.com\/@fr\/115505104528965404","error":""},"_links":{"self":[{"href":"https:\/\/www.europesays.com\/fr\/wp-json\/wp\/v2\/posts\/516880","targetHints":{"allow":["GET"]}}],"collection":[{"href":"https:\/\/www.europesays.com\/fr\/wp-json\/wp\/v2\/posts"}],"about":[{"href":"https:\/\/www.europesays.com\/fr\/wp-json\/wp\/v2\/types\/post"}],"author":[{"embeddable":true,"href":"https:\/\/www.europesays.com\/fr\/wp-json\/wp\/v2\/users\/2"}],"replies":[{"embeddable":true,"href":"https:\/\/www.europesays.com\/fr\/wp-json\/wp\/v2\/comments?post=516880"}],"version-history":[{"count":0,"href":"https:\/\/www.europesays.com\/fr\/wp-json\/wp\/v2\/posts\/516880\/revisions"}],"wp:featuredmedia":[{"embeddable":true,"href":"https:\/\/www.europesays.com\/fr\/wp-json\/wp\/v2\/media\/516881"}],"wp:attachment":[{"href":"https:\/\/www.europesays.com\/fr\/wp-json\/wp\/v2\/media?parent=516880"}],"wp:term":[{"taxonomy":"category","embeddable":true,"href":"https:\/\/www.europesays.com\/fr\/wp-json\/wp\/v2\/categories?post=516880"},{"taxonomy":"post_tag","embeddable":true,"href":"https:\/\/www.europesays.com\/fr\/wp-json\/wp\/v2\/tags?post=516880"}],"curies":[{"name":"wp","href":"https:\/\/api.w.org\/{rel}","templated":true}]}}