{"id":516890,"date":"2025-11-06T22:30:18","date_gmt":"2025-11-06T22:30:18","guid":{"rendered":"https:\/\/www.europesays.com\/fr\/516890\/"},"modified":"2025-11-06T22:30:18","modified_gmt":"2025-11-06T22:30:18","slug":"lacademie-francaise-connait-le-nom-de-ses-deux-nouveaux-pensionnaires","status":"publish","type":"post","link":"https:\/\/www.europesays.com\/fr\/516890\/","title":{"rendered":"L\u2019Acad\u00e9mie fran\u00e7aise conna\u00eet le nom de ses deux nouveaux pensionnaires"},"content":{"rendered":"<p>        <img decoding=\"async\" loading=\"lazy\" src=\"https:\/\/www.europesays.com\/fr\/wp-content\/uploads\/2025\/11\/5fb8fd4_upload-1-d7u3rsjxo3yp-capture-da-a-cran-2025-11-06-202319.png\"  width=\"728\" height=\"409\" alt=\"Deux \u00e9crivains, Florian Zeller et Eric Neuhoff, ont \u00e9t\u00e9 \u00e9lus ce jeudi 6\u00a0novembre \u00e0 l\u2019Acad\u00e9mie fran\u00e7aise.\"\/>  <\/p>\n<p>Photo de Pascal Le Segretain\/Getty Images\/ AFP \/\/ Photo de Ulf Andersen \/ Aurimages via AFP<\/p>\n<p>Deux \u00e9crivains, Florian Zeller et Eric Neuhoff, ont \u00e9t\u00e9 \u00e9lus ce jeudi 6\u00a0novembre \u00e0 l\u2019Acad\u00e9mie fran\u00e7aise.<\/p>\n<p class=\"asset asset-text\">CULTURE &#8211; Ils int\u00e8grent le Panth\u00e9on de la<a href=\"https:\/\/www.huffingtonpost.fr\/culture\/article\/nathacha-appanah-obtient-le-prix-femina-2025-pour-son-roman-la-nuit-au-c-ur_256710.html\" target=\"_blank\" rel=\"noopener\"> litt\u00e9rature<\/a>. Deux \u00e9crivains, Florian Zeller et \u00c9ric Neuhoff, ont \u00e9t\u00e9 \u00e9lus ce jeudi 6\u00a0novembre \u00e0 l\u2019<a href=\"https:\/\/www.huffingtonpost.fr\/culture\/article\/pour-integrer-mario-vargas-llosa-l-academie-francaise-avait-contourne-plusieurs-regles_248773.html\" target=\"_blank\" rel=\"noopener\">Acad\u00e9mie fran\u00e7aise<\/a> dans les fauteuils d\u2019<a href=\"https:\/\/www.huffingtonpost.fr\/culture\/article\/mort-de-l-historienne-helene-carrere-d-encausse-premiere-femme-a-la-tete-de-l-academie-francaise_221478.html\" target=\"_blank\" rel=\"noopener\">H\u00e9l\u00e8ne Carr\u00e8re\u00a0d\u2019Encausse<\/a> et de Gabriel de\u00a0Broglie.<\/p>\n<p class=\"asset asset-text\">Les 25 acad\u00e9miciens ayant particip\u00e9 au vote ont \u00e9lu au premier tour Florian Zeller, 46\u00a0ans, avec 23 voix, a annonc\u00e9 l\u2019Acad\u00e9mie. Il est auteur de pi\u00e8ces de th\u00e9\u00e2tre, dont la trilogie\u00a0Le p\u00e8re, La m\u00e8re\u00a0et\u00a0Le fils, qu\u2019il a en partie adapt\u00e9e au cin\u00e9ma. Il a \u00e9galement publi\u00e9 cinq romans, dont Neiges artificielles et\u00a0La jouissance.<\/p>\n<p class=\"asset asset-text\">Florian Zeller remplace l\u2019historienne H\u00e9l\u00e8ne Carr\u00e8re\u00a0d\u2019Encausse, qui a \u00e9t\u00e9 secr\u00e9taire perp\u00e9tuel de l\u2019Acad\u00e9mie fran\u00e7aise jusqu\u2019\u00e0 son d\u00e9c\u00e8s le 5\u00a0ao\u00fbt\u00a02023.<\/p>\n<p>    35 membres sur les 40 fauteuils d\u2019\u00ab\u00a0immortels\u00a0\u00bb    <\/p>\n<p class=\"asset asset-text\">\u00c9ric Neuhoff, 69\u00a0ans, qui est critique de cin\u00e9ma au Figaro, a \u00e9t\u00e9 \u00e9galement \u00e9lu au premier tour avec 12 voix. Il a publi\u00e9 de nombreux ouvrages, dont\u00a0Barbe \u00e0 papa, La petite Fran\u00e7aise ou Un bien fou. Il prend la place du haut fonctionnaire et essayiste Gabriel de\u00a0Broglie, d\u00e9c\u00e9d\u00e9 le 8\u00a0janvier\u00a02025.<\/p>\n<p class=\"asset asset-text\">Avec ces deux entrants, l\u2019Acad\u00e9mie va compter 35 membres sur les 40 fauteuils d\u2019\u00ab\u00a0immortels\u00a0\u00bb. Un poste, celui de Jean-Denis Bredin, est vacant tandis que la vacance n\u2019a pas \u00e9t\u00e9 encore annonc\u00e9e pour quatre autres si\u00e8ges.<\/p>\n<p class=\"asset asset-text\">Fond\u00e9e en 1635 par Richelieu, l\u2019Acad\u00e9mie a comme mission de \u00ab\u00a0donner des r\u00e8gles certaines \u00e0 notre langue et \u00e0 la rendre pure, \u00e9loquente et capable de traiter les arts et les sciences\u00a0\u00bb.\u00a0Elle r\u00e9dige un dictionnaire et se prononce sur des r\u00e8gles orthographiques.<\/p>\n<p class=\"asset asset-text\">Tout nouvel acad\u00e9micien re\u00e7oit une \u00e9p\u00e9e et un habit de drap bleu fonc\u00e9 ou noir, brod\u00e9 de rameaux d\u2019olivier vert et or.<\/p>\n","protected":false},"excerpt":{"rendered":"Photo de Pascal Le Segretain\/Getty Images\/ AFP \/\/ Photo de Ulf Andersen \/ Aurimages via AFP Deux \u00e9crivains,&hellip;\n","protected":false},"author":2,"featured_media":516891,"comment_status":"","ping_status":"","sticky":false,"template":"","format":"standard","meta":{"footnotes":""},"categories":[8],"tags":[31397,251,58,59,1011,27,639,63741],"class_list":{"0":"post-516890","1":"post","2":"type-post","3":"status-publish","4":"format-standard","5":"has-post-thumbnail","7":"category-divertissement","8":"tag-academie-francaise","9":"tag-culture","10":"tag-divertissement","11":"tag-entertainment","12":"tag-fr","13":"tag-france","14":"tag-le-figaro","15":"tag-litterature-francaise"},"share_on_mastodon":{"url":"https:\/\/pubeurope.com\/@fr\/115505124673253256","error":""},"_links":{"self":[{"href":"https:\/\/www.europesays.com\/fr\/wp-json\/wp\/v2\/posts\/516890","targetHints":{"allow":["GET"]}}],"collection":[{"href":"https:\/\/www.europesays.com\/fr\/wp-json\/wp\/v2\/posts"}],"about":[{"href":"https:\/\/www.europesays.com\/fr\/wp-json\/wp\/v2\/types\/post"}],"author":[{"embeddable":true,"href":"https:\/\/www.europesays.com\/fr\/wp-json\/wp\/v2\/users\/2"}],"replies":[{"embeddable":true,"href":"https:\/\/www.europesays.com\/fr\/wp-json\/wp\/v2\/comments?post=516890"}],"version-history":[{"count":0,"href":"https:\/\/www.europesays.com\/fr\/wp-json\/wp\/v2\/posts\/516890\/revisions"}],"wp:featuredmedia":[{"embeddable":true,"href":"https:\/\/www.europesays.com\/fr\/wp-json\/wp\/v2\/media\/516891"}],"wp:attachment":[{"href":"https:\/\/www.europesays.com\/fr\/wp-json\/wp\/v2\/media?parent=516890"}],"wp:term":[{"taxonomy":"category","embeddable":true,"href":"https:\/\/www.europesays.com\/fr\/wp-json\/wp\/v2\/categories?post=516890"},{"taxonomy":"post_tag","embeddable":true,"href":"https:\/\/www.europesays.com\/fr\/wp-json\/wp\/v2\/tags?post=516890"}],"curies":[{"name":"wp","href":"https:\/\/api.w.org\/{rel}","templated":true}]}}